{"id":14475,"date":"2020-12-18T11:01:18","date_gmt":"2020-12-18T10:01:18","guid":{"rendered":"http:\/\/sp1.kielce.eu\/?p=14475"},"modified":"2021-07-01T23:46:51","modified_gmt":"2021-07-01T21:46:51","slug":"olimpiada-matematyczna-juniorow","status":"publish","type":"post","link":"https:\/\/sp1.kielce.eu\/index.php\/2020\/12\/18\/olimpiada-matematyczna-juniorow\/","title":{"rendered":"Olimpiada Matematyczna Junior\u00f3w"},"content":{"rendered":"\n<p>W XVI&nbsp; Olimpiadzie Matematycznej Junior\u00f3w<br>&nbsp;do zawod\u00f3w II stopnia zakwalifikowali si\u0119<br>&nbsp;nast\u0119puj\u0105cy &nbsp;uczniowie &nbsp;&nbsp;z naszej szko\u0142y:<\/p>\n\n\n\n<ol class=\"wp-block-list\" type=\"1\"><li>Graba Wojciech 8c<\/li><li>Piwko Dorota 8b<\/li><li>\u017bo\u0144ca Szymon 8a<\/li><\/ol>\n\n\n\n<p>\u00a0\u00a0\u00a0\u00a0 Gratulujemy \u00a0i\u00a0 \u017cyczymy dalszych sukces\u00f3w.<\/p>\n\n\n\n<p>Urszula Sodel<\/p>\n","protected":false},"excerpt":{"rendered":"<p>W XVI&nbsp; Olimpiadzie Matematycznej Junior\u00f3w&nbsp;do zawod\u00f3w II stopnia zakwalifikowali si\u0119&nbsp;nast\u0119puj\u0105cy &nbsp;uczniowie &nbsp;&nbsp;z naszej szko\u0142y: Graba [&hellip;]<\/p>\n","protected":false},"author":5,"featured_media":14476,"comment_status":"closed","ping_status":"open","sticky":false,"template":"","format":"standard","meta":{"footnotes":""},"categories":[36,10,21],"tags":[],"class_list":["post-14475","post","type-post","status-publish","format-standard","has-post-thumbnail","hentry","category-wydarzenia","category-konkursy-przedmiotowe","category-konkursy"],"_links":{"self":[{"href":"https:\/\/sp1.kielce.eu\/index.php\/wp-json\/wp\/v2\/posts\/14475","targetHints":{"allow":["GET"]}}],"collection":[{"href":"https:\/\/sp1.kielce.eu\/index.php\/wp-json\/wp\/v2\/posts"}],"about":[{"href":"https:\/\/sp1.kielce.eu\/index.php\/wp-json\/wp\/v2\/types\/post"}],"author":[{"embeddable":true,"href":"https:\/\/sp1.kielce.eu\/index.php\/wp-json\/wp\/v2\/users\/5"}],"replies":[{"embeddable":true,"href":"https:\/\/sp1.kielce.eu\/index.php\/wp-json\/wp\/v2\/comments?post=14475"}],"version-history":[{"count":1,"href":"https:\/\/sp1.kielce.eu\/index.php\/wp-json\/wp\/v2\/posts\/14475\/revisions"}],"predecessor-version":[{"id":14477,"href":"https:\/\/sp1.kielce.eu\/index.php\/wp-json\/wp\/v2\/posts\/14475\/revisions\/14477"}],"wp:featuredmedia":[{"embeddable":true,"href":"https:\/\/sp1.kielce.eu\/index.php\/wp-json\/wp\/v2\/media\/14476"}],"wp:attachment":[{"href":"https:\/\/sp1.kielce.eu\/index.php\/wp-json\/wp\/v2\/media?parent=14475"}],"wp:term":[{"taxonomy":"category","embeddable":true,"href":"https:\/\/sp1.kielce.eu\/index.php\/wp-json\/wp\/v2\/categories?post=14475"},{"taxonomy":"post_tag","embeddable":true,"href":"https:\/\/sp1.kielce.eu\/index.php\/wp-json\/wp\/v2\/tags?post=14475"}],"curies":[{"name":"wp","href":"https:\/\/api.w.org\/{rel}","templated":true}]}}