{"id":14410,"date":"2020-12-15T09:18:29","date_gmt":"2020-12-15T08:18:29","guid":{"rendered":"http:\/\/sp1.kielce.eu\/?p=14410"},"modified":"2020-12-15T09:18:29","modified_gmt":"2020-12-15T08:18:29","slug":"v-wojewodzki-konkurs-z-matematyki","status":"publish","type":"post","link":"https:\/\/sp1.kielce.eu\/index.php\/2020\/12\/15\/v-wojewodzki-konkurs-z-matematyki\/","title":{"rendered":"V Wojew\u00f3dzki Konkurs z Matematyki"},"content":{"rendered":"\n<p>W pierwszym etapie&nbsp; V Wojew\u00f3dzkiego Konkursu&nbsp; z Matematyki dla szk\u00f3\u0142 podstawowych&nbsp; wzi\u0119\u0142o udzia\u0142 32 uczni\u00f3w z naszej szko\u0142y.<br>&nbsp;&nbsp; &nbsp;Zadania by\u0142y trudne, wymaga\u0142y wyt\u0119\u017cenia umys\u0142u<br>&nbsp;i matematycznego my\u015blenia.<\/p>\n\n\n\n<p>Pomy\u015blnie do drugiego etapu przesz\u0142o czworo uczni\u00f3w:<\/p>\n\n\n\n<ol class=\"wp-block-list\" type=\"1\"><li>Barucha Katrzyna 8b<\/li><li>Be\u0144 Bianka 8c<\/li><li>Graba Wojciech 8c<\/li><li>\u017bo\u0144ca Szymon 8a<\/li><\/ol>\n\n\n\n<p>Gratulujemy i cieszymy si\u0119 z ich&nbsp; sukcesu.<\/p>\n\n\n\n<p>&nbsp;&nbsp;&nbsp;&nbsp;&nbsp;&nbsp;&nbsp;&nbsp;&nbsp;&nbsp;&nbsp;&nbsp;&nbsp;&nbsp;&nbsp;&nbsp;&nbsp;&nbsp;&nbsp;&nbsp;&nbsp;&nbsp;&nbsp;&nbsp;&nbsp;&nbsp;&nbsp;&nbsp;&nbsp;&nbsp;&nbsp;&nbsp;&nbsp;&nbsp;&nbsp;&nbsp;&nbsp;&nbsp;&nbsp;&nbsp;&nbsp;&nbsp;&nbsp;&nbsp;&nbsp;&nbsp;&nbsp;&nbsp;&nbsp;&nbsp;&nbsp;&nbsp;&nbsp;&nbsp;&nbsp;&nbsp;&nbsp;&nbsp;&nbsp;&nbsp;&nbsp;&nbsp; Urszula Sodel<\/p>\n","protected":false},"excerpt":{"rendered":"<p>W pierwszym etapie&nbsp; V Wojew\u00f3dzkiego Konkursu&nbsp; z Matematyki dla szk\u00f3\u0142 podstawowych&nbsp; wzi\u0119\u0142o udzia\u0142 32 uczni\u00f3w [&hellip;]<\/p>\n","protected":false},"author":5,"featured_media":14137,"comment_status":"closed","ping_status":"open","sticky":false,"template":"","format":"standard","meta":{"footnotes":""},"categories":[36],"tags":[],"class_list":["post-14410","post","type-post","status-publish","format-standard","has-post-thumbnail","hentry","category-wydarzenia"],"_links":{"self":[{"href":"https:\/\/sp1.kielce.eu\/index.php\/wp-json\/wp\/v2\/posts\/14410","targetHints":{"allow":["GET"]}}],"collection":[{"href":"https:\/\/sp1.kielce.eu\/index.php\/wp-json\/wp\/v2\/posts"}],"about":[{"href":"https:\/\/sp1.kielce.eu\/index.php\/wp-json\/wp\/v2\/types\/post"}],"author":[{"embeddable":true,"href":"https:\/\/sp1.kielce.eu\/index.php\/wp-json\/wp\/v2\/users\/5"}],"replies":[{"embeddable":true,"href":"https:\/\/sp1.kielce.eu\/index.php\/wp-json\/wp\/v2\/comments?post=14410"}],"version-history":[{"count":1,"href":"https:\/\/sp1.kielce.eu\/index.php\/wp-json\/wp\/v2\/posts\/14410\/revisions"}],"predecessor-version":[{"id":14411,"href":"https:\/\/sp1.kielce.eu\/index.php\/wp-json\/wp\/v2\/posts\/14410\/revisions\/14411"}],"wp:featuredmedia":[{"embeddable":true,"href":"https:\/\/sp1.kielce.eu\/index.php\/wp-json\/wp\/v2\/media\/14137"}],"wp:attachment":[{"href":"https:\/\/sp1.kielce.eu\/index.php\/wp-json\/wp\/v2\/media?parent=14410"}],"wp:term":[{"taxonomy":"category","embeddable":true,"href":"https:\/\/sp1.kielce.eu\/index.php\/wp-json\/wp\/v2\/categories?post=14410"},{"taxonomy":"post_tag","embeddable":true,"href":"https:\/\/sp1.kielce.eu\/index.php\/wp-json\/wp\/v2\/tags?post=14410"}],"curies":[{"name":"wp","href":"https:\/\/api.w.org\/{rel}","templated":true}]}}