{"id":14392,"date":"2020-12-14T21:53:03","date_gmt":"2020-12-14T20:53:03","guid":{"rendered":"http:\/\/sp1.kielce.eu\/?p=14392"},"modified":"2020-12-14T21:53:03","modified_gmt":"2020-12-14T20:53:03","slug":"rodzice-czytaja-nam-o-janie-pawle-ii","status":"publish","type":"post","link":"https:\/\/sp1.kielce.eu\/index.php\/2020\/12\/14\/rodzice-czytaja-nam-o-janie-pawle-ii\/","title":{"rendered":"RODZICE CZYTAJ\u0104 NAM O JANIE PAWLE II"},"content":{"rendered":"\n<p><strong>&nbsp;&nbsp;&nbsp;&nbsp;&nbsp;&nbsp;&nbsp;&nbsp;&nbsp;&nbsp;&nbsp; <\/strong>Dzi\u0119ki \u017cyczliwo\u015bci i&nbsp;zaanga\u017cowaniu Rodzic\u00f3w, uczniowie klas pierwszych, drugich i&nbsp;trzecich pog\u0142\u0119bili wiedz\u0119 i&nbsp;duchow\u0105 wi\u0119\u017a ze \u015bwi\u0119tym Janem Paw\u0142em&nbsp;II.<\/p>\n\n\n\n<p>Od swoich rodzic\u00f3w &#8211; dzieci us\u0142ysza\u0142y barwne opowiadania: <em>O&nbsp;tym, jak w&nbsp;ma\u0142ym miasteczku urodzi\u0142 si\u0119 ch\u0142opczyk; O&nbsp;tym, jak bramkarz strzeli\u0142 gola; O&nbsp;tym, jak Karol po raz pierwszy przyj\u0105\u0142 do serca Pana Jezusa.<\/em> Lektura ksi\u0105\u017cki Joanny Krzy\u017canek pt.&nbsp;\u201eJan Pawe\u0142 II czyli jak Karolek zosta\u0142 papie\u017cem\u201d wszystkim bardzo si\u0119 spodoba\u0142a, a&nbsp;zawarte w&nbsp;niej historie pozostan\u0105 na d\u0142ugo w&nbsp;naszej pami\u0119ci.<\/p>\n\n\n\n<p>Wsp\u00f3lne czytanie zorganizowano w&nbsp;ramach realizacji <em>Og\u00f3lnopolskiego Projektu &#8211; Dar na stulecie urodzin Jana Paw\u0142a&nbsp;II.<\/em><\/p>\n\n\n\n<p class=\"has-text-align-right\"><em>s. Faustyna Czajkowska<\/em><\/p>\n\n\n\n<figure class=\"wp-block-gallery columns-4 is-cropped wp-block-gallery-1 is-layout-flex wp-block-gallery-is-layout-flex\"><ul class=\"blocks-gallery-grid\"><li class=\"blocks-gallery-item\"><figure><a href=\"http:\/\/sp1.kielce.eu\/wp-content\/uploads\/2020\/12\/1a-Copy-3.jpg\"><img loading=\"lazy\" decoding=\"async\" width=\"1200\" height=\"793\" src=\"http:\/\/sp1.kielce.eu\/wp-content\/uploads\/2020\/12\/1a-Copy-3.jpg\" alt=\"\" data-id=\"14401\" data-full-url=\"http:\/\/sp1.kielce.eu\/wp-content\/uploads\/2020\/12\/1a-Copy-3.jpg\" data-link=\"http:\/\/sp1.kielce.eu\/?attachment_id=14401\" class=\"wp-image-14401\" srcset=\"https:\/\/sp1.kielce.eu\/wp-content\/uploads\/2020\/12\/1a-Copy-3.jpg 1200w, https:\/\/sp1.kielce.eu\/wp-content\/uploads\/2020\/12\/1a-Copy-3-300x198.jpg 300w, https:\/\/sp1.kielce.eu\/wp-content\/uploads\/2020\/12\/1a-Copy-3-768x508.jpg 768w, https:\/\/sp1.kielce.eu\/wp-content\/uploads\/2020\/12\/1a-Copy-3-820x542.jpg 820w\" sizes=\"auto, (max-width: 1200px) 100vw, 1200px\" \/><\/a><\/figure><\/li><li class=\"blocks-gallery-item\"><figure><a href=\"http:\/\/sp1.kielce.eu\/wp-content\/uploads\/2020\/12\/1b-Copy-1.jpg\"><img loading=\"lazy\" decoding=\"async\" width=\"1200\" height=\"785\" src=\"http:\/\/sp1.kielce.eu\/wp-content\/uploads\/2020\/12\/1b-Copy-1.jpg\" alt=\"\" data-id=\"14402\" data-full-url=\"http:\/\/sp1.kielce.eu\/wp-content\/uploads\/2020\/12\/1b-Copy-1.jpg\" data-link=\"http:\/\/sp1.kielce.eu\/?attachment_id=14402\" class=\"wp-image-14402\" srcset=\"https:\/\/sp1.kielce.eu\/wp-content\/uploads\/2020\/12\/1b-Copy-1.jpg 1200w, https:\/\/sp1.kielce.eu\/wp-content\/uploads\/2020\/12\/1b-Copy-1-300x196.jpg 300w, https:\/\/sp1.kielce.eu\/wp-content\/uploads\/2020\/12\/1b-Copy-1-768x502.jpg 768w, https:\/\/sp1.kielce.eu\/wp-content\/uploads\/2020\/12\/1b-Copy-1-820x536.jpg 820w\" sizes=\"auto, (max-width: 1200px) 100vw, 1200px\" \/><\/a><\/figure><\/li><li class=\"blocks-gallery-item\"><figure><a href=\"http:\/\/sp1.kielce.eu\/wp-content\/uploads\/2020\/12\/1c-Copy-3.jpg\"><img loading=\"lazy\" decoding=\"async\" width=\"1200\" height=\"761\" src=\"http:\/\/sp1.kielce.eu\/wp-content\/uploads\/2020\/12\/1c-Copy-3.jpg\" alt=\"\" data-id=\"14403\" data-full-url=\"http:\/\/sp1.kielce.eu\/wp-content\/uploads\/2020\/12\/1c-Copy-3.jpg\" data-link=\"http:\/\/sp1.kielce.eu\/?attachment_id=14403\" class=\"wp-image-14403\" srcset=\"https:\/\/sp1.kielce.eu\/wp-content\/uploads\/2020\/12\/1c-Copy-3.jpg 1200w, https:\/\/sp1.kielce.eu\/wp-content\/uploads\/2020\/12\/1c-Copy-3-300x190.jpg 300w, https:\/\/sp1.kielce.eu\/wp-content\/uploads\/2020\/12\/1c-Copy-3-768x487.jpg 768w, https:\/\/sp1.kielce.eu\/wp-content\/uploads\/2020\/12\/1c-Copy-3-820x520.jpg 820w\" sizes=\"auto, (max-width: 1200px) 100vw, 1200px\" \/><\/a><\/figure><\/li><li class=\"blocks-gallery-item\"><figure><a href=\"http:\/\/sp1.kielce.eu\/wp-content\/uploads\/2020\/12\/2a-Copy-1.jpg\"><img loading=\"lazy\" decoding=\"async\" width=\"1200\" height=\"765\" src=\"http:\/\/sp1.kielce.eu\/wp-content\/uploads\/2020\/12\/2a-Copy-1.jpg\" alt=\"\" data-id=\"14404\" data-full-url=\"http:\/\/sp1.kielce.eu\/wp-content\/uploads\/2020\/12\/2a-Copy-1.jpg\" data-link=\"http:\/\/sp1.kielce.eu\/?attachment_id=14404\" class=\"wp-image-14404\" srcset=\"https:\/\/sp1.kielce.eu\/wp-content\/uploads\/2020\/12\/2a-Copy-1.jpg 1200w, https:\/\/sp1.kielce.eu\/wp-content\/uploads\/2020\/12\/2a-Copy-1-300x191.jpg 300w, https:\/\/sp1.kielce.eu\/wp-content\/uploads\/2020\/12\/2a-Copy-1-768x490.jpg 768w, https:\/\/sp1.kielce.eu\/wp-content\/uploads\/2020\/12\/2a-Copy-1-820x523.jpg 820w\" sizes=\"auto, (max-width: 1200px) 100vw, 1200px\" \/><\/a><\/figure><\/li><li class=\"blocks-gallery-item\"><figure><a href=\"http:\/\/sp1.kielce.eu\/wp-content\/uploads\/2020\/12\/2b-Copy-1.jpg\"><img loading=\"lazy\" decoding=\"async\" width=\"1200\" height=\"774\" src=\"http:\/\/sp1.kielce.eu\/wp-content\/uploads\/2020\/12\/2b-Copy-1.jpg\" alt=\"\" data-id=\"14405\" data-full-url=\"http:\/\/sp1.kielce.eu\/wp-content\/uploads\/2020\/12\/2b-Copy-1.jpg\" data-link=\"http:\/\/sp1.kielce.eu\/?attachment_id=14405\" class=\"wp-image-14405\" srcset=\"https:\/\/sp1.kielce.eu\/wp-content\/uploads\/2020\/12\/2b-Copy-1.jpg 1200w, https:\/\/sp1.kielce.eu\/wp-content\/uploads\/2020\/12\/2b-Copy-1-300x194.jpg 300w, https:\/\/sp1.kielce.eu\/wp-content\/uploads\/2020\/12\/2b-Copy-1-768x495.jpg 768w, https:\/\/sp1.kielce.eu\/wp-content\/uploads\/2020\/12\/2b-Copy-1-820x529.jpg 820w\" sizes=\"auto, (max-width: 1200px) 100vw, 1200px\" \/><\/a><\/figure><\/li><li class=\"blocks-gallery-item\"><figure><a href=\"http:\/\/sp1.kielce.eu\/wp-content\/uploads\/2020\/12\/3a-Copy-1.jpg\"><img loading=\"lazy\" decoding=\"async\" width=\"1200\" height=\"654\" src=\"http:\/\/sp1.kielce.eu\/wp-content\/uploads\/2020\/12\/3a-Copy-1.jpg\" alt=\"\" data-id=\"14406\" data-full-url=\"http:\/\/sp1.kielce.eu\/wp-content\/uploads\/2020\/12\/3a-Copy-1.jpg\" data-link=\"http:\/\/sp1.kielce.eu\/?attachment_id=14406\" class=\"wp-image-14406\" srcset=\"https:\/\/sp1.kielce.eu\/wp-content\/uploads\/2020\/12\/3a-Copy-1.jpg 1200w, https:\/\/sp1.kielce.eu\/wp-content\/uploads\/2020\/12\/3a-Copy-1-300x164.jpg 300w, https:\/\/sp1.kielce.eu\/wp-content\/uploads\/2020\/12\/3a-Copy-1-768x419.jpg 768w, https:\/\/sp1.kielce.eu\/wp-content\/uploads\/2020\/12\/3a-Copy-1-820x447.jpg 820w\" sizes=\"auto, (max-width: 1200px) 100vw, 1200px\" \/><\/a><\/figure><\/li><li class=\"blocks-gallery-item\"><figure><a href=\"http:\/\/sp1.kielce.eu\/wp-content\/uploads\/2020\/12\/3b-Copy-1.jpg\"><img loading=\"lazy\" decoding=\"async\" width=\"1200\" height=\"771\" src=\"http:\/\/sp1.kielce.eu\/wp-content\/uploads\/2020\/12\/3b-Copy-1.jpg\" alt=\"\" data-id=\"14407\" data-full-url=\"http:\/\/sp1.kielce.eu\/wp-content\/uploads\/2020\/12\/3b-Copy-1.jpg\" data-link=\"http:\/\/sp1.kielce.eu\/?attachment_id=14407\" class=\"wp-image-14407\" srcset=\"https:\/\/sp1.kielce.eu\/wp-content\/uploads\/2020\/12\/3b-Copy-1.jpg 1200w, https:\/\/sp1.kielce.eu\/wp-content\/uploads\/2020\/12\/3b-Copy-1-300x193.jpg 300w, https:\/\/sp1.kielce.eu\/wp-content\/uploads\/2020\/12\/3b-Copy-1-768x493.jpg 768w, https:\/\/sp1.kielce.eu\/wp-content\/uploads\/2020\/12\/3b-Copy-1-820x527.jpg 820w\" sizes=\"auto, (max-width: 1200px) 100vw, 1200px\" \/><\/a><\/figure><\/li><\/ul><\/figure>\n","protected":false},"excerpt":{"rendered":"<p>&nbsp;&nbsp;&nbsp;&nbsp;&nbsp;&nbsp;&nbsp;&nbsp;&nbsp;&nbsp;&nbsp; Dzi\u0119ki \u017cyczliwo\u015bci i&nbsp;zaanga\u017cowaniu Rodzic\u00f3w, uczniowie klas pierwszych, drugich i&nbsp;trzecich pog\u0142\u0119bili wiedz\u0119 i&nbsp;duchow\u0105 wi\u0119\u017a ze [&hellip;]<\/p>\n","protected":false},"author":13,"featured_media":14393,"comment_status":"closed","ping_status":"open","sticky":false,"template":"","format":"standard","meta":{"footnotes":""},"categories":[36],"tags":[],"class_list":["post-14392","post","type-post","status-publish","format-standard","has-post-thumbnail","hentry","category-wydarzenia"],"_links":{"self":[{"href":"https:\/\/sp1.kielce.eu\/index.php\/wp-json\/wp\/v2\/posts\/14392","targetHints":{"allow":["GET"]}}],"collection":[{"href":"https:\/\/sp1.kielce.eu\/index.php\/wp-json\/wp\/v2\/posts"}],"about":[{"href":"https:\/\/sp1.kielce.eu\/index.php\/wp-json\/wp\/v2\/types\/post"}],"author":[{"embeddable":true,"href":"https:\/\/sp1.kielce.eu\/index.php\/wp-json\/wp\/v2\/users\/13"}],"replies":[{"embeddable":true,"href":"https:\/\/sp1.kielce.eu\/index.php\/wp-json\/wp\/v2\/comments?post=14392"}],"version-history":[{"count":2,"href":"https:\/\/sp1.kielce.eu\/index.php\/wp-json\/wp\/v2\/posts\/14392\/revisions"}],"predecessor-version":[{"id":14408,"href":"https:\/\/sp1.kielce.eu\/index.php\/wp-json\/wp\/v2\/posts\/14392\/revisions\/14408"}],"wp:featuredmedia":[{"embeddable":true,"href":"https:\/\/sp1.kielce.eu\/index.php\/wp-json\/wp\/v2\/media\/14393"}],"wp:attachment":[{"href":"https:\/\/sp1.kielce.eu\/index.php\/wp-json\/wp\/v2\/media?parent=14392"}],"wp:term":[{"taxonomy":"category","embeddable":true,"href":"https:\/\/sp1.kielce.eu\/index.php\/wp-json\/wp\/v2\/categories?post=14392"},{"taxonomy":"post_tag","embeddable":true,"href":"https:\/\/sp1.kielce.eu\/index.php\/wp-json\/wp\/v2\/tags?post=14392"}],"curies":[{"name":"wp","href":"https:\/\/api.w.org\/{rel}","templated":true}]}}