{"id":14098,"date":"2020-11-27T21:40:48","date_gmt":"2020-11-27T20:40:48","guid":{"rendered":"http:\/\/sp1.kielce.eu\/?p=14098"},"modified":"2020-11-27T21:40:48","modified_gmt":"2020-11-27T20:40:48","slug":"certyfikat-sprzatanie-swiata-polska-2020","status":"publish","type":"post","link":"https:\/\/sp1.kielce.eu\/index.php\/2020\/11\/27\/certyfikat-sprzatanie-swiata-polska-2020\/","title":{"rendered":"Certyfikat \u201eSprz\u0105tanie \u015awiata\u201d Polska 2020"},"content":{"rendered":"\n<p>Mi\u0142o nam poinformowa\u0107, \u017ce nasza szko\u0142a otrzyma\u0142a certyfikat z fundacji Nasza Ziemia za udzia\u0142 w 27 edycji akcji \u201eSprz\u0105tanie \u015awiata\u201d Polska 2020. Wszystkim uczniom, kt\u00f3rym czysto\u015b\u0107 naszej planety nie jest oboj\u0119tna i wzi\u0119li czynny udzia\u0142 w tym wydarzeniu bardzo dzi\u0119kujemy!<\/p>\n\n\n\n<p class=\"has-text-align-right\">Krystyna Banasik \u2013 nauczyciel biologii, przyrody<\/p>\n","protected":false},"excerpt":{"rendered":"<p>Mi\u0142o nam poinformowa\u0107, \u017ce nasza szko\u0142a otrzyma\u0142a certyfikat z fundacji Nasza Ziemia za udzia\u0142 w [&hellip;]<\/p>\n","protected":false},"author":4,"featured_media":14099,"comment_status":"closed","ping_status":"open","sticky":false,"template":"","format":"standard","meta":{"footnotes":""},"categories":[17],"tags":[],"class_list":["post-14098","post","type-post","status-publish","format-standard","has-post-thumbnail","hentry","category-lop"],"_links":{"self":[{"href":"https:\/\/sp1.kielce.eu\/index.php\/wp-json\/wp\/v2\/posts\/14098","targetHints":{"allow":["GET"]}}],"collection":[{"href":"https:\/\/sp1.kielce.eu\/index.php\/wp-json\/wp\/v2\/posts"}],"about":[{"href":"https:\/\/sp1.kielce.eu\/index.php\/wp-json\/wp\/v2\/types\/post"}],"author":[{"embeddable":true,"href":"https:\/\/sp1.kielce.eu\/index.php\/wp-json\/wp\/v2\/users\/4"}],"replies":[{"embeddable":true,"href":"https:\/\/sp1.kielce.eu\/index.php\/wp-json\/wp\/v2\/comments?post=14098"}],"version-history":[{"count":1,"href":"https:\/\/sp1.kielce.eu\/index.php\/wp-json\/wp\/v2\/posts\/14098\/revisions"}],"predecessor-version":[{"id":14100,"href":"https:\/\/sp1.kielce.eu\/index.php\/wp-json\/wp\/v2\/posts\/14098\/revisions\/14100"}],"wp:featuredmedia":[{"embeddable":true,"href":"https:\/\/sp1.kielce.eu\/index.php\/wp-json\/wp\/v2\/media\/14099"}],"wp:attachment":[{"href":"https:\/\/sp1.kielce.eu\/index.php\/wp-json\/wp\/v2\/media?parent=14098"}],"wp:term":[{"taxonomy":"category","embeddable":true,"href":"https:\/\/sp1.kielce.eu\/index.php\/wp-json\/wp\/v2\/categories?post=14098"},{"taxonomy":"post_tag","embeddable":true,"href":"https:\/\/sp1.kielce.eu\/index.php\/wp-json\/wp\/v2\/tags?post=14098"}],"curies":[{"name":"wp","href":"https:\/\/api.w.org\/{rel}","templated":true}]}}