{"id":14095,"date":"2020-11-26T18:30:46","date_gmt":"2020-11-26T17:30:46","guid":{"rendered":"http:\/\/sp1.kielce.eu\/?p=14095"},"modified":"2020-11-26T18:30:46","modified_gmt":"2020-11-26T17:30:46","slug":"wolontariat-lepszy-swiat","status":"publish","type":"post","link":"https:\/\/sp1.kielce.eu\/index.php\/2020\/11\/26\/wolontariat-lepszy-swiat\/","title":{"rendered":"WOLONTARIAT &#8211; LEPSZY \u015aWIAT"},"content":{"rendered":"\n<p>Od poniedzia\u0142ku 30.11.2020r. rozpoczyna si\u0119 wyj\u0105tkowy tydzie\u0144 -tydzie\u0144 on-line : &#8222;WOLONTARIAT-LEPSZY \u015aWIAT&#8221;<\/p>\n\n\n\n<p>Serdecznie zapraszam do udzia\u0142u w&nbsp;zaplanowanych wydarzeniach wszystkich cz\u0142onk\u00f3w Szkolnego Ko\u0142a Wolontariatu \u201eJedynka\u201d oraz wszystkie zainteresowane osoby. Zwie\u0144czeniem tego szczeg\u00f3lnego tygodnia b\u0119dzie sobota 5&nbsp;grudnia czyli Mi\u0119dzynarodowy Dzie\u0144 Wolontariusza i&nbsp;wyj\u0105tkowa w&nbsp;tym czasie XV&nbsp;\u015awi\u0119tokrzyska Gala Wolontariatu.<\/p>\n\n\n\n<p>Je\u015bli chcesz wzi\u0105\u0107 udzia\u0142 w\u00a0kt\u00f3rym\u015b ze spotka\u0144 on-line, zg\u0142o\u015b swoj\u0105 osob\u0119 pod podany adres e-mail w\u00a0danym dniu.<br><br>Serdecznie zach\u0119cam do uczestnictwa.<\/p>\n\n\n\n<p class=\"has-text-align-right\">Koordynator Szkolnego Ko\u0142a Wolontariatu \u201eJedynka\u201d<br>Agnieszka Rycombel<\/p>\n","protected":false},"excerpt":{"rendered":"<p>Od poniedzia\u0142ku 30.11.2020r. rozpoczyna si\u0119 wyj\u0105tkowy tydzie\u0144 -tydzie\u0144 on-line : &#8222;WOLONTARIAT-LEPSZY \u015aWIAT&#8221; Serdecznie zapraszam do [&hellip;]<\/p>\n","protected":false},"author":13,"featured_media":14096,"comment_status":"closed","ping_status":"open","sticky":false,"template":"","format":"standard","meta":{"footnotes":""},"categories":[163],"tags":[],"class_list":["post-14095","post","type-post","status-publish","format-standard","has-post-thumbnail","hentry","category-skw"],"_links":{"self":[{"href":"https:\/\/sp1.kielce.eu\/index.php\/wp-json\/wp\/v2\/posts\/14095","targetHints":{"allow":["GET"]}}],"collection":[{"href":"https:\/\/sp1.kielce.eu\/index.php\/wp-json\/wp\/v2\/posts"}],"about":[{"href":"https:\/\/sp1.kielce.eu\/index.php\/wp-json\/wp\/v2\/types\/post"}],"author":[{"embeddable":true,"href":"https:\/\/sp1.kielce.eu\/index.php\/wp-json\/wp\/v2\/users\/13"}],"replies":[{"embeddable":true,"href":"https:\/\/sp1.kielce.eu\/index.php\/wp-json\/wp\/v2\/comments?post=14095"}],"version-history":[{"count":1,"href":"https:\/\/sp1.kielce.eu\/index.php\/wp-json\/wp\/v2\/posts\/14095\/revisions"}],"predecessor-version":[{"id":14097,"href":"https:\/\/sp1.kielce.eu\/index.php\/wp-json\/wp\/v2\/posts\/14095\/revisions\/14097"}],"wp:featuredmedia":[{"embeddable":true,"href":"https:\/\/sp1.kielce.eu\/index.php\/wp-json\/wp\/v2\/media\/14096"}],"wp:attachment":[{"href":"https:\/\/sp1.kielce.eu\/index.php\/wp-json\/wp\/v2\/media?parent=14095"}],"wp:term":[{"taxonomy":"category","embeddable":true,"href":"https:\/\/sp1.kielce.eu\/index.php\/wp-json\/wp\/v2\/categories?post=14095"},{"taxonomy":"post_tag","embeddable":true,"href":"https:\/\/sp1.kielce.eu\/index.php\/wp-json\/wp\/v2\/tags?post=14095"}],"curies":[{"name":"wp","href":"https:\/\/api.w.org\/{rel}","templated":true}]}}