{"id":13943,"date":"2020-11-16T15:24:15","date_gmt":"2020-11-16T14:24:15","guid":{"rendered":"http:\/\/sp1.kielce.eu\/?p=13943"},"modified":"2020-11-16T18:28:14","modified_gmt":"2020-11-16T17:28:14","slug":"biblioteka-szkolna-poleca-5","status":"publish","type":"post","link":"https:\/\/sp1.kielce.eu\/index.php\/2020\/11\/16\/biblioteka-szkolna-poleca-5\/","title":{"rendered":"Biblioteka szkolna poleca!"},"content":{"rendered":"\n<p class=\"has-text-align-center\">Przypominamy, \u017ce szkolna biblioteka otrzyma\u0142a wsparcie finansowe w&nbsp;ramach<br><strong>Narodowego Programu Rozwoju Czytelnictwa<\/strong><br><strong>edycja 2019\/2020,<\/strong><br>kt\u00f3rego celem jest wzmocnienie aktywno\u015bci czytelniczej spo\u0142ecze\u0144stwa oraz rozw\u00f3j bibliotek<br>w Polsce.<\/p>\n\n\n\n<p>Z otrzymanych funduszy zakupione b\u0119d\u0105 do naszej biblioteki pozycje ksi\u0105\u017ckowe (w&nbsp;formie tradycyjnej i&nbsp;elektronicznej). Chcemy si\u0119 pochwali\u0107, \u017ce dotar\u0142y ju\u017c niekt\u00f3re lektury. Na t\u0105 chwil\u0119, zosta\u0142y one ju\u017c opracowane i&nbsp;przygotowane do udost\u0119pniania czytelnikom.<\/p>\n\n\n\n<p>Zapraszamy, wi\u0119c do korzystania z&nbsp;biblioteki szkolnej.<\/p>\n\n\n\n<p>Przypominamy, \u017ce nale\u017cy wcze\u015bniej skontaktowa\u0107 si\u0119 z&nbsp;bibliotekarzem p.&nbsp;Renat\u0105 Kozie\u0142 przez dziennik Vulcan lub pod adresem renata.koziel@sp1.kielce.eu<\/p>\n\n\n\n<p>Zam\u00f3wione ksi\u0105\u017cki b\u0119d\u0105 do odebrania o&nbsp;okre\u015blonej godzinie w&nbsp;drzwiach szko\u0142y.<\/p>\n\n\n\n<p class=\"has-text-align-center\">Zapraszamy!<\/p>\n\n\n\n<figure class=\"wp-block-gallery aligncenter columns-2 is-cropped wp-block-gallery-1 is-layout-flex wp-block-gallery-is-layout-flex\"><ul class=\"blocks-gallery-grid\"><li class=\"blocks-gallery-item\"><figure><a href=\"http:\/\/sp1.kielce.eu\/wp-content\/uploads\/2020\/11\/20201116_095222-Copy.jpg\"><img loading=\"lazy\" decoding=\"async\" width=\"1200\" height=\"675\" src=\"http:\/\/sp1.kielce.eu\/wp-content\/uploads\/2020\/11\/20201116_095222-Copy.jpg\" alt=\"\" data-id=\"13946\" data-full-url=\"http:\/\/sp1.kielce.eu\/wp-content\/uploads\/2020\/11\/20201116_095222-Copy.jpg\" data-link=\"http:\/\/sp1.kielce.eu\/index.php\/2020\/11\/16\/biblioteka-szkolna-poleca-5\/20201116_095222-copy\/\" class=\"wp-image-13946\" srcset=\"https:\/\/sp1.kielce.eu\/wp-content\/uploads\/2020\/11\/20201116_095222-Copy.jpg 1200w, https:\/\/sp1.kielce.eu\/wp-content\/uploads\/2020\/11\/20201116_095222-Copy-300x169.jpg 300w, https:\/\/sp1.kielce.eu\/wp-content\/uploads\/2020\/11\/20201116_095222-Copy-768x432.jpg 768w, https:\/\/sp1.kielce.eu\/wp-content\/uploads\/2020\/11\/20201116_095222-Copy-820x461.jpg 820w\" sizes=\"auto, (max-width: 1200px) 100vw, 1200px\" \/><\/a><\/figure><\/li><li class=\"blocks-gallery-item\"><figure><a href=\"http:\/\/sp1.kielce.eu\/wp-content\/uploads\/2020\/11\/20201116_095556-Copy.jpg\"><img loading=\"lazy\" decoding=\"async\" width=\"1200\" height=\"675\" src=\"http:\/\/sp1.kielce.eu\/wp-content\/uploads\/2020\/11\/20201116_095556-Copy.jpg\" alt=\"\" data-id=\"13947\" data-full-url=\"http:\/\/sp1.kielce.eu\/wp-content\/uploads\/2020\/11\/20201116_095556-Copy.jpg\" data-link=\"http:\/\/sp1.kielce.eu\/index.php\/2020\/11\/16\/biblioteka-szkolna-poleca-5\/20201116_095556-copy\/\" class=\"wp-image-13947\" srcset=\"https:\/\/sp1.kielce.eu\/wp-content\/uploads\/2020\/11\/20201116_095556-Copy.jpg 1200w, https:\/\/sp1.kielce.eu\/wp-content\/uploads\/2020\/11\/20201116_095556-Copy-300x169.jpg 300w, https:\/\/sp1.kielce.eu\/wp-content\/uploads\/2020\/11\/20201116_095556-Copy-768x432.jpg 768w, https:\/\/sp1.kielce.eu\/wp-content\/uploads\/2020\/11\/20201116_095556-Copy-820x461.jpg 820w\" sizes=\"auto, (max-width: 1200px) 100vw, 1200px\" \/><\/a><\/figure><\/li><\/ul><\/figure>\n","protected":false},"excerpt":{"rendered":"<p>Przypominamy, \u017ce szkolna biblioteka otrzyma\u0142a wsparcie finansowe w&nbsp;ramachNarodowego Programu Rozwoju Czytelnictwaedycja 2019\/2020,kt\u00f3rego celem jest wzmocnienie [&hellip;]<\/p>\n","protected":false},"author":13,"featured_media":13944,"comment_status":"closed","ping_status":"open","sticky":false,"template":"","format":"standard","meta":{"footnotes":""},"categories":[72],"tags":[],"class_list":["post-13943","post","type-post","status-publish","format-standard","has-post-thumbnail","hentry","category-biblioteka"],"_links":{"self":[{"href":"https:\/\/sp1.kielce.eu\/index.php\/wp-json\/wp\/v2\/posts\/13943","targetHints":{"allow":["GET"]}}],"collection":[{"href":"https:\/\/sp1.kielce.eu\/index.php\/wp-json\/wp\/v2\/posts"}],"about":[{"href":"https:\/\/sp1.kielce.eu\/index.php\/wp-json\/wp\/v2\/types\/post"}],"author":[{"embeddable":true,"href":"https:\/\/sp1.kielce.eu\/index.php\/wp-json\/wp\/v2\/users\/13"}],"replies":[{"embeddable":true,"href":"https:\/\/sp1.kielce.eu\/index.php\/wp-json\/wp\/v2\/comments?post=13943"}],"version-history":[{"count":3,"href":"https:\/\/sp1.kielce.eu\/index.php\/wp-json\/wp\/v2\/posts\/13943\/revisions"}],"predecessor-version":[{"id":13949,"href":"https:\/\/sp1.kielce.eu\/index.php\/wp-json\/wp\/v2\/posts\/13943\/revisions\/13949"}],"wp:featuredmedia":[{"embeddable":true,"href":"https:\/\/sp1.kielce.eu\/index.php\/wp-json\/wp\/v2\/media\/13944"}],"wp:attachment":[{"href":"https:\/\/sp1.kielce.eu\/index.php\/wp-json\/wp\/v2\/media?parent=13943"}],"wp:term":[{"taxonomy":"category","embeddable":true,"href":"https:\/\/sp1.kielce.eu\/index.php\/wp-json\/wp\/v2\/categories?post=13943"},{"taxonomy":"post_tag","embeddable":true,"href":"https:\/\/sp1.kielce.eu\/index.php\/wp-json\/wp\/v2\/tags?post=13943"}],"curies":[{"name":"wp","href":"https:\/\/api.w.org\/{rel}","templated":true}]}}