{"id":13933,"date":"2020-11-14T01:55:52","date_gmt":"2020-11-14T00:55:52","guid":{"rendered":"http:\/\/sp1.kielce.eu\/?p=13933"},"modified":"2020-11-14T01:55:52","modified_gmt":"2020-11-14T00:55:52","slug":"instytucje-udzielajace-wsparcia-psychologicznego","status":"publish","type":"post","link":"https:\/\/sp1.kielce.eu\/index.php\/2020\/11\/14\/instytucje-udzielajace-wsparcia-psychologicznego\/","title":{"rendered":"Instytucje udzielaj\u0105ce wsparcia psychologicznego"},"content":{"rendered":"\n<p><strong>Miejski Zesp\u00f3\u0142 Poradni Psychologiczno-Pedagogicznych<\/strong><br><a href=\"http:\/\/mzppp.pl\/\">http:\/\/mzppp.pl\/<\/a><br>ul. Urz\u0119dnicza 16<br>p. Anna Jaworska-Hajduk \u2013 psycholog, pok\u00f3j 217<br>tel. 41 367 67 28 wew. 217<\/p>\n\n\n\n<p>Godziny pracy<br>Poniedzia\u0142ek \u00a0 14:00-18:00<br>Wtorek\u00a0\u00a0\u00a0\u00a0\u00a0\u00a0\u00a0\u00a0\u00a0\u00a0\u00a0 14:00-18:00<br>\u015aroda \u00a0\u00a0\u00a0\u00a0\u00a0\u00a0\u00a0\u00a0\u00a0\u00a0\u00a0\u00a0 14:00-18:00<br>Czwartek\u00a0\u00a0\u00a0\u00a0\u00a0\u00a0\u00a0 8:00-12:00<br>Pi\u0105tek\u00a0\u00a0\u00a0\u00a0\u00a0\u00a0\u00a0\u00a0\u00a0\u00a0\u00a0\u00a0\u00a0 8:00-12:00<br>adres e-mail \u2013 <a href=\"mailto:a.jaworska@mzppp.pl\">a.jaworska@mzppp.pl<\/a><\/p>\n\n\n\n<p><strong>\u015awi\u0119tokrzyskie Centrum Profilaktyki i\u00a0Edukacji<\/strong><br><a href=\"http:\/\/scpie.kielce.eu\/aktualnosci\/\">http:\/\/scpie.kielce.eu\/aktualnosci\/<\/a><\/p>\n\n\n\n<p>Szanowni Pa\u0144stwo. Obecnie O\u015brodek pracuje w\u00a0trybie interwencyjnym. W\u00a0pierwszej kolejno\u015bci na pomoc interwencyjn\u0105 mog\u0105 liczy\u0107 osoby znajduj\u0105ce si\u0119 w\u00a0powa\u017cnym kryzysie psychicznym (zagro\u017cenie \u017cycia) lub kt\u00f3re funkcjonuj\u0105 pod bardzo du\u017cym obci\u0105\u017ceniem (s\u0142u\u017cby medyczne lub porz\u0105dkowe, osoby w\u00a0kwarantannie lub ich bliscy). Przy innych trudno\u015bciach mog\u0105 wyst\u0105pi\u0107 ograniczenia w\u00a0dost\u0119pie do specjalist\u00f3w w\u00a0naszym O\u015brodku. Z\u00a0tego wzgl\u0119du r\u00f3wnie\u017c przyj\u0119cia nowych os\u00f3b ch\u0119tnych na psychoterapi\u0119 indywidualn\u0105 s\u0105 wstrzymane do odwo\u0142ania. Kontynuowane s\u0105 procesy psychoterapeutyczne, kt\u00f3re zosta\u0142y rozpocz\u0119te przed epidemi\u0105, natomiast nowe osoby (z\u00a0ograniczeniami wskazanymi powy\u017cej) mog\u0105 liczy\u0107 obecnie na kontakt interwencyjny (do maksymalnie 3\u00a0miesi\u0119cy).<\/p>\n\n\n\n<p>Telefon interwencyjny: 41\/36-76-788 oraz kom\u00f3rkowy numer interwencyjny: 788-339-074 (UWAGA!!! Nie mamy mo\u017cliwo\u015bci oddzwania\u0107 ani wysy\u0142a\u0107 sms\u00f3w z&nbsp;numeru kom\u00f3rkowego). Oba numery interwencyjne s\u0105 czynne od poniedzia\u0142ku do pi\u0105tku w&nbsp;godzinach 8.00 do 19.30.<\/p>\n\n\n\n<p>W dalszym ci\u0105gu mo\u017cliwe s\u0105 wizyty online na Skype. Rozmowa na Skype jest mo\u017cliwa po uprzednim telefonicznym ustaleniu wizyty z&nbsp;terapeut\u0105 (patrz: podane powy\u017cej numery interwencyjne).<\/p>\n\n\n\n<p>Prosimy o&nbsp;wzi\u0119cie pod uwag\u0119, \u017ce zobowi\u0105zani jeste\u015bmy do zadbania o&nbsp;bezpiecze\u0144stwo sanitarne Jednostki, naszych pracownik\u00f3w na r\u00f3wni z&nbsp;naszymi klientami i&nbsp;st\u0105d wizyty osobiste b\u0119d\u0105 limitowane.<\/p>\n\n\n\n<p>Ka\u017cdy zg\u0142aszaj\u0105cy si\u0119 osobi\u015bcie pacjent jest zobowi\u0105zany do przyj\u015bcia w\u00a0maseczce, zdezynfekowanie r\u0105k i\u00a0podpisanie deklaracji o\u00a0braku wiedzy o\u00a0kontakcie z\u00a0osob\u0105 zara\u017con\u0105 w\u00a0przeci\u0105gu poprzednich dw\u00f3ch tygodni. Pacjenci zwolnieni przez lekarza z\u00a0noszenia maseczek s\u0105 zobowi\u0105zani do przyj\u015bcia w\u00a0przy\u0142bicy. Pacjent bez maseczki lub przy\u0142bicy nie zostanie przyj\u0119ty.<\/p>\n\n\n\n<p>Je\u015bli kto\u015b z&nbsp;Pa\u0144stwa z&nbsp;um\u00f3wion\u0105 osobist\u0105 wizyt\u0105 powe\u017amie wiedz\u0119, \u017ce w&nbsp;przeci\u0105gu ostatnich 14 dni mia\u0142 kontakt z&nbsp;osob\u0105 zaka\u017con\u0105 lub pojawi\u0142y si\u0119 objawy przypisywane Covid-19 (np. gor\u0105czka, kaszel itd.) &#8211; proszony jest o&nbsp;nie przychodzenie ma wizyt\u0119 osobi\u015bcie, powiadomienie terapeuty i&nbsp;ewentualne odbycie wizyty jak w&nbsp;poprzednich miesi\u0105cach, tj. telefonicznie lub online.<\/p>\n\n\n\n<p>Informujemy ponadto, \u017ce b\u0119d\u0105 Pa\u0144stwo podpisywa\u0107 o\u015bwiadczenia dotycz\u0105ce zdrowia (odno\u015bnie w\/w sytuacji dotycz\u0105cych Covid-19), za\u015b w&nbsp;razie ewentualnego stwierdzenia zaka\u017cenia u&nbsp;pracownika \u015aCPiE lub pacjenta, kt\u00f3ry korzysta\u0142 u&nbsp;nas z&nbsp;pomocy w&nbsp;ostatnim czasie, mo\u017cemy by\u0107 zobowi\u0105zani do podania Pa\u0144stwa imienia i&nbsp;nazwiska oraz numeru telefonu odpowiednim instytucjom pa\u0144stwowym.<\/p>\n\n\n\n<p>Prosimy o zrozumienie i&nbsp;cierpliwo\u015b\u0107. Ten szczeg\u00f3lny czas nak\u0142ada na nas wszystkich wi\u0119ksze lub mniejsze ograniczenia.<\/p>\n\n\n\n<p><strong>Powiatowe Centrum Pomocy Rodzinie<\/strong><br><a href=\"http:\/\/pcprkielce.pl\/przezywasz-lek-stres-zadzwon-do-nas\/2020\/10\/27\">http:\/\/pcprkielce.pl\/przezywasz-lek-stres-zadzwon-do-nas\/2020\/10\/27<\/a><\/p>\n\n\n\n<p>Powiatowe Centrum Pomocy Rodzinie w&nbsp;Kielcach zaprasza (mieszka\u0144c\u00f3w powiatu kieleckiego) do skorzystania z&nbsp;telefonu zaufania osoby w&nbsp;sytuacjach l\u0119ku, niepokoju, stresu, samotno\u015bci oraz prze\u017cywaj\u0105ce sytuacje kryzysowe szczeg\u00f3lnie zwi\u0105zane z&nbsp;sytuacj\u0105 epidemiczn\u0105 w&nbsp;kraju. Poradnictwa psychologicznego, konsultacji i&nbsp;wsparcia udzielaj\u0105 pracownicy Powiatowego Centrum Pomocy Rodzinie w&nbsp;Kielcach psychologowie i&nbsp;interwent kryzysowy.<\/p>\n\n\n\n<p><strong>Telefon zaufania:<\/strong><\/p>\n\n\n\n<p>\u2013<strong>600 286 695 <\/strong>w dniach: poniedzia\u0142ek, \u015broda, czwartek, sobota w\u00a0godzinach 9.00-12.00<br>\u2013<strong>664 713 394 <\/strong>w dniach: wtorek w\u00a0godz. 8.00-11.00 i\u00a0pi\u0105tek godz. 15.00-18.00<\/p>\n\n\n\n<div class=\"wp-block-image\"><figure class=\"aligncenter size-large is-resized\"><img loading=\"lazy\" decoding=\"async\" src=\"http:\/\/sp1.kielce.eu\/wp-content\/uploads\/2020\/11\/tz-Copy.jpg\" alt=\"\" class=\"wp-image-13936\" width=\"290\" height=\"152\" srcset=\"https:\/\/sp1.kielce.eu\/wp-content\/uploads\/2020\/11\/tz-Copy.jpg 1200w, https:\/\/sp1.kielce.eu\/wp-content\/uploads\/2020\/11\/tz-Copy-300x157.jpg 300w, https:\/\/sp1.kielce.eu\/wp-content\/uploads\/2020\/11\/tz-Copy-768x401.jpg 768w, https:\/\/sp1.kielce.eu\/wp-content\/uploads\/2020\/11\/tz-Copy-820x428.jpg 820w\" sizes=\"auto, (max-width: 290px) 100vw, 290px\" \/><\/figure><\/div>\n","protected":false},"excerpt":{"rendered":"<p>Miejski Zesp\u00f3\u0142 Poradni Psychologiczno-Pedagogicznychhttp:\/\/mzppp.pl\/ul. Urz\u0119dnicza 16p. Anna Jaworska-Hajduk \u2013 psycholog, pok\u00f3j 217tel. 41 367 67 [&hellip;]<\/p>\n","protected":false},"author":13,"featured_media":13939,"comment_status":"closed","ping_status":"open","sticky":false,"template":"","format":"standard","meta":{"footnotes":""},"categories":[1],"tags":[],"class_list":["post-13933","post","type-post","status-publish","format-standard","has-post-thumbnail","hentry","category-bez-kategorii"],"_links":{"self":[{"href":"https:\/\/sp1.kielce.eu\/index.php\/wp-json\/wp\/v2\/posts\/13933","targetHints":{"allow":["GET"]}}],"collection":[{"href":"https:\/\/sp1.kielce.eu\/index.php\/wp-json\/wp\/v2\/posts"}],"about":[{"href":"https:\/\/sp1.kielce.eu\/index.php\/wp-json\/wp\/v2\/types\/post"}],"author":[{"embeddable":true,"href":"https:\/\/sp1.kielce.eu\/index.php\/wp-json\/wp\/v2\/users\/13"}],"replies":[{"embeddable":true,"href":"https:\/\/sp1.kielce.eu\/index.php\/wp-json\/wp\/v2\/comments?post=13933"}],"version-history":[{"count":4,"href":"https:\/\/sp1.kielce.eu\/index.php\/wp-json\/wp\/v2\/posts\/13933\/revisions"}],"predecessor-version":[{"id":13938,"href":"https:\/\/sp1.kielce.eu\/index.php\/wp-json\/wp\/v2\/posts\/13933\/revisions\/13938"}],"wp:featuredmedia":[{"embeddable":true,"href":"https:\/\/sp1.kielce.eu\/index.php\/wp-json\/wp\/v2\/media\/13939"}],"wp:attachment":[{"href":"https:\/\/sp1.kielce.eu\/index.php\/wp-json\/wp\/v2\/media?parent=13933"}],"wp:term":[{"taxonomy":"category","embeddable":true,"href":"https:\/\/sp1.kielce.eu\/index.php\/wp-json\/wp\/v2\/categories?post=13933"},{"taxonomy":"post_tag","embeddable":true,"href":"https:\/\/sp1.kielce.eu\/index.php\/wp-json\/wp\/v2\/tags?post=13933"}],"curies":[{"name":"wp","href":"https:\/\/api.w.org\/{rel}","templated":true}]}}