{"id":13778,"date":"2020-11-05T10:09:04","date_gmt":"2020-11-05T09:09:04","guid":{"rendered":"http:\/\/sp1.kielce.eu\/?p=13778"},"modified":"2020-11-05T10:39:21","modified_gmt":"2020-11-05T09:39:21","slug":"i-ogolnopolskie-dyktando-na-swieto-niepodleglosci","status":"publish","type":"post","link":"https:\/\/sp1.kielce.eu\/index.php\/2020\/11\/05\/i-ogolnopolskie-dyktando-na-swieto-niepodleglosci\/","title":{"rendered":"I Og\u00f3lnopolskie Dyktando na \u015awi\u0119to Niepodleg\u0142o\u015bci"},"content":{"rendered":"\n<p>Z okazji zbli\u017caj\u0105cego si\u0119 \u015bwi\u0119ta 11 listopada ca\u0142\u0105 spo\u0142eczno\u015b\u0107 SP nr 1 zach\u0119camy do udzia\u0142u w <strong>I Og\u00f3lnopolskim Dyktandzie na \u015awi\u0119to Niepodleg\u0142o\u015bci<\/strong>, kt\u00f3re odb\u0119dzie si\u0119 w najbezpieczniejszy obecnie spos\u00f3b, czyli wy\u0142\u0105cznie za po\u015brednictwem Internetu.<\/p>\n\n\n\n<p>Ide\u0105 akcji jest wykazanie si\u0119 znajomo\u015bci\u0105 j\u0119zyka polskiego, a tak\u017ce <strong>zebranie \u015brodk\u00f3w<\/strong> na cel charytatywny lub spo\u0142eczny.<\/p>\n\n\n\n<p><strong>Im wi\u0119ksza liczba os\u00f3b<\/strong> do\u0142\u0105czy do akcji, czyli napisze Dyktando w dniu 11 listopada 2020 r., <strong>tym wi\u0119ksza pomoc<\/strong> trafi w r\u0119ce potrzebuj\u0105cych. Maksymalnie przekazane mo\u017ce zosta\u0107 wsparcie si\u0119gaj\u0105ce a\u017c <strong>10 tysi\u0119cy z\u0142otych!<\/strong><\/p>\n\n\n\n<p><strong>Uczestnictwo <\/strong>w I Og\u00f3lnopolskim Dyktandzie na \u015awi\u0119to Niepodleg\u0142o\u015bci jest <strong>bezp\u0142atne<\/strong>, a <strong>ka\u017cdy uczestnik to jedna z\u0142ot\u00f3wka<\/strong> przeznaczona przez portal dyktanda.pl na wybrany cel.<\/p>\n\n\n\n<p>Ka\u017cdy z uczestnik\u00f3w mo\u017ce zg\u0142osi\u0107 wa\u017cny dla niego cel charytatywny lub spo\u0142eczny. Mo\u017ce to by\u0107 np. pomoc dla chorej osoby, albo zakup komputer\u00f3w do zdalnej nauki dla dzieci z ubogich rodzin. O tym, kto otrzyma zebrane fundusze, <strong>zadecyduj\u0105 uczestnicy Dyktanda<\/strong> w drodze <strong>g\u0142osowania<\/strong>. Ka\u017cdy, kto rozwi\u0105\u017ce Og\u00f3lnopolskie Dyktando na \u015awi\u0119to Niepodleg\u0142o\u015bci w dniu 11 listopada 2020 r., b\u0119dzie dysponowa\u0142 <strong>1 g\u0142osem. Osoby, kt\u00f3re osi\u0105gn\u0105 w dyktandzie najlepsze rezultaty<\/strong>, zostan\u0105 nagrodzone <strong>zwi\u0119kszon\u0105 si\u0142\u0105 g\u0142osu<\/strong> &#8211; dzi\u0119ki temu b\u0119d\u0105 posiada\u0142y wi\u0119kszy <strong>wp\u0142yw na wynik g\u0142osowania.<\/strong><\/p>\n\n\n\n<p><strong>Do wzi\u0119cia udzia\u0142u<\/strong> w Og\u00f3lnopolskim Dyktandzie na \u015awi\u0119to Niepodleg\u0142o\u015bci gor\u0105co zach\u0119camy nie tylko<strong>wszystkich uczni\u00f3w, ale ich rodzic\u00f3w, dziadk\u00f3w i oraz nauczycieliSP nr 1<\/strong>. Za opracowanie tekstu dyktand, dopasowanych do wieku uczestnik\u00f3w, odpowiadaj\u0105 wybitni j\u0119zykoznawcy, m.in. <strong>prof. dr hab. Tadeusz Zg\u00f3\u0142ka<\/strong>, wiceprzewodnicz\u0105cy Rady J\u0119zyka Polskiego oraz <strong>prof. dr hab. <\/strong><strong>Mariusz Rutkowski<\/strong> z Uniwersytetu Warmi\u0144sko-Mazurskiego w Olsztynie.<\/p>\n\n\n\n<p><strong>Zapisa\u0107 si\u0119<\/strong> na dyktando oraz <strong>zg\u0142osi\u0107 cel <\/strong>spo\u0142eczny lub charytatywny mo\u017cna na stronie: <a href=\"https:\/\/dyktanda.pl\/dyktando-na-swieto-niepodleglosci\" target=\"_blank\" rel=\"noreferrer noopener\"><strong>https:\/\/dyktanda.pl\/dyktando-na-swieto-niepodleglosci<\/strong><\/a><\/p>\n\n\n\n<p>Poka\u017cmy w tym wa\u017cnym dniu ducha patriotyzmu i wsp\u00f3lnie pom\u00f3\u017cmy potrzebuj\u0105cym!<\/p>\n\n\n\n<p>&nbsp;&nbsp;&nbsp;&nbsp;&nbsp;&nbsp;&nbsp;&nbsp;&nbsp;&nbsp;&nbsp;&nbsp;&nbsp;&nbsp;&nbsp;&nbsp;&nbsp;&nbsp;&nbsp;&nbsp;&nbsp;&nbsp;&nbsp;&nbsp;&nbsp;&nbsp;&nbsp;&nbsp;&nbsp;&nbsp;&nbsp;&nbsp;&nbsp;&nbsp;&nbsp;&nbsp;&nbsp;&nbsp;&nbsp;&nbsp;&nbsp;&nbsp;&nbsp;&nbsp;&nbsp;&nbsp;&nbsp;&nbsp;&nbsp;&nbsp;&nbsp;&nbsp;&nbsp;&nbsp;&nbsp;&nbsp;&nbsp;&nbsp;&nbsp;&nbsp;&nbsp;&nbsp;&nbsp;&nbsp;&nbsp;&nbsp;&nbsp;&nbsp;&nbsp;&nbsp;&nbsp;&nbsp;&nbsp;&nbsp;&nbsp;&nbsp;&nbsp;&nbsp;&nbsp;&nbsp;&nbsp;&nbsp;&nbsp;&nbsp;&nbsp;<\/p>\n\n\n\n<p>&nbsp;&nbsp;&nbsp;&nbsp;&nbsp;&nbsp;&nbsp;&nbsp;&nbsp;&nbsp;&nbsp;&nbsp;&nbsp;&nbsp;&nbsp;&nbsp;&nbsp;&nbsp;&nbsp;&nbsp;&nbsp;&nbsp;&nbsp;&nbsp;&nbsp;&nbsp;&nbsp;&nbsp;&nbsp;&nbsp;&nbsp;&nbsp;&nbsp;&nbsp;&nbsp;&nbsp;&nbsp;&nbsp;&nbsp;&nbsp;&nbsp;&nbsp;&nbsp;&nbsp;&nbsp;&nbsp;&nbsp;&nbsp;&nbsp;&nbsp;&nbsp;&nbsp;&nbsp;&nbsp;&nbsp;&nbsp;&nbsp;&nbsp;&nbsp;&nbsp;&nbsp;&nbsp;&nbsp;&nbsp;&nbsp;&nbsp;&nbsp;&nbsp;&nbsp;&nbsp;&nbsp;&nbsp;&nbsp;&nbsp;&nbsp;&nbsp;&nbsp;&nbsp;&nbsp;&nbsp;&nbsp;&nbsp;&nbsp;&nbsp;&nbsp;&nbsp;&nbsp; Dorota Broni\u015b<\/p>\n\n\n\n<p>&nbsp;&nbsp;&nbsp;&nbsp;&nbsp;&nbsp;&nbsp;&nbsp;&nbsp;&nbsp;&nbsp;&nbsp;&nbsp;&nbsp;&nbsp;&nbsp;&nbsp;&nbsp;&nbsp;&nbsp;&nbsp;&nbsp;&nbsp;&nbsp;&nbsp;&nbsp;&nbsp;&nbsp;&nbsp;&nbsp;&nbsp;&nbsp;&nbsp;&nbsp;&nbsp;&nbsp;&nbsp;&nbsp;&nbsp;&nbsp;&nbsp;&nbsp;&nbsp;&nbsp;&nbsp;&nbsp;&nbsp;&nbsp;&nbsp;&nbsp;&nbsp;&nbsp;&nbsp;&nbsp;&nbsp;&nbsp;&nbsp;&nbsp;&nbsp;&nbsp;&nbsp;&nbsp;&nbsp;&nbsp;&nbsp;&nbsp;&nbsp;&nbsp;&nbsp;&nbsp;&nbsp;&nbsp;&nbsp;&nbsp;&nbsp;&nbsp;&nbsp;&nbsp;&nbsp;&nbsp;&nbsp;&nbsp;&nbsp;&nbsp;&nbsp;&nbsp;&nbsp;&nbsp; Katarzyna Szostak &nbsp;&nbsp;&nbsp;&nbsp;&nbsp;&nbsp;&nbsp;&nbsp;&nbsp;&nbsp;&nbsp;&nbsp;&nbsp;&nbsp;&nbsp;&nbsp;&nbsp;&nbsp;&nbsp;&nbsp;&nbsp;&nbsp;&nbsp;&nbsp;&nbsp;&nbsp;&nbsp;&nbsp;&nbsp;&nbsp;&nbsp;&nbsp;&nbsp;&nbsp;&nbsp;&nbsp;&nbsp;&nbsp;&nbsp;&nbsp;&nbsp;&nbsp;&nbsp;&nbsp;&nbsp;&nbsp;&nbsp;&nbsp;&nbsp;&nbsp;&nbsp;&nbsp;&nbsp;&nbsp;&nbsp;&nbsp;&nbsp;&nbsp;&nbsp;&nbsp;&nbsp;&nbsp;&nbsp;&nbsp;&nbsp;&nbsp;&nbsp;&nbsp;&nbsp;&nbsp;&nbsp;&nbsp;&nbsp;&nbsp;&nbsp;&nbsp;&nbsp;&nbsp;&nbsp;&nbsp;&nbsp;&nbsp;&nbsp;&nbsp;&nbsp;&nbsp;&nbsp;&nbsp; Ko\u0142o Wolontariatu<\/p>\n\n\n\n<figure class=\"wp-block-gallery columns-1 is-cropped wp-block-gallery-1 is-layout-flex wp-block-gallery-is-layout-flex\"><ul class=\"blocks-gallery-grid\"><li class=\"blocks-gallery-item\"><figure><a href=\"http:\/\/sp1.kielce.eu\/wp-content\/uploads\/2020\/11\/dyktando.jpg\"><img loading=\"lazy\" decoding=\"async\" width=\"580\" height=\"400\" src=\"http:\/\/sp1.kielce.eu\/wp-content\/uploads\/2020\/11\/dyktando.jpg\" alt=\"\" data-id=\"13779\" data-full-url=\"http:\/\/sp1.kielce.eu\/wp-content\/uploads\/2020\/11\/dyktando.jpg\" data-link=\"http:\/\/sp1.kielce.eu\/?attachment_id=13779\" class=\"wp-image-13779\" srcset=\"https:\/\/sp1.kielce.eu\/wp-content\/uploads\/2020\/11\/dyktando.jpg 580w, https:\/\/sp1.kielce.eu\/wp-content\/uploads\/2020\/11\/dyktando-300x207.jpg 300w\" sizes=\"auto, (max-width: 580px) 100vw, 580px\" \/><\/a><figcaption class=\"blocks-gallery-item__caption\">1<\/figcaption><\/figure><\/li><\/ul><\/figure>\n","protected":false},"excerpt":{"rendered":"<p>Z okazji zbli\u017caj\u0105cego si\u0119 \u015bwi\u0119ta 11 listopada ca\u0142\u0105 spo\u0142eczno\u015b\u0107 SP nr 1 zach\u0119camy do udzia\u0142u [&hellip;]<\/p>\n","protected":false},"author":5,"featured_media":13779,"comment_status":"closed","ping_status":"open","sticky":false,"template":"","format":"standard","meta":{"footnotes":""},"categories":[36],"tags":[],"class_list":["post-13778","post","type-post","status-publish","format-standard","has-post-thumbnail","hentry","category-wydarzenia"],"_links":{"self":[{"href":"https:\/\/sp1.kielce.eu\/index.php\/wp-json\/wp\/v2\/posts\/13778","targetHints":{"allow":["GET"]}}],"collection":[{"href":"https:\/\/sp1.kielce.eu\/index.php\/wp-json\/wp\/v2\/posts"}],"about":[{"href":"https:\/\/sp1.kielce.eu\/index.php\/wp-json\/wp\/v2\/types\/post"}],"author":[{"embeddable":true,"href":"https:\/\/sp1.kielce.eu\/index.php\/wp-json\/wp\/v2\/users\/5"}],"replies":[{"embeddable":true,"href":"https:\/\/sp1.kielce.eu\/index.php\/wp-json\/wp\/v2\/comments?post=13778"}],"version-history":[{"count":2,"href":"https:\/\/sp1.kielce.eu\/index.php\/wp-json\/wp\/v2\/posts\/13778\/revisions"}],"predecessor-version":[{"id":13781,"href":"https:\/\/sp1.kielce.eu\/index.php\/wp-json\/wp\/v2\/posts\/13778\/revisions\/13781"}],"wp:featuredmedia":[{"embeddable":true,"href":"https:\/\/sp1.kielce.eu\/index.php\/wp-json\/wp\/v2\/media\/13779"}],"wp:attachment":[{"href":"https:\/\/sp1.kielce.eu\/index.php\/wp-json\/wp\/v2\/media?parent=13778"}],"wp:term":[{"taxonomy":"category","embeddable":true,"href":"https:\/\/sp1.kielce.eu\/index.php\/wp-json\/wp\/v2\/categories?post=13778"},{"taxonomy":"post_tag","embeddable":true,"href":"https:\/\/sp1.kielce.eu\/index.php\/wp-json\/wp\/v2\/tags?post=13778"}],"curies":[{"name":"wp","href":"https:\/\/api.w.org\/{rel}","templated":true}]}}