{"id":13753,"date":"2020-11-03T09:40:28","date_gmt":"2020-11-03T08:40:28","guid":{"rendered":"http:\/\/sp1.kielce.eu\/?p=13753"},"modified":"2021-07-01T23:47:18","modified_gmt":"2021-07-01T21:47:18","slug":"multitest-2020-przyroda-i-biologia","status":"publish","type":"post","link":"https:\/\/sp1.kielce.eu\/index.php\/2020\/11\/03\/multitest-2020-przyroda-i-biologia\/","title":{"rendered":"MULTITEST 2020 Przyroda i Biologia"},"content":{"rendered":"\n<p>W dniach 19 i 23 pa\u017adziernika 2020r. na terenie naszej szko\u0142y odby\u0142y si\u0119 Og\u00f3lnopolskie Konkursy z Przyrody i Biologii Multitest 2020.<\/p>\n\n\n\n<p>W zwi\u0105zku z wprowadzeniem obostrze\u0144 konkursy zosta\u0142y przeprowadzone online. Materia\u0142 zawarty w testach uwzgl\u0119dnia\u0142 wymagania okre\u015blone w programach nauczania zatwierdzonych przez MEN. Nasi uczniowie zmagali si\u0119 testami wielokrotnego wyboru przygotowanymi przez Centrum Edukacji Szkolnej &#8211; liczymy \u017ce poradzili sobie znakomicie.<\/p>\n\n\n\n<p>Wszystkim uczestnikom dzi\u0119kujemy za udzia\u0142, \u017cyczymy wielu sukces\u00f3w i zach\u0119camy do uczestnictwa w kolejnych edycjach konkursu.<\/p>\n\n\n\n<figure class=\"wp-block-gallery columns-3 is-cropped wp-block-gallery-1 is-layout-flex wp-block-gallery-is-layout-flex\"><ul class=\"blocks-gallery-grid\"><li class=\"blocks-gallery-item\"><figure><a href=\"http:\/\/sp1.kielce.eu\/wp-content\/uploads\/2020\/11\/IMG_0270-Medium.jpg\"><img loading=\"lazy\" decoding=\"async\" width=\"1024\" height=\"768\" src=\"http:\/\/sp1.kielce.eu\/wp-content\/uploads\/2020\/11\/IMG_0270-Medium.jpg\" alt=\"\" data-id=\"13754\" data-full-url=\"http:\/\/sp1.kielce.eu\/wp-content\/uploads\/2020\/11\/IMG_0270-Medium.jpg\" data-link=\"http:\/\/sp1.kielce.eu\/?attachment_id=13754\" class=\"wp-image-13754\" srcset=\"https:\/\/sp1.kielce.eu\/wp-content\/uploads\/2020\/11\/IMG_0270-Medium.jpg 1024w, https:\/\/sp1.kielce.eu\/wp-content\/uploads\/2020\/11\/IMG_0270-Medium-300x225.jpg 300w, https:\/\/sp1.kielce.eu\/wp-content\/uploads\/2020\/11\/IMG_0270-Medium-768x576.jpg 768w, https:\/\/sp1.kielce.eu\/wp-content\/uploads\/2020\/11\/IMG_0270-Medium-820x615.jpg 820w\" sizes=\"auto, (max-width: 1024px) 100vw, 1024px\" \/><\/a><figcaption class=\"blocks-gallery-item__caption\">1<\/figcaption><\/figure><\/li><li class=\"blocks-gallery-item\"><figure><a href=\"http:\/\/sp1.kielce.eu\/wp-content\/uploads\/2020\/11\/IMG_0272-Medium.jpg\"><img loading=\"lazy\" decoding=\"async\" width=\"1024\" height=\"768\" src=\"http:\/\/sp1.kielce.eu\/wp-content\/uploads\/2020\/11\/IMG_0272-Medium.jpg\" alt=\"\" data-id=\"13755\" data-full-url=\"http:\/\/sp1.kielce.eu\/wp-content\/uploads\/2020\/11\/IMG_0272-Medium.jpg\" data-link=\"http:\/\/sp1.kielce.eu\/?attachment_id=13755\" class=\"wp-image-13755\" srcset=\"https:\/\/sp1.kielce.eu\/wp-content\/uploads\/2020\/11\/IMG_0272-Medium.jpg 1024w, https:\/\/sp1.kielce.eu\/wp-content\/uploads\/2020\/11\/IMG_0272-Medium-300x225.jpg 300w, https:\/\/sp1.kielce.eu\/wp-content\/uploads\/2020\/11\/IMG_0272-Medium-768x576.jpg 768w, https:\/\/sp1.kielce.eu\/wp-content\/uploads\/2020\/11\/IMG_0272-Medium-820x615.jpg 820w\" sizes=\"auto, (max-width: 1024px) 100vw, 1024px\" \/><\/a><figcaption class=\"blocks-gallery-item__caption\">2<\/figcaption><\/figure><\/li><li class=\"blocks-gallery-item\"><figure><a href=\"http:\/\/sp1.kielce.eu\/wp-content\/uploads\/2020\/11\/IMG_0274-Medium.jpg\"><img loading=\"lazy\" decoding=\"async\" width=\"1024\" height=\"768\" src=\"http:\/\/sp1.kielce.eu\/wp-content\/uploads\/2020\/11\/IMG_0274-Medium.jpg\" alt=\"\" data-id=\"13756\" data-full-url=\"http:\/\/sp1.kielce.eu\/wp-content\/uploads\/2020\/11\/IMG_0274-Medium.jpg\" data-link=\"http:\/\/sp1.kielce.eu\/?attachment_id=13756\" class=\"wp-image-13756\" srcset=\"https:\/\/sp1.kielce.eu\/wp-content\/uploads\/2020\/11\/IMG_0274-Medium.jpg 1024w, https:\/\/sp1.kielce.eu\/wp-content\/uploads\/2020\/11\/IMG_0274-Medium-300x225.jpg 300w, https:\/\/sp1.kielce.eu\/wp-content\/uploads\/2020\/11\/IMG_0274-Medium-768x576.jpg 768w, https:\/\/sp1.kielce.eu\/wp-content\/uploads\/2020\/11\/IMG_0274-Medium-820x615.jpg 820w\" sizes=\"auto, (max-width: 1024px) 100vw, 1024px\" \/><\/a><figcaption class=\"blocks-gallery-item__caption\">3<\/figcaption><\/figure><\/li><li class=\"blocks-gallery-item\"><figure><a href=\"http:\/\/sp1.kielce.eu\/wp-content\/uploads\/2020\/11\/IMG_0275-Medium.jpg\"><img loading=\"lazy\" decoding=\"async\" width=\"1024\" height=\"768\" src=\"http:\/\/sp1.kielce.eu\/wp-content\/uploads\/2020\/11\/IMG_0275-Medium.jpg\" alt=\"\" data-id=\"13757\" data-full-url=\"http:\/\/sp1.kielce.eu\/wp-content\/uploads\/2020\/11\/IMG_0275-Medium.jpg\" data-link=\"http:\/\/sp1.kielce.eu\/?attachment_id=13757\" class=\"wp-image-13757\" srcset=\"https:\/\/sp1.kielce.eu\/wp-content\/uploads\/2020\/11\/IMG_0275-Medium.jpg 1024w, https:\/\/sp1.kielce.eu\/wp-content\/uploads\/2020\/11\/IMG_0275-Medium-300x225.jpg 300w, https:\/\/sp1.kielce.eu\/wp-content\/uploads\/2020\/11\/IMG_0275-Medium-768x576.jpg 768w, https:\/\/sp1.kielce.eu\/wp-content\/uploads\/2020\/11\/IMG_0275-Medium-820x615.jpg 820w\" sizes=\"auto, (max-width: 1024px) 100vw, 1024px\" \/><\/a><figcaption class=\"blocks-gallery-item__caption\">4<\/figcaption><\/figure><\/li><\/ul><\/figure>\n\n\n\n<p>&nbsp;&nbsp;&nbsp;&nbsp;&nbsp;&nbsp;&nbsp;&nbsp;&nbsp;&nbsp;&nbsp;&nbsp;&nbsp;&nbsp;&nbsp;&nbsp;&nbsp;&nbsp;&nbsp;&nbsp;&nbsp;&nbsp;&nbsp;&nbsp;&nbsp;&nbsp;&nbsp;&nbsp;&nbsp;&nbsp;&nbsp;&nbsp;&nbsp;&nbsp;&nbsp;&nbsp;&nbsp;&nbsp;&nbsp;&nbsp;&nbsp;&nbsp;&nbsp;&nbsp;&nbsp;&nbsp;&nbsp;&nbsp;&nbsp;&nbsp;&nbsp;&nbsp;&nbsp;&nbsp;&nbsp;&nbsp;&nbsp;&nbsp;&nbsp;&nbsp;&nbsp;&nbsp;&nbsp;&nbsp;&nbsp;&nbsp;&nbsp;&nbsp;&nbsp;&nbsp;&nbsp;&nbsp;&nbsp;&nbsp;&nbsp;&nbsp;&nbsp;&nbsp;&nbsp;&nbsp;&nbsp;&nbsp;&nbsp;&nbsp; Koordynator konkursu<\/p>\n\n\n\n<p>&nbsp;&nbsp;&nbsp;&nbsp; &nbsp;&nbsp;&nbsp;&nbsp;&nbsp;&nbsp;&nbsp;&nbsp;&nbsp;&nbsp;&nbsp;&nbsp;&nbsp;&nbsp;&nbsp;&nbsp;&nbsp;&nbsp;&nbsp;&nbsp;&nbsp;&nbsp;&nbsp;&nbsp;&nbsp;&nbsp;&nbsp;&nbsp;&nbsp;&nbsp;&nbsp;&nbsp;&nbsp;&nbsp;&nbsp;&nbsp;&nbsp;&nbsp;&nbsp;&nbsp;&nbsp;&nbsp;&nbsp;&nbsp;&nbsp;&nbsp;&nbsp;&nbsp;&nbsp;&nbsp;&nbsp;&nbsp;&nbsp;&nbsp;&nbsp;&nbsp;&nbsp;&nbsp;&nbsp;&nbsp;&nbsp;&nbsp;&nbsp;&nbsp;&nbsp;&nbsp;&nbsp;&nbsp;&nbsp;&nbsp;&nbsp;&nbsp;&nbsp;&nbsp;&nbsp;&nbsp;&nbsp;&nbsp;&nbsp;&nbsp;&nbsp;&nbsp;&nbsp;&nbsp;Krystyna Banasik<\/p>\n","protected":false},"excerpt":{"rendered":"<p>W dniach 19 i 23 pa\u017adziernika 2020r. na terenie naszej szko\u0142y odby\u0142y si\u0119 Og\u00f3lnopolskie Konkursy [&hellip;]<\/p>\n","protected":false},"author":5,"featured_media":13754,"comment_status":"closed","ping_status":"open","sticky":false,"template":"","format":"standard","meta":{"footnotes":""},"categories":[36,10,21],"tags":[],"class_list":["post-13753","post","type-post","status-publish","format-standard","has-post-thumbnail","hentry","category-wydarzenia","category-konkursy-przedmiotowe","category-konkursy"],"_links":{"self":[{"href":"https:\/\/sp1.kielce.eu\/index.php\/wp-json\/wp\/v2\/posts\/13753","targetHints":{"allow":["GET"]}}],"collection":[{"href":"https:\/\/sp1.kielce.eu\/index.php\/wp-json\/wp\/v2\/posts"}],"about":[{"href":"https:\/\/sp1.kielce.eu\/index.php\/wp-json\/wp\/v2\/types\/post"}],"author":[{"embeddable":true,"href":"https:\/\/sp1.kielce.eu\/index.php\/wp-json\/wp\/v2\/users\/5"}],"replies":[{"embeddable":true,"href":"https:\/\/sp1.kielce.eu\/index.php\/wp-json\/wp\/v2\/comments?post=13753"}],"version-history":[{"count":2,"href":"https:\/\/sp1.kielce.eu\/index.php\/wp-json\/wp\/v2\/posts\/13753\/revisions"}],"predecessor-version":[{"id":13878,"href":"https:\/\/sp1.kielce.eu\/index.php\/wp-json\/wp\/v2\/posts\/13753\/revisions\/13878"}],"wp:featuredmedia":[{"embeddable":true,"href":"https:\/\/sp1.kielce.eu\/index.php\/wp-json\/wp\/v2\/media\/13754"}],"wp:attachment":[{"href":"https:\/\/sp1.kielce.eu\/index.php\/wp-json\/wp\/v2\/media?parent=13753"}],"wp:term":[{"taxonomy":"category","embeddable":true,"href":"https:\/\/sp1.kielce.eu\/index.php\/wp-json\/wp\/v2\/categories?post=13753"},{"taxonomy":"post_tag","embeddable":true,"href":"https:\/\/sp1.kielce.eu\/index.php\/wp-json\/wp\/v2\/tags?post=13753"}],"curies":[{"name":"wp","href":"https:\/\/api.w.org\/{rel}","templated":true}]}}