{"id":13713,"date":"2020-11-14T01:57:00","date_gmt":"2020-11-14T00:57:00","guid":{"rendered":"http:\/\/sp1.kielce.eu\/?p=13713"},"modified":"2020-11-14T01:56:52","modified_gmt":"2020-11-14T00:56:52","slug":"kampania-pomaranczowa-wstazka","status":"publish","type":"post","link":"https:\/\/sp1.kielce.eu\/index.php\/2020\/11\/14\/kampania-pomaranczowa-wstazka\/","title":{"rendered":"Kampania \u201ePomara\u0144czowa Wst\u0105\u017cka\u201d"},"content":{"rendered":"\n<p>Ka\u017cdego roku w dniach 1 \u2013 19 listopada realizowana jest \u015bwiatowa kampania &nbsp;19 dni przeciwko przemocy i&nbsp;krzywdzeniu dzieci i&nbsp;m\u0142odzie\u017cy.<br>Tradycyjnie ju\u017c w&nbsp;tym czasie w naszej szkole m\u00f3wimy o&nbsp;prawach dziecka, godno\u015bci, szacunku, bezpiecze\u0144stwie, kt\u00f3re mu przys\u0142uguj\u0105. Przypominamy i&nbsp;uczymy si\u0119 o&nbsp;tych warto\u015bciach, kt\u00f3re s\u0105 niezb\u0119dne do prawid\u0142owego rozwoju i&nbsp;dobrego \u017cycia.<\/p>\n\n\n\n<p>Kampania 19 dni przeciwko przemocy i&nbsp;krzywdzeniu dzieci i&nbsp;m\u0142odzie\u017cy to akcja, kt\u00f3ra nag\u0142a\u015bnia wa\u017cny i&nbsp;trudny problem jakim jest krzywdzenie dzieci&nbsp;i&nbsp;m\u0142odzie\u017cy. Zn\u0119canie si\u0119 i&nbsp;przemoc wobec najm\u0142odszych &nbsp;jest zjawiskiem obecnym na ca\u0142ym \u015bwiecie, kt\u00f3re narusza prawa dzieci, szkodzi ich zdrowemu rozwojowi.<\/p>\n\n\n\n<p>Zasadniczym celem kampanii jest tworzenie \u015bwiata, w&nbsp;kt\u00f3rym dzieci i&nbsp;m\u0142odzie\u017c czuj\u0105 si\u0119 bezpiecznie i&nbsp;szcz\u0119\u015bliwe. W tym czasie b\u0119dziemy podejmowa\u0107 szereg dzia\u0142a\u0144 dotycz\u0105cych praw dziecka oraz warto\u015bci niezb\u0119dnych we wzajemnych relacjach r\u00f3wie\u015bniczych oraz w&nbsp;kontaktach dziecka ze \u015bwiatem doros\u0142ych, realizuj\u0105c tym samym polityk\u0119 o\u015bwiatow\u0105 pa\u0144stwa (Dzia\u0142ania wychowawcze szko\u0142y. Wychowanie do warto\u015bci, kszta\u0142towanie postaw i&nbsp;respektowanie norm spo\u0142ecznych.) i&nbsp;Program Wychowawczo-Profilaktyczny Szko\u0142y.<\/p>\n\n\n\n<p>Symbolem Kampanii jest pomara\u0144czowa wst\u0105\u017cka opatrzona napisem \u201eYES to prevention of child abuse!\u201d &#8211; \u201eTak dla ochrony dziecka przed krzywdzeniem!\u201d<\/p>\n\n\n\n<div class=\"wp-block-image\"><figure class=\"aligncenter size-large is-resized\"><img loading=\"lazy\" decoding=\"async\" src=\"http:\/\/sp1.kielce.eu\/wp-content\/uploads\/2020\/11\/wstazka.jpg\" alt=\"\" class=\"wp-image-13719\" width=\"101\" height=\"135\" \/><\/figure><\/div>\n\n\n\n<p>Pomara\u0144czowy to kolor ostrzegawczy i&nbsp;zwracaj\u0105cy uwag\u0119. Prowadzone w&nbsp;ramach kampanii dzia\u0142ania maj\u0105 ostrzega\u0107. Zwraca\u0107 uwag\u0119. Uczy\u0107 widzie\u0107 wi\u0119cej i&nbsp;lepiej.<\/p>\n\n\n\n<p><strong>19 listopada<\/strong> przypada Mi\u0119dzynarodowy Dzie\u0144 Zapobiegania Przemocy wobec Dzieci (World Day for prevention of child abuse). Ma on na celu przyczynianie si\u0119 do tworzenia kultury zapobiegania nadu\u017cyciom i&nbsp;przemocy wobec dzieci oraz mobilizowania opinii publicznej do dzia\u0142ania i&nbsp;rozpowszechnia program\u00f3w prewencyjnych.<\/p>\n\n\n\n<p class=\"has-text-align-right\">&nbsp;&nbsp;&nbsp;&nbsp;&nbsp;&nbsp;&nbsp;&nbsp;&nbsp;&nbsp;&nbsp;&nbsp;&nbsp;&nbsp;&nbsp;&nbsp;&nbsp;&nbsp;&nbsp;&nbsp;&nbsp;&nbsp;&nbsp;&nbsp;&nbsp;&nbsp;&nbsp;&nbsp;&nbsp;&nbsp;&nbsp;&nbsp;&nbsp;&nbsp;&nbsp;&nbsp;&nbsp; Organizatorzy:<br>&nbsp;&nbsp;&nbsp;&nbsp;&nbsp;&nbsp;&nbsp;&nbsp;&nbsp;&nbsp;&nbsp;&nbsp;&nbsp;&nbsp;&nbsp;&nbsp;&nbsp;&nbsp;&nbsp;&nbsp;&nbsp;&nbsp;&nbsp;&nbsp;&nbsp;&nbsp;&nbsp;&nbsp;&nbsp;&nbsp;&nbsp;&nbsp;&nbsp;&nbsp;&nbsp;&nbsp;&nbsp;&nbsp;&nbsp;&nbsp;&nbsp;&nbsp;&nbsp;&nbsp;&nbsp;&nbsp;&nbsp;&nbsp;&nbsp;&nbsp;&nbsp;&nbsp;&nbsp;&nbsp;&nbsp;&nbsp;&nbsp;&nbsp;&nbsp;&nbsp;&nbsp;&nbsp;&nbsp;&nbsp;&nbsp;&nbsp;&nbsp;&nbsp;&nbsp;&nbsp;&nbsp;&nbsp;&nbsp;&nbsp;&nbsp;&nbsp;&nbsp; &nbsp;&nbsp;&nbsp;&nbsp;&nbsp;&nbsp;&nbsp;&nbsp;&nbsp;&nbsp;&nbsp;Pedagog szkolny<br>&nbsp;&nbsp;&nbsp;&nbsp;&nbsp;&nbsp;&nbsp;&nbsp;&nbsp;&nbsp;&nbsp;&nbsp;&nbsp;&nbsp;&nbsp;&nbsp;&nbsp;&nbsp;&nbsp;&nbsp;&nbsp;&nbsp;&nbsp;&nbsp;&nbsp;&nbsp;&nbsp;&nbsp;&nbsp;&nbsp;&nbsp;&nbsp;&nbsp;&nbsp;&nbsp;&nbsp;&nbsp;&nbsp;&nbsp;&nbsp;&nbsp;&nbsp;&nbsp;&nbsp;&nbsp;&nbsp;&nbsp;&nbsp;&nbsp;&nbsp;&nbsp;&nbsp;&nbsp;&nbsp;&nbsp;&nbsp;&nbsp;&nbsp;&nbsp;&nbsp;&nbsp;&nbsp;&nbsp;&nbsp;&nbsp;&nbsp;&nbsp;&nbsp;&nbsp;&nbsp;&nbsp;&nbsp;&nbsp;&nbsp; &nbsp;&nbsp;&nbsp;&nbsp;&nbsp;&nbsp;&nbsp; Opiekunowie SU<br>&nbsp;&nbsp;&nbsp;&nbsp;&nbsp;&nbsp;&nbsp;&nbsp;&nbsp;&nbsp;&nbsp;&nbsp;&nbsp;&nbsp;&nbsp;&nbsp;&nbsp;&nbsp;&nbsp;&nbsp;&nbsp;&nbsp;&nbsp;&nbsp;&nbsp;&nbsp;&nbsp;&nbsp;&nbsp;&nbsp;&nbsp;&nbsp;&nbsp;&nbsp;&nbsp;&nbsp;&nbsp;&nbsp;&nbsp;&nbsp;&nbsp;&nbsp;&nbsp;&nbsp;&nbsp;&nbsp;&nbsp;&nbsp;&nbsp;&nbsp;&nbsp;&nbsp;&nbsp;&nbsp;&nbsp;&nbsp;&nbsp;&nbsp;&nbsp;&nbsp;&nbsp;&nbsp;&nbsp;&nbsp;&nbsp; &nbsp;&nbsp;&nbsp;&nbsp;&nbsp; Wsp\u00f3\u0142praca \u2013 wychowawcy klas<\/p>\n","protected":false},"excerpt":{"rendered":"<p>Ka\u017cdego roku w dniach 1 \u2013 19 listopada realizowana jest \u015bwiatowa kampania &nbsp;19 dni przeciwko [&hellip;]<\/p>\n","protected":false},"author":13,"featured_media":13724,"comment_status":"closed","ping_status":"open","sticky":false,"template":"","format":"standard","meta":{"footnotes":""},"categories":[1],"tags":[],"class_list":["post-13713","post","type-post","status-publish","format-standard","has-post-thumbnail","hentry","category-bez-kategorii"],"_links":{"self":[{"href":"https:\/\/sp1.kielce.eu\/index.php\/wp-json\/wp\/v2\/posts\/13713","targetHints":{"allow":["GET"]}}],"collection":[{"href":"https:\/\/sp1.kielce.eu\/index.php\/wp-json\/wp\/v2\/posts"}],"about":[{"href":"https:\/\/sp1.kielce.eu\/index.php\/wp-json\/wp\/v2\/types\/post"}],"author":[{"embeddable":true,"href":"https:\/\/sp1.kielce.eu\/index.php\/wp-json\/wp\/v2\/users\/13"}],"replies":[{"embeddable":true,"href":"https:\/\/sp1.kielce.eu\/index.php\/wp-json\/wp\/v2\/comments?post=13713"}],"version-history":[{"count":10,"href":"https:\/\/sp1.kielce.eu\/index.php\/wp-json\/wp\/v2\/posts\/13713\/revisions"}],"predecessor-version":[{"id":13904,"href":"https:\/\/sp1.kielce.eu\/index.php\/wp-json\/wp\/v2\/posts\/13713\/revisions\/13904"}],"wp:featuredmedia":[{"embeddable":true,"href":"https:\/\/sp1.kielce.eu\/index.php\/wp-json\/wp\/v2\/media\/13724"}],"wp:attachment":[{"href":"https:\/\/sp1.kielce.eu\/index.php\/wp-json\/wp\/v2\/media?parent=13713"}],"wp:term":[{"taxonomy":"category","embeddable":true,"href":"https:\/\/sp1.kielce.eu\/index.php\/wp-json\/wp\/v2\/categories?post=13713"},{"taxonomy":"post_tag","embeddable":true,"href":"https:\/\/sp1.kielce.eu\/index.php\/wp-json\/wp\/v2\/tags?post=13713"}],"curies":[{"name":"wp","href":"https:\/\/api.w.org\/{rel}","templated":true}]}}