{"id":1369,"date":"2017-03-17T21:20:21","date_gmt":"2017-03-17T20:20:21","guid":{"rendered":"http:\/\/sp1.kielce.eu\/?p=1369"},"modified":"2017-03-30T22:13:54","modified_gmt":"2017-03-30T20:13:54","slug":"osiagniecia2013","status":"publish","type":"post","link":"https:\/\/sp1.kielce.eu\/index.php\/2017\/03\/17\/osiagniecia2013\/","title":{"rendered":"Rok szkolny 2013\/2014"},"content":{"rendered":"<p><strong>Konkursy mi\u0119dzyszkolne<\/strong><\/p>\n<table width=\"705\">\n<tbody>\n<tr>\n<td>Data<\/td>\n<td>Miejsce<\/td>\n<td width=\"97\">Nazwisko i imi\u0119<\/td>\n<td width=\"235\">Nazwa konkursu<\/td>\n<td width=\"173\">Organizator<\/td>\n<td width=\"70\">Opiekunowie<\/td>\n<\/tr>\n<tr>\n<td>04.06.2014<\/td>\n<td>wynik bardzo dobry<\/td>\n<td>Pisarczyk Hanna-4a<\/td>\n<td>Og\u00f3lnopolski Konkurs Ekologiczny \u201eEko-Planeta\u201d<br \/>\n(uczniowie klas II-IV)<\/td>\n<td>Stowarzyszenie Upowszechniania Wiedzy i Kultury Regionalnej w Warszawie<\/td>\n<td width=\"70\">Maria Kowalska<\/td>\n<\/tr>\n<tr>\n<td>04.06.2014<\/td>\n<td>wyr\u00f3\u017cnienie<\/td>\n<td>Jamr\u00f3z Zuzanna\u20134a<br \/>\nQeisi Sara\u20134b<br \/>\nRakoczy Ewelina\u20134a<br \/>\nOb\u0142\u0119k Oliwia\u20134b<\/td>\n<td>Og\u00f3lnopolski Konkurs Ekologiczny \u201eEko-Planeta\u201d<br \/>\n(uczniowie klas II-IV)<\/td>\n<td>Stowarzyszenie Upowszechniania Wiedzy i Kultury Regionalnej w Warszawie<\/td>\n<td width=\"70\">Maria Kowalska<\/td>\n<\/tr>\n<tr>\n<td>04.06.2014<\/td>\n<td>wyr\u00f3\u017cnienie<\/td>\n<td>J\u0119czmi\u0144ski Filip-6b<br \/>\nSzczepanek Piotr\u20136b<br \/>\nKwieci\u0144ska Maria-6b<br \/>\nSternak Aleksandra-6c<br \/>\nSpurek Martyna\u20135a<\/td>\n<td>Og\u00f3lnopolski Konkurs Ekologiczny \u201eEko-Planeta\u201d<br \/>\n(uczniowie klas V-VI)<\/td>\n<td>Stowarzyszenie Upowszechniania Wiedzy i Kultury Regionalnej w Warszawie<\/td>\n<td width=\"70\">Krystyna Banasik<\/td>\n<\/tr>\n<tr>\n<td>04.06.2014<\/td>\n<td>wynik bardzo dobry<\/td>\n<td>Kurp Maja-5b<\/td>\n<td>Og\u00f3lnopolski Konkurs Ekologiczny \u201eEko-Planeta\u201d<br \/>\n(uczniowie klas V-VI)<\/td>\n<td>Stowarzyszenie Upowszechniania Wiedzy i Kultury Regionalnej w Warszawie<\/td>\n<td width=\"70\">Maria Kowalska<\/td>\n<\/tr>\n<tr>\n<td>04.06.2014<\/td>\n<td>wyr\u00f3\u017cnienie<\/td>\n<td>B\u0142aut Katarzyna-6a<br \/>\nSieczka Piotr-6a<br \/>\nBorowski Adam-6a<br \/>\nPisarczyk Magdalena 6a<br \/>\nBolek Maciej-5b<br \/>\nLoranty Aleksandra-5b<br \/>\nTomaszewska Marta-5b<br \/>\nGa\u0142a Magdalena-5b<\/td>\n<td>Og\u00f3lnopolski Konkurs Ekologiczny \u201eEko-Planeta\u201d<br \/>\n(uczniowie klas V-VI)<\/td>\n<td>Stowarzyszenie Upowszechniania Wiedzy i Kultury Regionalnej w Warszawie<\/td>\n<td width=\"70\">Maria Kowalska<\/td>\n<\/tr>\n<tr>\n<td>04.06.2014<\/td>\n<td>I<\/td>\n<td>Bator Aleksanda-6b<\/td>\n<td>XII Mi\u0119dzyszkolny konkurs pt. &#8222;Z ekologi\u0105 za pan brat&#8221; &#8211; kategoria: prezentacja multimedialana<\/td>\n<td>SP nr 1<\/td>\n<td width=\"70\">Dariusz St\u0119pie\u0144<\/td>\n<\/tr>\n<tr>\n<td>04.06.2014<\/td>\n<td>wyr\u00f3\u017cnienie<\/td>\n<td>Szczepanek Piotr-6b<\/td>\n<td>XII Mi\u0119dzyszkolny konkurs pt. &#8222;Z ekologi\u0105 za pan brat&#8221; &#8211; kategoria: zdj\u0119cia<\/td>\n<td>SP nr 1<\/td>\n<td width=\"70\">Krystyna Banasik<\/td>\n<\/tr>\n<tr>\n<td>30.05.2014<\/td>\n<td>wyr\u00f3\u017cnienie<\/td>\n<td>Jankowski Wiktor-6b<\/td>\n<td>Og\u00f3lnopolski Konkurs Tomik Literacki M\u0142odych Autor\u00f3w o tematyce przyrodniczej<br \/>\nEdycja XIV<\/td>\n<td>Zesp\u00f3\u0142 Szk\u00f3\u0142 w Izabelinie- Stanis\u0142awa Fadrowska &#8211; Adamczyk<\/td>\n<td width=\"70\">Krystyna Banasik<\/td>\n<\/tr>\n<tr>\n<td>28.05.2014<\/td>\n<td>wyr\u00f3\u017cnienie<\/td>\n<td>Sternak Aleksandra-6c<\/td>\n<td>XI Mi\u0119dzyszkolny Konkursu Literacko &#8211; Plastycznego z Okazji \u015awi\u0119ta Polskiej Niezapominajki pod has\u0142em &#8222;Uroki natury pi\u0119kne w s\u0142owach i obrazach zakl\u0119te&#8221;<\/td>\n<td>SP nr 8<\/td>\n<td width=\"70\">Alina Dziopa<\/td>\n<\/tr>\n<tr>\n<td>27.05.2014<\/td>\n<td>II<\/td>\n<td>Zawadzka Oliwia-1a<\/td>\n<td>Mi\u0119dzy\u015bwietlicowy Konkurs Plastyczno -Techniczny\u00a0&#8222;Upominek dla Mamy&#8221;<\/td>\n<td>SP nr 19<\/td>\n<td width=\"70\">Alina Dziopa<\/td>\n<\/tr>\n<tr>\n<td>20.05.2014<\/td>\n<td>II<\/td>\n<td>Sabat WIktoria-3c<\/td>\n<td>Mi\u0119dzyszkolny Konkurs Plastyczny &#8222;Namaluj swoje marzenia &#8211; sw\u00f3j radosny \u015bwiat&#8221;<\/td>\n<td>SP nr 25 i Samorz\u0105dowy O\u015brodek Doradztwa Metodycznego i Doskonalenia Nauczycieli w Kielcach<\/td>\n<td width=\"70\">Alina Dziopa<\/td>\n<\/tr>\n<tr>\n<td>20.05.2014<\/td>\n<td>II<\/td>\n<td>Jantarska Natalia-1b<\/td>\n<td>Mi\u0119dzyszkolny Konkurs Plastyczny &#8222;Namaluj swoje marzenia &#8211; sw\u00f3j radosny \u015bwiat&#8221;<\/td>\n<td>SP nr 25 i Samorz\u0105dowy O\u015brodek Doradztwa Metodycznego i Doskonalenia Nauczycieli w Kielcach<\/td>\n<td width=\"70\">Alina Dziopa<\/td>\n<\/tr>\n<tr>\n<td>20.05.2014<\/td>\n<td>wyr\u00f3\u017cnienie<\/td>\n<td>Glita Oliwia-1b<\/td>\n<td>Mi\u0119dzyszkolny Konkurs Plastyczny &#8222;Namaluj swoje marzenia &#8211; sw\u00f3j radosny \u015bwiat&#8221;<\/td>\n<td>SP nr 25 i Samorz\u0105dowy O\u015brodek Doradztwa Metodycznego i Doskonalenia Nauczycieli w Kielcach<\/td>\n<td width=\"70\">Alina Dziopa<\/td>\n<\/tr>\n<tr>\n<td>20.05.2014<\/td>\n<td>II<\/td>\n<td>Ibe Aleksandra-2c<\/td>\n<td>Mi\u0119dzy\u015bwietlicowy Konkurs pod has\u0142em \u201eWitajcie polskie krzewy, witajcie polskie drzewa\u201d<\/td>\n<td>SP nr 7<\/td>\n<td width=\"70\">Gra\u017cyna Biestek<\/td>\n<\/tr>\n<tr>\n<td>12.05.2014<\/td>\n<td>I<\/td>\n<td>Michalska Nikola-3d<\/td>\n<td>XIX DIECEZJALNY KONKURS PRAC PLASTYCZNYCH<\/td>\n<td><\/td>\n<td width=\"70\">ks. Bogdan Szymkiewicz<\/td>\n<\/tr>\n<tr>\n<td>08.05.2014<\/td>\n<td>I<\/td>\n<td>Michalska Nikola-3d<\/td>\n<td>Mi\u0119dzy\u015bwietlicowy Konkurs Ekologiczny pt. &#8222;Chro\u0144my las i jego mieszka\u0144c\u00f3w&#8221;<\/td>\n<td>SP nr 13<\/td>\n<td width=\"70\">Alina Dziopa<br \/>\nBarbara Sobota<\/td>\n<\/tr>\n<tr>\n<td>29.04.2014<\/td>\n<td>I<\/td>\n<td>Bator Aleksandra-6b<br \/>\nCyprian Nawara-6b<br \/>\nSternak Aleksandra-6c<br \/>\n\u0141uszczek \u0141ukasz-6c<br \/>\nMesek Robert-5d<\/td>\n<td>Europejska Gra Miejska<\/td>\n<td>Gimnazjum nr 7 im. Stanis\u0142awa Moniuszki w Kielcach oraz Punkt Informacji Europejskiej Europe Direct \u2013 Kielce<\/td>\n<td width=\"70\">Krystyna Banasik<\/td>\n<\/tr>\n<tr>\n<td>15.04.2014<\/td>\n<td>III<\/td>\n<td>Kotwica Julia-3c<\/td>\n<td>XII Mi\u0119dzy\u015bwietlicowy Konkurs Plastyczny &#8222;Palma Wielkanocna&#8221;<\/td>\n<td>SP nr 5<\/td>\n<td width=\"70\">Alina Dziopa<br \/>\nBarbara Sobota<\/td>\n<\/tr>\n<tr>\n<td>14.04.2014<\/td>\n<td>wyr\u00f3\u017cnienie<\/td>\n<td width=\"97\">Sternak Micha\u0142-5c<\/td>\n<td width=\"235\">Mi\u0119dzyszkolny Konkurs plastyczny \u201eMOJA RADA NA ODPADA\u201d<\/td>\n<td width=\"173\">Komenda Stra\u017cy Miejskiej w Kielcach<\/td>\n<td width=\"70\">Krystyna Banasik<\/td>\n<\/tr>\n<tr>\n<td>14.04.2014<\/td>\n<td>wyr\u00f3\u017cnienie specjalne<\/td>\n<td width=\"97\">Sternak Aleksandra-6c<\/td>\n<td width=\"235\">Mi\u0119dzyszkolny Konkurs plastyczny \u201eMOJA RADA NA ODPADA\u201d<\/td>\n<td width=\"173\">Komenda Stra\u017cy Miejskiej w Kielcach<\/td>\n<td width=\"70\">Krystyna Banasik<\/td>\n<\/tr>\n<tr>\n<td>11.04.2014<\/td>\n<td>wyr\u00f3\u017cnienie<\/td>\n<td>Tomaszewska Nicole-2b<\/td>\n<td>XII Mi\u0119dzyszkolny Konkurs pod has\u0142em &#8222;Koszyczek Wielkanocny&#8221; w kategorii uczni\u00f3w klas drugich<\/td>\n<td>Katolicka Szko\u0142a Podstawowa\u00a0im. Stanis\u0142awa Kostki<\/td>\n<td width=\"70\">Alina Dziopa<\/td>\n<\/tr>\n<tr>\n<td>11.04.2014<\/td>\n<td>II<\/td>\n<td>Sabat Wiktoria-3c<\/td>\n<td>XII Mi\u0119dzyszkolny Konkurs pod has\u0142em &#8222;Koszyczek Wielkanocny&#8221; w kategorii uczni\u00f3w klas trzecich<\/td>\n<td>Katolicka Szko\u0142a Podstawowa\u00a0im. Stanis\u0142awa Kostki<\/td>\n<td width=\"70\">Alina Dziopa<\/td>\n<\/tr>\n<tr>\n<td>10.04.2014<\/td>\n<td>wyr\u00f3\u017cnienie<\/td>\n<td>Zieli\u0144ska Zuzanna-3c<\/td>\n<td>Mi\u0119dzy\u015bwietlicowy Konkurs Plastyczny pod has\u0142em &#8222;Rozmaito\u015bci \u015awi\u0119tokrzyskie&#8221;<\/td>\n<td>SP nr 12<\/td>\n<td width=\"70\">Alina Dziopa<br \/>\nBarbara Sobota<\/td>\n<\/tr>\n<tr>\n<td>10.04.2014<\/td>\n<td>I<\/td>\n<td>Tomaszewski Piotr-3b<\/td>\n<td>Fina\u0142 IX Miejsko-Powiatowego Konkursu Dzieci\u0119cej Tw\u00f3rczo\u015bci Literacko-Plastycznej pod has\u0142em \u201eMoje spotkanie z przybyszem z obcej planety\u201d<\/td>\n<td>SP nr 13<\/td>\n<td width=\"70\">Ewa Paj\u0105k<\/td>\n<\/tr>\n<tr>\n<td>07.04.2014<\/td>\n<td>I<\/td>\n<td width=\"97\">Bator Aleksandra-6b<\/td>\n<td width=\"235\">XII Mi\u0119dzyszkolny Konkurs Ekologiczno- Informatyczny &#8222;G\u00f3ry \u015awi\u0119tokrzyskie naszym domem&#8221;<\/td>\n<td width=\"173\">SP nr 5<\/td>\n<td width=\"70\">Krystyna Banasik<br \/>\nDariusz St\u0119pie\u0144<\/td>\n<\/tr>\n<tr>\n<td>07.04.2014<\/td>\n<td>III<\/td>\n<td width=\"97\">Fijas Nikola-6c<\/td>\n<td width=\"235\">XII Mi\u0119dzyszkolny Konkurs Ekologiczno- Informatyczny &#8222;G\u00f3ry \u015awi\u0119tokrzyskie naszym domem&#8221;<\/td>\n<td width=\"173\">SP nr 5<\/td>\n<td width=\"70\">Krystyna Banasik<br \/>\nDariusz St\u0119pie\u0144<\/td>\n<\/tr>\n<tr>\n<td>04.04.2014<\/td>\n<td>I<\/td>\n<td>B\u0142aut Katarzyna-6a Lasota Wiktoria-6c<\/td>\n<td>Mi\u0119dzyszkolny Konkurs J\u0119zyka Angielskiego &#8222;Cyberangolek&#8221;<\/td>\n<td>ZSO nr 5 w Kielcach<\/td>\n<td width=\"70\">Barbara Wojtyniak<br \/>\nPiotr Surma<\/td>\n<\/tr>\n<tr>\n<td>03.04.2014<\/td>\n<td>II<\/td>\n<td>Smutek Martyna-3d<\/td>\n<td>XIII Mi\u0119dzy\u015bwietlicowy Konkurs Piosenki &#8222;Wiosna, wiosna, wiosna, ach to Ty&#8221;<\/td>\n<td>SP nr 15<\/td>\n<td width=\"70\">Alina Dziopa<br \/>\nBarbara Sobota<\/td>\n<\/tr>\n<tr>\n<td>28.03.2014<\/td>\n<td>III<\/td>\n<td>Swiercz Maja-4b<\/td>\n<td>XII Mi\u0119dzyszkolny Konkurs Literacki &#8222;Kr\u0119\u0107 si\u0119, kr\u0119\u0107 wrzeciono, wij si\u0119,\u00a0basni, wij&#8221; w kategorii klas IV<\/td>\n<td>ZSO nr 28<\/td>\n<td width=\"70\">Renata Petrus<\/td>\n<\/tr>\n<tr>\n<td>20.03.2014<\/td>\n<td>II<\/td>\n<td width=\"97\">Szczepanek Piotr-6b<br \/>\nJ\u0119czmi\u0144ski Filip-6b<\/td>\n<td width=\"235\">Mi\u0119dzyszkolny Konkurs &#8222;Zosta\u0144 omnibusem wiedzy o zdrowiu&#8221;<\/td>\n<td width=\"173\">Gimnazjum nr 7 im. Stanis\u0142awa Moniuszki w Kielcach<\/td>\n<td width=\"70\">Krystyna Banasik<\/td>\n<\/tr>\n<tr>\n<td>21.03.2014<\/td>\n<td>finalista<\/td>\n<td>Sieczka Piotr-6a<\/td>\n<td>VI Mi\u0119dzyszkolny Konkurs Wiedzy o Krajach Angloj\u0119zycznych &#8222;Anglomaniac&#8221;<\/td>\n<td>SP nr 5<\/td>\n<td width=\"70\">Barbara Wojtyniak<\/td>\n<\/tr>\n<tr>\n<td>11.03.2014<\/td>\n<td>laureat<\/td>\n<td width=\"97\">Lasota Wiktoria-6c<\/td>\n<td width=\"235\">Wojew\u00f3dzki Konkurs z J\u0119zyka Angielskiego<\/td>\n<td width=\"173\">Kuratorium O\u015bwiaty w Kielcach<\/td>\n<td width=\"70\">Piotr Surma<\/td>\n<\/tr>\n<tr>\n<td>11.03.2014<\/td>\n<td>finalista<\/td>\n<td width=\"97\">B\u0142aut Katarzyna-6a<\/td>\n<td width=\"235\">Wojew\u00f3dzki Konkurs z J\u0119zyka Angielskiego<\/td>\n<td width=\"173\">Kuratorium O\u015bwiaty w Kielcach<\/td>\n<td width=\"70\">Barbara Wojtyniak<\/td>\n<\/tr>\n<tr>\n<td>11.03.2014<\/td>\n<td>laureat<\/td>\n<td width=\"97\">Sieczka Piotr-6a<\/td>\n<td width=\"235\">XI Wojew\u00f3dzki Konkurs Humanistyczny<\/td>\n<td width=\"173\">Kuratorium O\u015bwiaty w Kielcach<\/td>\n<td width=\"70\">Emilia Janyst-Klupa<br \/>\nKatarzyna Szostak<\/td>\n<\/tr>\n<tr>\n<td>11.03.2014<\/td>\n<td>finalista<\/td>\n<td width=\"97\">Sieczka Piotr-6a<\/td>\n<td width=\"235\">XI Wojew\u00f3dzki Konkurs Matematyczno-Przyrodniczy<\/td>\n<td width=\"173\">Kuratorium O\u015bwiaty w Kielcach<\/td>\n<td width=\"70\">Maria Kowalska<br \/>\nUrszula Sodel<\/td>\n<\/tr>\n<tr>\n<td>11.03.2014<\/td>\n<td>finalista<\/td>\n<td width=\"97\">Czaja Krzysztof-6c<\/td>\n<td width=\"235\">XI Wojew\u00f3dzki Konkurs Humanistyczny<\/td>\n<td width=\"173\">Kuratorium O\u015bwiaty w Kielcach<\/td>\n<td width=\"70\">Renata Petrus<br \/>\nKatarzyna Szostak<\/td>\n<\/tr>\n<tr>\n<td>22.01.2014<\/td>\n<td>II<\/td>\n<td>Kloczkowska Zosia -3b<\/td>\n<td>VIII Mi\u0119dzy\u015bwietlicowy Konkurs pod has\u0142em\u00a0&#8222;Maska karnawa\u0142owa&#8221;<\/td>\n<td>SP nr 28<\/td>\n<td width=\"70\">Alina Dziopa<br \/>\nBarbara Sobota<\/td>\n<\/tr>\n<tr>\n<td>01.2014<\/td>\n<td>wyr\u00f3\u017cnienie<\/td>\n<td width=\"97\">Aleksandra Skrzypek-6c<br \/>\nJakub Szczepa\u0144ski-6c<br \/>\nAleksandra Sternak-6c<br \/>\nMaciej Pabis-6c<br \/>\nMi\u0142osz Majchrzyk-6c<br \/>\nKarolina \u0141askawska-6c<br \/>\nNikola Fijas-6c<br \/>\nKrzysztof Czaja-6c<br \/>\nAleksandra Bator-6b<br \/>\nMaria Kwieci\u0144ska-6b<br \/>\nMateusz Struski-6b<br \/>\nCyprian Nawara-6b<br \/>\nMateusz Kuziel-6b<br \/>\nPiotr Szczepanek-6b<\/td>\n<td width=\"235\">Og\u00f3lnopolski Konkurs Geograficzny \u201eGeo-Planeta\u201d<\/td>\n<td width=\"173\">Stowarzyszenie Upowszechniania Wiedzy i Kultury Regionalnej w Warszawie<\/td>\n<td width=\"70\">Krystyna Banasik<\/td>\n<\/tr>\n<tr>\n<td>01.2014<\/td>\n<td>III<\/td>\n<td width=\"97\">Gabriela Duda-5a<\/td>\n<td width=\"235\">Mi\u0119dzyszkolny Konkurs Plastyczny\u00a0&#8222;Tuwim 2013&#8221;<\/td>\n<td width=\"173\">Muzeum Narodowe w Kielcach i Towarzystwo Nauczycieli Bibliotekarzy Szk\u00f3\u0142 Polskich<\/td>\n<td width=\"70\">El\u017cbieta W\u00f3jcik<br \/>\nRenata Kozie\u0142<\/td>\n<\/tr>\n<tr>\n<td>17.01.2014<\/td>\n<td>I<\/td>\n<td width=\"97\">Adam Hlebicki J\u00f3zefowicz<br \/>\nAleksandra So\u0142tys-3d<br \/>\nMagdalena Cichy-3b<br \/>\nKrzysztof Adler-3d<br \/>\nNikola Michalska-3d<br \/>\nMa\u0142gorzata Pietrzyk-3c<br \/>\nMateusz Walasek-3b<br \/>\nKlaudia Duda-5b<br \/>\nMagdalena Ga\u0142a-5b<br \/>\nAnna So\u0142tys-5b<br \/>\nAgnieszka St\u0119pniewska-5b<br \/>\nJan Cichanin-3b<br \/>\nMi\u0142osz Ludwinek-3b<br \/>\nPiotr Zaj\u0105c-3b<br \/>\nNatalia Malec-2a<br \/>\nWiktoria Kowalczyk-3a<br \/>\nJulia Ko\u0142odziej-3b<br \/>\nMartyna Smutek-3d<br \/>\nNatalia Wrona-3d<\/td>\n<td width=\"235\">IX Mi\u0119dzyszkolny Konkurs Jase\u0142ek i Przedstawie\u0144 Wigilijnych<\/td>\n<td width=\"173\">Szko\u0142a Katolicka \u015bw. Stanis\u0142awa Kostki w Kielcach<\/td>\n<td width=\"70\">s.Alma-Urszula Wiklak<br \/>\nEwa Nowak<\/td>\n<\/tr>\n<tr>\n<td>17.12.2013<\/td>\n<td>I<\/td>\n<td>Durlik Konrad-2a<\/td>\n<td>XIV Mi\u0119dzy\u015bwietlicowy Konkurs Plastyczno-Techniczny pod has\u0142em<br \/>\n&#8222;Gwiazda Betlejemska&#8221;<\/td>\n<td>SP nr 25<\/td>\n<td width=\"70\">Alina Dziopa<\/td>\n<\/tr>\n<tr>\n<td>28.11.2013<\/td>\n<td>II<\/td>\n<td width=\"97\">Ko\u017cuch Laura-4b<\/td>\n<td width=\"235\">Mi\u0119dzyszkolny Konkurs Plastyczny pt. &#8222;Krew darem \u017cycia&#8221;<\/td>\n<td width=\"173\">PCK &#8211; oddzia\u0142 rejonowy,<br \/>\nRejonowa Rada Honorowych Dawc\u00f3w Krwi PCK w Kielcach<\/td>\n<td width=\"70\">Maria Kowalska<\/td>\n<\/tr>\n<tr>\n<td>28.11.2013<\/td>\n<td>wyr\u00f3\u017cnienie<\/td>\n<td width=\"97\">Szyma\u0144ski Piotr-4b<\/td>\n<td width=\"235\">Mi\u0119dzyszkolny Konkurs Plastyczny pt. &#8222;Krew darem \u017cycia&#8221;<\/td>\n<td width=\"173\">PCK &#8211; oddzia\u0142 rejonowy,<br \/>\nRejonowa Rada Honorowych Dawc\u00f3w Krwi PCK w Kielcach<\/td>\n<td width=\"70\">Maria Kowalska<\/td>\n<\/tr>\n<tr>\n<td>28.11.2013<\/td>\n<td>I<\/td>\n<td width=\"97\">Sieczka Piotr-6a<\/td>\n<td width=\"235\">Mi\u0119dzyszkolny Konkurs Multimedialny &#8222;Tuwim znany i nieznany&#8221;<\/td>\n<td width=\"173\">ZSO nr 6 w Kielcach<\/td>\n<td width=\"70\">Dariusz St\u0119pie\u0144<\/td>\n<\/tr>\n<tr>\n<td>28.11.2013<\/td>\n<td>III<\/td>\n<td width=\"97\">Fijas Nikola-6c<\/td>\n<td width=\"235\">Mi\u0119dzyszkolny Konkurs Multimedialny &#8222;Tuwim znany i nieznany&#8221;<\/td>\n<td width=\"173\">ZSO nr 6 w Kielcach<\/td>\n<td width=\"70\">Dariusz St\u0119pie\u0144<\/td>\n<\/tr>\n<\/tbody>\n<\/table>\n","protected":false},"excerpt":{"rendered":"<p>Konkursy mi\u0119dzyszkolne Data Miejsce Nazwisko i imi\u0119 Nazwa konkursu Organizator Opiekunowie 04.06.2014 wynik bardzo dobry [&hellip;]<\/p>\n","protected":false},"author":4,"featured_media":0,"comment_status":"closed","ping_status":"open","sticky":false,"template":"","format":"standard","meta":{"footnotes":""},"categories":[55],"tags":[],"class_list":["post-1369","post","type-post","status-publish","format-standard","hentry","category-osiagniecia"],"_links":{"self":[{"href":"https:\/\/sp1.kielce.eu\/index.php\/wp-json\/wp\/v2\/posts\/1369","targetHints":{"allow":["GET"]}}],"collection":[{"href":"https:\/\/sp1.kielce.eu\/index.php\/wp-json\/wp\/v2\/posts"}],"about":[{"href":"https:\/\/sp1.kielce.eu\/index.php\/wp-json\/wp\/v2\/types\/post"}],"author":[{"embeddable":true,"href":"https:\/\/sp1.kielce.eu\/index.php\/wp-json\/wp\/v2\/users\/4"}],"replies":[{"embeddable":true,"href":"https:\/\/sp1.kielce.eu\/index.php\/wp-json\/wp\/v2\/comments?post=1369"}],"version-history":[{"count":1,"href":"https:\/\/sp1.kielce.eu\/index.php\/wp-json\/wp\/v2\/posts\/1369\/revisions"}],"predecessor-version":[{"id":1370,"href":"https:\/\/sp1.kielce.eu\/index.php\/wp-json\/wp\/v2\/posts\/1369\/revisions\/1370"}],"wp:attachment":[{"href":"https:\/\/sp1.kielce.eu\/index.php\/wp-json\/wp\/v2\/media?parent=1369"}],"wp:term":[{"taxonomy":"category","embeddable":true,"href":"https:\/\/sp1.kielce.eu\/index.php\/wp-json\/wp\/v2\/categories?post=1369"},{"taxonomy":"post_tag","embeddable":true,"href":"https:\/\/sp1.kielce.eu\/index.php\/wp-json\/wp\/v2\/tags?post=1369"}],"curies":[{"name":"wp","href":"https:\/\/api.w.org\/{rel}","templated":true}]}}