{"id":1367,"date":"2017-03-17T21:30:29","date_gmt":"2017-03-17T20:30:29","guid":{"rendered":"http:\/\/sp1.kielce.eu\/?p=1367"},"modified":"2017-03-30T22:14:14","modified_gmt":"2017-03-30T20:14:14","slug":"osiagniecia2014","status":"publish","type":"post","link":"https:\/\/sp1.kielce.eu\/index.php\/2017\/03\/17\/osiagniecia2014\/","title":{"rendered":"Rok szkolny 2014\/2015"},"content":{"rendered":"<table>\n<tbody>\n<tr>\n<td width=\"101\">Data<\/td>\n<td width=\"70\">Miejsce<\/td>\n<td width=\"102\">Nazwisko i imi\u0119<\/td>\n<td width=\"114\">Nazwa konkursu<\/td>\n<td width=\"102\">Organizator<\/td>\n<td width=\"163\">Opiekunowie<\/td>\n<\/tr>\n<tr>\n<td width=\"101\">01.06.2015<\/p>\n<p>&nbsp;<\/td>\n<td width=\"70\">wyr\u00f3\u017cnienie<\/td>\n<td width=\"102\">Jan Kaczmarski\u20136c<br \/>\nKamil \u015amiglarski\u20136c<br \/>\nJ\u0119drzej Bakalarz-6a<\/td>\n<td width=\"114\">Og\u00f3lnopolski Konkurs Ekologiczny \u201eEko-Planeta\u201d<br \/>\n(uczniowie klas V-VI)<\/td>\n<td width=\"102\">Stowarzyszenie Upowszechniania Wiedzy i Kultury Regionalnej w Warszawie<\/td>\n<td width=\"163\">Krystyna Banasik<\/td>\n<\/tr>\n<tr>\n<td width=\"101\">27.05.2015<\/p>\n<p>&nbsp;<\/td>\n<td width=\"70\">II<\/td>\n<td width=\"102\">Ga\u0142a Magdalena-6b<\/td>\n<td width=\"114\">Wojew\u00f3dzki Konkurs Historyczny &#8211; kategoria: prezentacja multimedialna<\/td>\n<td width=\"102\">XI LO, SODMiDN oraz OMPiO w Kielcach<\/td>\n<td width=\"163\">Katarzyna Szostak<br \/>\nDariusz St\u0119pie\u0144<\/td>\n<\/tr>\n<tr>\n<td width=\"101\">27.05.2015<\/p>\n<p>&nbsp;<\/td>\n<td width=\"70\">wyr\u00f3\u017cnienie<\/td>\n<td width=\"102\">Kurp Maja-6b<\/td>\n<td width=\"114\">Wojew\u00f3dzki Konkurs Historyczny &#8211; kategoria: prezentacja multimedialna<\/td>\n<td width=\"102\">XI LO, SODMiDN oraz OMPiO w Kielcach<\/td>\n<td width=\"163\">Katarzyna Szostak<br \/>\nDariusz St\u0119pie\u0144<\/td>\n<\/tr>\n<tr>\n<td width=\"101\">27.05.2015<\/p>\n<p>&nbsp;<\/td>\n<td width=\"70\">wyr\u00f3\u017cnienie<\/td>\n<td width=\"102\">Pruszkowska Olga-6c<\/td>\n<td width=\"114\">Wojew\u00f3dzki Konkurs Historyczny &#8211; kategoria: plakat<\/td>\n<td width=\"102\">XI LO, SODMiDN oraz OMPiO w Kielcach<\/td>\n<td width=\"163\">Katarzyna Szostak<\/td>\n<\/tr>\n<tr>\n<td width=\"101\">Maj 2015<\/p>\n<p>&nbsp;<\/td>\n<td width=\"70\">III<\/td>\n<td width=\"102\">Trela Franciszek-6c<\/td>\n<td width=\"114\">IX edycja Mi\u0119dzynarodowego Konkursu Informatycznego &#8222;B\u00d3BR&#8221;<\/td>\n<td width=\"102\">Wydzia\u0142 Matematyki i Informatyki Uniwersytetu Miko\u0142aja Kopernika w Toruniu oraz firma VULCAN z Wroc\u0142awia<\/td>\n<td width=\"163\">Dariusz St\u0119pie\u0144<\/td>\n<\/tr>\n<tr>\n<td width=\"101\">Maj 2015<\/p>\n<p>&nbsp;<\/td>\n<td width=\"70\">wyr\u00f3\u017cnienie<\/td>\n<td width=\"102\">Mesek Robert-6d<\/td>\n<td width=\"114\">IX edycja Mi\u0119dzynarodowego Konkursu Informatycznego &#8222;B\u00d3BR&#8221;<\/td>\n<td width=\"102\">Wydzia\u0142 Matematyki i Informatyki Uniwersytetu Miko\u0142aja Kopernika w Toruniu oraz firma VULCAN z Wroc\u0142awia<\/td>\n<td width=\"163\">Dariusz St\u0119pie\u0144<\/td>\n<\/tr>\n<tr>\n<td width=\"101\">21.04.2015<\/p>\n<p>&nbsp;<\/td>\n<td width=\"70\">I<\/td>\n<td width=\"102\">Ga\u0142a Magdalena-6b<\/td>\n<td width=\"114\">XIII Mi\u0119dzyszkolny Konkursu Ekologiczno &#8211; Informatycznego pod has\u0142em &#8222;G\u00f3ry \u015awi\u0119tokrzyskie naszym domem&#8221;<\/td>\n<td width=\"102\">SP nr 5 Kielce<\/td>\n<td width=\"163\">Dariusz St\u0119pie\u0144<\/td>\n<\/tr>\n<tr>\n<td width=\"101\">10.04.2015<\/p>\n<p>&nbsp;<\/td>\n<td width=\"70\">nagroda specjalna<br \/>\nIPN<\/td>\n<td width=\"102\">Ga\u0142a Magdalena-6b<\/td>\n<td width=\"114\">II Mi\u0119dzyszkolny Konkursu na Prezentacj\u0119 Multimedialn\u0105 &#8222;Zacz\u0119\u0142o si\u0119 na Westerplatte&#8221;<\/td>\n<td width=\"102\">Gimnazjum nr 5 Kielce<\/td>\n<td width=\"163\">Katarzyna Szostak<br \/>\nDariusz St\u0119pie\u0144<\/td>\n<\/tr>\n<tr>\n<td width=\"101\">27.03.2015<\/p>\n<p>&nbsp;<\/td>\n<td width=\"70\">II<\/td>\n<td width=\"102\">Borycka Agata<\/td>\n<td width=\"114\">XXII Mi\u0119dzyszkolny Konkurs ,,W\u00a0\u00a0\u00a0\u00a0\u00a0\u00a0 \u015awiecie Ba\u015bni\u201d<\/td>\n<td width=\"102\">SP nr 27 Kielce<\/td>\n<td width=\"163\">Dorota Broni\u015b<\/td>\n<\/tr>\n<tr>\n<td width=\"101\">27.03.2015<\/p>\n<p>&nbsp;<\/td>\n<td width=\"70\">wyr\u00f3\u017cnienie<\/td>\n<td width=\"102\">Anna Ko\u0142ton<\/td>\n<td width=\"114\">XXII Mi\u0119dzyszkolny Konkurs ,,W\u00a0\u00a0\u00a0\u00a0\u00a0\u00a0 \u015awiecie Ba\u015bni\u201d<\/td>\n<td width=\"102\">SP nr 27 Kielce<\/td>\n<td width=\"163\">Dorota Broni\u015b<br \/>\nEl\u017cbieta Litwinek<\/td>\n<\/tr>\n<tr>\n<td width=\"101\">25.03.2015<\/p>\n<p>&nbsp;<\/td>\n<td width=\"70\">wyr\u00f3\u017cnienie<\/td>\n<td width=\"102\">Piwo\u0144ski Bartosz<\/td>\n<td width=\"114\">XIII Mi\u0119dzyszkolny Konkurs Literacki ,,Kr\u0119\u0107 si\u0119, kr\u0119\u0107 wrzeciono\u2026\u201d<\/td>\n<td width=\"102\">SP nr 5 Kielce<\/td>\n<td width=\"163\">Dorota Broni\u015b<\/td>\n<\/tr>\n<tr>\n<td width=\"101\">Marzec 2015<\/p>\n<p>&nbsp;<\/td>\n<td width=\"70\">wyr\u00f3\u017cnienie<\/td>\n<td width=\"102\">Hanna Kwieci\u0144ska<br \/>\nOliwia Ob\u0142\u0105k<\/td>\n<td width=\"114\">Og\u00f3lnopolski Konkurs Polonistyczny ,,Fraszka\u201d<\/td>\n<td width=\"102\">Stowarzyszenie Upowszechniania Wiedzy i Kultury Regionalnej\u00a0 w Warszawie.<\/td>\n<td width=\"163\">Dorota Broni\u015b<br \/>\nRenata Petrus<\/td>\n<\/tr>\n<tr>\n<td width=\"101\">Marzec 2015<\/p>\n<p>&nbsp;<\/td>\n<td width=\"70\">wyr\u00f3\u017cnienie<\/td>\n<td width=\"102\">Gajda Mateusz-6c<br \/>\nMesek Robert\u20136d<br \/>\nBakalarz J\u0119drze\u20136a<br \/>\nKrzysztof Kaczmarzyk-6c<br \/>\nTrela Franciszek\u20136c<br \/>\nPapaj Kacper\u20136c<br \/>\nSpurek Martyna\u20136a<br \/>\nWaluszewska Iga\u20136a<br \/>\nKulkiewicz Oskar\u20136d<br \/>\nSternak Micha\u0142\u20136c<br \/>\nGawe\u0142 Klaudia\u20136d<\/td>\n<td width=\"114\">Og\u00f3lnopolski Konkurs Geograficzny \u201eGeo-Planeta\u201d<\/td>\n<td width=\"102\">Stowarzyszenie Upowszechniania Wiedzy i Kultury Regionalnej w Warszawie<\/td>\n<td width=\"163\">Krystyna Banasik<\/td>\n<\/tr>\n<tr>\n<td width=\"101\">03.02.2015<\/p>\n<p>&nbsp;<\/td>\n<td width=\"70\">II<\/td>\n<td width=\"102\">Jastrz\u0119bska Katarzyna-3<\/td>\n<td width=\"114\">IX Mi\u0119dzy\u015bwietlicowy Konkurs Plastyczno-Techniczny \u201eMaska karnawa\u0142owa\u201d<\/td>\n<td width=\"102\">SP 28 Kielce<\/td>\n<td width=\"163\">El\u017cbieta W\u00f3jcik<\/td>\n<\/tr>\n<tr>\n<td width=\"101\">11.12.2014<\/td>\n<td width=\"70\">I<\/td>\n<td width=\"102\">Ko\u0142ton Anna-4d<\/td>\n<td width=\"114\">IX Mi\u0119dzyszkolny Konkurs Literacko \u2013 Plastyczny<\/p>\n<p>,,W \u015bwiecie utwor\u00f3w Mistrza Adama\u201d<\/td>\n<td width=\"102\">SP 34 Kielce<\/td>\n<td width=\"163\">Dorota Broni\u015b<br \/>\nEl\u017cbieta Litwinek<\/td>\n<\/tr>\n<tr>\n<td width=\"101\">Listopad 2014<\/p>\n<p>&nbsp;<\/td>\n<td width=\"70\">laureat<\/td>\n<td width=\"102\">Kacper Ga\u0142ecki-2b<\/td>\n<td width=\"114\">&#8222;Jestem bezpieczny na drodze&#8221;<\/td>\n<td width=\"102\">Komenda Stra\u017cy Miejskiej w Kielcach<\/td>\n<td width=\"163\">Gra\u017cyna Biestek<\/td>\n<\/tr>\n<\/tbody>\n<\/table>\n","protected":false},"excerpt":{"rendered":"<p>Data Miejsce Nazwisko i imi\u0119 Nazwa konkursu Organizator Opiekunowie 01.06.2015 &nbsp; wyr\u00f3\u017cnienie Jan Kaczmarski\u20136c Kamil [&hellip;]<\/p>\n","protected":false},"author":4,"featured_media":0,"comment_status":"closed","ping_status":"open","sticky":false,"template":"","format":"standard","meta":{"footnotes":""},"categories":[55],"tags":[],"class_list":["post-1367","post","type-post","status-publish","format-standard","hentry","category-osiagniecia"],"_links":{"self":[{"href":"https:\/\/sp1.kielce.eu\/index.php\/wp-json\/wp\/v2\/posts\/1367","targetHints":{"allow":["GET"]}}],"collection":[{"href":"https:\/\/sp1.kielce.eu\/index.php\/wp-json\/wp\/v2\/posts"}],"about":[{"href":"https:\/\/sp1.kielce.eu\/index.php\/wp-json\/wp\/v2\/types\/post"}],"author":[{"embeddable":true,"href":"https:\/\/sp1.kielce.eu\/index.php\/wp-json\/wp\/v2\/users\/4"}],"replies":[{"embeddable":true,"href":"https:\/\/sp1.kielce.eu\/index.php\/wp-json\/wp\/v2\/comments?post=1367"}],"version-history":[{"count":1,"href":"https:\/\/sp1.kielce.eu\/index.php\/wp-json\/wp\/v2\/posts\/1367\/revisions"}],"predecessor-version":[{"id":1368,"href":"https:\/\/sp1.kielce.eu\/index.php\/wp-json\/wp\/v2\/posts\/1367\/revisions\/1368"}],"wp:attachment":[{"href":"https:\/\/sp1.kielce.eu\/index.php\/wp-json\/wp\/v2\/media?parent=1367"}],"wp:term":[{"taxonomy":"category","embeddable":true,"href":"https:\/\/sp1.kielce.eu\/index.php\/wp-json\/wp\/v2\/categories?post=1367"},{"taxonomy":"post_tag","embeddable":true,"href":"https:\/\/sp1.kielce.eu\/index.php\/wp-json\/wp\/v2\/tags?post=1367"}],"curies":[{"name":"wp","href":"https:\/\/api.w.org\/{rel}","templated":true}]}}