{"id":13574,"date":"2020-10-27T08:14:50","date_gmt":"2020-10-27T07:14:50","guid":{"rendered":"http:\/\/sp1.kielce.eu\/?p=13574"},"modified":"2020-10-27T08:14:50","modified_gmt":"2020-10-27T07:14:50","slug":"pola-nadziei-2020-2021-z-jedynka-czesc-i-sadzenie-zonkili-przed-salkami-parafialnymi","status":"publish","type":"post","link":"https:\/\/sp1.kielce.eu\/index.php\/2020\/10\/27\/pola-nadziei-2020-2021-z-jedynka-czesc-i-sadzenie-zonkili-przed-salkami-parafialnymi\/","title":{"rendered":"POLA NADZIEI 2020\/2021 z \u201eJEDYNK\u0104\u201d \u2013 cz\u0119\u015b\u0107 I Sadzenie \u017conkili przed salkami parafialnymi"},"content":{"rendered":"\n<p><strong>Szkolne\nKo\u0142o Wolontariatu \u201eJEDYNKI\u201d&nbsp; za\npozwoleniem dyrekcji naszej Szko\u0142y wesz\u0142o we wsp\u00f3\u0142prac\u0119 z Caritas Kielce dla\nkampanii POLA NADZIEI 2020\/2021<\/strong> <br>\nna rzecz stacjonarnego i domowego Hospicjum im. \u015bw. Matki Teresy z Kalkuty w\nKielcach. <\/p>\n\n\n\n<p>Jeszcze przed tym jak, jako powiat\nkielecki znale\u017ali\u015bmy si\u0119 w czerwonej strefie epidemicznej, uda\u0142o si\u0119 &#8211; kilkunastu\nuczniom ze Szkolnego Ko\u0142a Wolontariatu, g\u0142\u00f3wnie <br>\nz klasy VII C i klasy VIII B &#8211; z wielk\u0105 rado\u015bci\u0105 w\u0142\u0105czy\u0107 si\u0119 w pierwszy etap\nkampanii POLA NADZIEI (etap jesienny), mianowicie, w sadzenie \u017conkili (\u017conkil \u2013\n\u017c\u00f3\u0142ty kwiat symbolizuj\u0105cy nadziej\u0119 \u017cycia, w tym przypadku dla os\u00f3b z\nhospicjum). <\/p>\n\n\n\n<p><strong>Pierwsza\nakcja sadzenia 100 cebulek \u017conkili (kwiat\u00f3w nadziei)<\/strong>\nmia\u0142o miejsce <br>\n<strong>przy salkach parafialnych<\/strong> par. \u015bw.\nJ\u00f3zefa Robotnika w Kielcach. Na zdj\u0119ciach mo\u017cemy zobaczy\u0107 ma\u0142\u0105 relacj\u0119 z\n\u201e\u017c\u00f3\u0142tej akcji\u201d. <\/p>\n\n\n\n<p>Czym s\u0105 POLA NADZIEI? <\/p>\n\n\n\n<p><strong>Pola\nNadziei<\/strong>&nbsp;(ang. Fields of\nHope) \u2013 to program-kampania pomocy na rzecz &nbsp;hospicj\u00f3w. <strong>Symbolem kampanii jest \u017conkil<\/strong>, kt\u00f3rego cebulki sadzi si\u0119 jesieni\u0105,\na na wiosn\u0119 zrywa si\u0119 jego kwiaty i wr\u0119cza osobom, kt\u00f3re promuj\u0105 szacunek do\nka\u017cdego ludzkiego \u017cycia, szczeg\u00f3lnie dla os\u00f3b ci\u0119\u017cko chorych, czy umieraj\u0105cych\ni kt\u00f3re mi\u0119dzy innymi, chc\u0105 materialnie, czy duchowo wesprze\u0107 konkretne\nhospicjum. <\/p>\n\n\n\n<p><strong>\u017bONKIL<\/strong>&nbsp;w czasach staro\u017cytnych by\u0142 <strong>symbolem nadziei na nowe \u017cycie \u2013 odrodzenie.<\/strong>\nW tradycji chrze\u015bcija\u0144skiej wed\u0142ug \u201eS\u0142ownika Symboli\u201d&nbsp; W. Kopali\u0144skiego <strong>\u017conkil symbolizuje triumf po\u015bwi\u0119cenia nad\negoizmem, mi\u0142o\u015bci nad \u015bmierci\u0105, mi\u0142o\u015bci niebia\u0144skiej nad ziemsk\u0105<\/strong>. Kwiat\npoprzez swoj\u0105 subtelno\u015b\u0107, barw\u0119 i zapach u\u015bwiadamia nam wy\u017csze cele istnienia,\nsymbolizuj\u0105c krucho\u015b\u0107 i ulotno\u015b\u0107 \u017cycia, przemijanie \u2013 sta\u0142\u0105 metamorfoz\u0119.<\/p>\n\n\n\n<p><strong>Wa\u017cniejsze cele &#8222;P\u00f3l Nadziei&#8221;:<\/strong><\/p>\n\n\n\n<ol class=\"wp-block-list\"><li><strong>Edukacja<\/strong> rodzinna i szkolna dotycz\u0105ca metod\npracy z nieuleczalnie chorymi lud\u017ami oraz z osobami w \u017ca\u0142obie.<\/li><li>Propagowanie w spo\u0142ecze\u0144stwie postaw altruistycznych,\notwartych na drugiego, zw\u0142aszcza cierpi\u0105cego cz\u0142owieka. Szczeg\u00f3lnie <strong>zach\u0119canie dzieci i m\u0142odzie\u017cy <br>\ndo praktycznego zaanga\u017cowania w pomoc dla ludzi cierpi\u0105cych.<\/strong><strong><\/strong><\/li><li><strong>Pozyskiwanie \u015brodk\u00f3w finansowych<\/strong> potrzebnych\ndla bie\u017c\u0105cego funkcjonowania O\u015brodka Hospicjum<strong>. <\/strong><\/li><\/ol>\n\n\n\n<p>Szkolne Ko\u0142o Wolontariatu i\nKs. Konrad Walerczak <\/p>\n\n\n\n<ul class=\"wp-block-gallery columns-3 is-cropped wp-block-gallery-1 is-layout-flex wp-block-gallery-is-layout-flex\"><li class=\"blocks-gallery-item\"><figure><a href=\"http:\/\/sp1.kielce.eu\/wp-content\/uploads\/2020\/10\/20201009_185930-Medium.jpg\"><img loading=\"lazy\" decoding=\"async\" width=\"1024\" height=\"768\" src=\"http:\/\/sp1.kielce.eu\/wp-content\/uploads\/2020\/10\/20201009_185930-Medium.jpg\" alt=\"\" data-id=\"13578\" data-link=\"http:\/\/sp1.kielce.eu\/?attachment_id=13578\" class=\"wp-image-13578\" srcset=\"https:\/\/sp1.kielce.eu\/wp-content\/uploads\/2020\/10\/20201009_185930-Medium.jpg 1024w, https:\/\/sp1.kielce.eu\/wp-content\/uploads\/2020\/10\/20201009_185930-Medium-300x225.jpg 300w, https:\/\/sp1.kielce.eu\/wp-content\/uploads\/2020\/10\/20201009_185930-Medium-768x576.jpg 768w, https:\/\/sp1.kielce.eu\/wp-content\/uploads\/2020\/10\/20201009_185930-Medium-820x615.jpg 820w\" sizes=\"auto, (max-width: 1024px) 100vw, 1024px\" \/><\/a><figcaption>1<\/figcaption><\/figure><\/li><li class=\"blocks-gallery-item\"><figure><a href=\"http:\/\/sp1.kielce.eu\/wp-content\/uploads\/2020\/10\/20201009_163553-Medium-675x900.jpg\"><img loading=\"lazy\" decoding=\"async\" width=\"675\" height=\"900\" src=\"http:\/\/sp1.kielce.eu\/wp-content\/uploads\/2020\/10\/20201009_163553-Medium-675x900.jpg\" alt=\"\" data-id=\"13575\" data-link=\"http:\/\/sp1.kielce.eu\/?attachment_id=13575\" class=\"wp-image-13575\" srcset=\"https:\/\/sp1.kielce.eu\/wp-content\/uploads\/2020\/10\/20201009_163553-Medium-675x900.jpg 675w, https:\/\/sp1.kielce.eu\/wp-content\/uploads\/2020\/10\/20201009_163553-Medium-225x300.jpg 225w, https:\/\/sp1.kielce.eu\/wp-content\/uploads\/2020\/10\/20201009_163553-Medium.jpg 768w\" sizes=\"auto, (max-width: 675px) 100vw, 675px\" \/><\/a><figcaption>2<\/figcaption><\/figure><\/li><li class=\"blocks-gallery-item\"><figure><a href=\"http:\/\/sp1.kielce.eu\/wp-content\/uploads\/2020\/10\/20201009_164141-Medium-675x900.jpg\"><img loading=\"lazy\" decoding=\"async\" width=\"675\" height=\"900\" src=\"http:\/\/sp1.kielce.eu\/wp-content\/uploads\/2020\/10\/20201009_164141-Medium-675x900.jpg\" alt=\"\" data-id=\"13576\" data-link=\"http:\/\/sp1.kielce.eu\/?attachment_id=13576\" class=\"wp-image-13576\" srcset=\"https:\/\/sp1.kielce.eu\/wp-content\/uploads\/2020\/10\/20201009_164141-Medium-675x900.jpg 675w, https:\/\/sp1.kielce.eu\/wp-content\/uploads\/2020\/10\/20201009_164141-Medium-225x300.jpg 225w, https:\/\/sp1.kielce.eu\/wp-content\/uploads\/2020\/10\/20201009_164141-Medium.jpg 768w\" sizes=\"auto, (max-width: 675px) 100vw, 675px\" \/><\/a><figcaption>3<\/figcaption><\/figure><\/li><li class=\"blocks-gallery-item\"><figure><a href=\"http:\/\/sp1.kielce.eu\/wp-content\/uploads\/2020\/10\/20201009_164157-Medium-675x900.jpg\"><img loading=\"lazy\" decoding=\"async\" width=\"675\" height=\"900\" src=\"http:\/\/sp1.kielce.eu\/wp-content\/uploads\/2020\/10\/20201009_164157-Medium-675x900.jpg\" alt=\"\" data-id=\"13577\" data-link=\"http:\/\/sp1.kielce.eu\/?attachment_id=13577\" class=\"wp-image-13577\" srcset=\"https:\/\/sp1.kielce.eu\/wp-content\/uploads\/2020\/10\/20201009_164157-Medium-675x900.jpg 675w, https:\/\/sp1.kielce.eu\/wp-content\/uploads\/2020\/10\/20201009_164157-Medium-225x300.jpg 225w, https:\/\/sp1.kielce.eu\/wp-content\/uploads\/2020\/10\/20201009_164157-Medium.jpg 768w\" sizes=\"auto, (max-width: 675px) 100vw, 675px\" \/><\/a><figcaption>4<\/figcaption><\/figure><\/li><\/ul>\n","protected":false},"excerpt":{"rendered":"<p>Szkolne Ko\u0142o Wolontariatu \u201eJEDYNKI\u201d&nbsp; za pozwoleniem dyrekcji naszej Szko\u0142y wesz\u0142o we wsp\u00f3\u0142prac\u0119 z Caritas Kielce [&hellip;]<\/p>\n","protected":false},"author":5,"featured_media":13579,"comment_status":"closed","ping_status":"open","sticky":false,"template":"","format":"standard","meta":{"footnotes":""},"categories":[36,163],"tags":[],"class_list":["post-13574","post","type-post","status-publish","format-standard","has-post-thumbnail","hentry","category-wydarzenia","category-skw"],"_links":{"self":[{"href":"https:\/\/sp1.kielce.eu\/index.php\/wp-json\/wp\/v2\/posts\/13574","targetHints":{"allow":["GET"]}}],"collection":[{"href":"https:\/\/sp1.kielce.eu\/index.php\/wp-json\/wp\/v2\/posts"}],"about":[{"href":"https:\/\/sp1.kielce.eu\/index.php\/wp-json\/wp\/v2\/types\/post"}],"author":[{"embeddable":true,"href":"https:\/\/sp1.kielce.eu\/index.php\/wp-json\/wp\/v2\/users\/5"}],"replies":[{"embeddable":true,"href":"https:\/\/sp1.kielce.eu\/index.php\/wp-json\/wp\/v2\/comments?post=13574"}],"version-history":[{"count":1,"href":"https:\/\/sp1.kielce.eu\/index.php\/wp-json\/wp\/v2\/posts\/13574\/revisions"}],"predecessor-version":[{"id":13580,"href":"https:\/\/sp1.kielce.eu\/index.php\/wp-json\/wp\/v2\/posts\/13574\/revisions\/13580"}],"wp:featuredmedia":[{"embeddable":true,"href":"https:\/\/sp1.kielce.eu\/index.php\/wp-json\/wp\/v2\/media\/13579"}],"wp:attachment":[{"href":"https:\/\/sp1.kielce.eu\/index.php\/wp-json\/wp\/v2\/media?parent=13574"}],"wp:term":[{"taxonomy":"category","embeddable":true,"href":"https:\/\/sp1.kielce.eu\/index.php\/wp-json\/wp\/v2\/categories?post=13574"},{"taxonomy":"post_tag","embeddable":true,"href":"https:\/\/sp1.kielce.eu\/index.php\/wp-json\/wp\/v2\/tags?post=13574"}],"curies":[{"name":"wp","href":"https:\/\/api.w.org\/{rel}","templated":true}]}}