{"id":13554,"date":"2020-11-03T13:46:00","date_gmt":"2020-11-03T12:46:00","guid":{"rendered":"http:\/\/sp1.kielce.eu\/?p=13554"},"modified":"2020-11-03T18:12:50","modified_gmt":"2020-11-03T17:12:50","slug":"konkurs-charytatywny-ile-wazy-swiety-mikolaj","status":"publish","type":"post","link":"https:\/\/sp1.kielce.eu\/index.php\/2020\/11\/03\/konkurs-charytatywny-ile-wazy-swiety-mikolaj\/","title":{"rendered":"Konkurs charytatywny &#8222;Ile wa\u017cy \u015awi\u0119ty Miko\u0142aj&#8221;"},"content":{"rendered":"\n<p> Od dnia 26 pa\u017adziernika do dnia 30 listopada nasza szko\u0142a we\u017amie udzia\u0142 w&nbsp;konkursie charytatywnym pt:&nbsp;&#8222;Ile wa\u017cy \u015awi\u0119ty Miko\u0142aj&#8221;. Celem konkursu jest wsparcie funduszu, z&nbsp;kt\u00f3rego wyp\u0142acane s\u0105 stypendia oraz wsparcie dla dzieci i&nbsp;m\u0142odzie\u017cy, wychowank\u00f3w Fundacji Szcz\u0119\u015bliwe Dzieci\u0144stwo. Wsparcie umo\u017cliwia im rozw\u00f3j talent\u00f3w oraz pasji. Dzi\u0119ki niemu m\u0142odzie\u017c zdobywa przydatn\u0105 wiedz\u0119 oraz poznaje sposoby na jej praktyczne wykorzystanie.<br> Misj\u0105 Fundacji jest dobrze wychowa\u0107 m\u0142odego cz\u0142owieka \u2013 na osob\u0119 silnej wiary, o&nbsp;dojrza\u0142ej hierarchii warto\u015bci, dobrego i&nbsp;\u015bwiadomego obywatela oraz patriot\u0119, dzia\u0142aj\u0105cego dla dobra wsp\u00f3lnego i&nbsp;zaanga\u017cowanego w&nbsp;\u017cycie swojego pa\u0144stwa oraz spo\u0142eczno\u015bci lokalnej, sprawnego i&nbsp;skutecznego w&nbsp;dzia\u0142aniu spo\u0142ecznym oraz gospodarczym.<br> Konkurs polega\u0107 b\u0119dzie na zbi\u00f3rce pieni\u0119dzy. W&nbsp;tym przypadku liczy si\u0119 waga a&nbsp;nie nomina\u0142 monet. Zapraszamy wszystkich serdecznie do przy\u0142\u0105czenia si\u0119 do konkursu charytatywnego.<\/p>\n\n\n\n<p class=\"has-text-align-right\"> Koordynatorzy konkursu<br> Ma\u0142y i Du\u017cy Samorz\u0105d Uczniowski<br> oraz Szkolne Ko\u0142o Wolontariatu &#8222;Jedynka&#8221;. <\/p>\n\n\n\n<p><\/p>\n","protected":false},"excerpt":{"rendered":"<p>Od dnia 26 pa\u017adziernika do dnia 30 listopada nasza szko\u0142a we\u017amie udzia\u0142 w&nbsp;konkursie charytatywnym pt:&nbsp;&#8222;Ile [&hellip;]<\/p>\n","protected":false},"author":13,"featured_media":13556,"comment_status":"closed","ping_status":"open","sticky":false,"template":"","format":"standard","meta":{"footnotes":""},"categories":[163,170,18],"tags":[],"class_list":["post-13554","post","type-post","status-publish","format-standard","has-post-thumbnail","hentry","category-skw","category-msu","category-samorzad-uczniowoski"],"_links":{"self":[{"href":"https:\/\/sp1.kielce.eu\/index.php\/wp-json\/wp\/v2\/posts\/13554","targetHints":{"allow":["GET"]}}],"collection":[{"href":"https:\/\/sp1.kielce.eu\/index.php\/wp-json\/wp\/v2\/posts"}],"about":[{"href":"https:\/\/sp1.kielce.eu\/index.php\/wp-json\/wp\/v2\/types\/post"}],"author":[{"embeddable":true,"href":"https:\/\/sp1.kielce.eu\/index.php\/wp-json\/wp\/v2\/users\/13"}],"replies":[{"embeddable":true,"href":"https:\/\/sp1.kielce.eu\/index.php\/wp-json\/wp\/v2\/comments?post=13554"}],"version-history":[{"count":2,"href":"https:\/\/sp1.kielce.eu\/index.php\/wp-json\/wp\/v2\/posts\/13554\/revisions"}],"predecessor-version":[{"id":13763,"href":"https:\/\/sp1.kielce.eu\/index.php\/wp-json\/wp\/v2\/posts\/13554\/revisions\/13763"}],"wp:featuredmedia":[{"embeddable":true,"href":"https:\/\/sp1.kielce.eu\/index.php\/wp-json\/wp\/v2\/media\/13556"}],"wp:attachment":[{"href":"https:\/\/sp1.kielce.eu\/index.php\/wp-json\/wp\/v2\/media?parent=13554"}],"wp:term":[{"taxonomy":"category","embeddable":true,"href":"https:\/\/sp1.kielce.eu\/index.php\/wp-json\/wp\/v2\/categories?post=13554"},{"taxonomy":"post_tag","embeddable":true,"href":"https:\/\/sp1.kielce.eu\/index.php\/wp-json\/wp\/v2\/tags?post=13554"}],"curies":[{"name":"wp","href":"https:\/\/api.w.org\/{rel}","templated":true}]}}