{"id":13492,"date":"2020-10-23T22:56:13","date_gmt":"2020-10-23T20:56:13","guid":{"rendered":"http:\/\/sp1.kielce.eu\/?p=13492"},"modified":"2020-11-08T16:54:55","modified_gmt":"2020-11-08T15:54:55","slug":"informacja","status":"publish","type":"post","link":"https:\/\/sp1.kielce.eu\/index.php\/2020\/10\/23\/informacja\/","title":{"rendered":"Informacja"},"content":{"rendered":"\n<p>W zwi\u0105zku z zakwalifikowaniem miasta Kielc do \u201e<strong><em>strefy\nczerwonej<\/em><\/strong>\u201d, Dyrektor Szko\u0142y Podstawowej nr 1 w&nbsp;Kielcach przypomina\no&nbsp;obowi\u0105zuj\u0105cych w&nbsp;szkole <em>Procedurach bezpiecze\u0144stwa w zwi\u0105zku z&nbsp;konieczno\u015bci\u0105\nstosowania podwy\u017cszonego re\u017cimu sanitarnego<\/em>, <em>zwi\u0105zanego ze stanem\nepidemicznym w&nbsp;kraju<\/em> oraz przypominam Uczniom o&nbsp;przestrzeganiu\nzasad profilaktyki zdrowotnej, a&nbsp;w&nbsp;szczeg\u00f3lno\u015bci:<\/p>\n\n\n\n<ol class=\"wp-block-list\"><li>Zas\u0142aniania ust i&nbsp;nosa maseczk\u0105 lub przy\u0142bic\u0105 podczas przerw mi\u0119dzylekcyjnych oraz przed rozpocz\u0119ciem i&nbsp;po zako\u0144czeniu zaj\u0119\u0107.<\/li><li>Zachowania dystansu spo\u0142ecznego 1,5&nbsp;m<\/li><li>Mycia lub dezynfekowania r\u0105k.<\/li><\/ol>\n\n\n\n<p>Przypominam, \u017ce do szko\u0142y mo\u017ce ucz\u0119szcza\u0107 ucze\u0144 bez objaw\u00f3w chorobowych sugeruj\u0105cych infekcj\u0119 dr\u00f3g oddechowych oraz gdy domownicy nie przebywaj\u0105 na kwarantannie lub w&nbsp;izolacji w&nbsp;warunkach domowych. <\/p>\n\n\n\n<p class=\"has-text-align-right\">Dyrektor Szko\u0142y<br> \u017baneta Szczepaniak<\/p>\n","protected":false},"excerpt":{"rendered":"<p>W zwi\u0105zku z zakwalifikowaniem miasta Kielc do \u201estrefy czerwonej\u201d, Dyrektor Szko\u0142y Podstawowej nr 1 w&nbsp;Kielcach [&hellip;]<\/p>\n","protected":false},"author":13,"featured_media":13496,"comment_status":"closed","ping_status":"open","sticky":false,"template":"","format":"standard","meta":{"footnotes":""},"categories":[1],"tags":[],"class_list":["post-13492","post","type-post","status-publish","format-standard","has-post-thumbnail","hentry","category-bez-kategorii"],"_links":{"self":[{"href":"https:\/\/sp1.kielce.eu\/index.php\/wp-json\/wp\/v2\/posts\/13492","targetHints":{"allow":["GET"]}}],"collection":[{"href":"https:\/\/sp1.kielce.eu\/index.php\/wp-json\/wp\/v2\/posts"}],"about":[{"href":"https:\/\/sp1.kielce.eu\/index.php\/wp-json\/wp\/v2\/types\/post"}],"author":[{"embeddable":true,"href":"https:\/\/sp1.kielce.eu\/index.php\/wp-json\/wp\/v2\/users\/13"}],"replies":[{"embeddable":true,"href":"https:\/\/sp1.kielce.eu\/index.php\/wp-json\/wp\/v2\/comments?post=13492"}],"version-history":[{"count":7,"href":"https:\/\/sp1.kielce.eu\/index.php\/wp-json\/wp\/v2\/posts\/13492\/revisions"}],"predecessor-version":[{"id":13818,"href":"https:\/\/sp1.kielce.eu\/index.php\/wp-json\/wp\/v2\/posts\/13492\/revisions\/13818"}],"wp:featuredmedia":[{"embeddable":true,"href":"https:\/\/sp1.kielce.eu\/index.php\/wp-json\/wp\/v2\/media\/13496"}],"wp:attachment":[{"href":"https:\/\/sp1.kielce.eu\/index.php\/wp-json\/wp\/v2\/media?parent=13492"}],"wp:term":[{"taxonomy":"category","embeddable":true,"href":"https:\/\/sp1.kielce.eu\/index.php\/wp-json\/wp\/v2\/categories?post=13492"},{"taxonomy":"post_tag","embeddable":true,"href":"https:\/\/sp1.kielce.eu\/index.php\/wp-json\/wp\/v2\/tags?post=13492"}],"curies":[{"name":"wp","href":"https:\/\/api.w.org\/{rel}","templated":true}]}}