{"id":13477,"date":"2020-10-23T22:56:54","date_gmt":"2020-10-23T20:56:54","guid":{"rendered":"http:\/\/sp1.kielce.eu\/?p=13477"},"modified":"2020-11-08T16:54:29","modified_gmt":"2020-11-08T15:54:29","slug":"uwaga-5","status":"publish","type":"post","link":"https:\/\/sp1.kielce.eu\/index.php\/2020\/10\/23\/uwaga-5\/","title":{"rendered":"Uwaga"},"content":{"rendered":"\n<p><strong>Dyrektor Szko\u0142y Podstawowej nr 1 w Kielcach informuje, \u017ce:<\/strong><\/p>\n\n\n\n<ul class=\"wp-block-list\"><li><strong>od 26.10.2020 r. do 08.11.2020&nbsp;r. zaj\u0119cia w klasach 4-8 b\u0119d\u0105 odbywa\u0107 si\u0119 w formie zdalnej w us\u0142udze Teams Office 365 wg dotychczasowego planu;<\/strong><\/li><li><strong>uczniowie klas 1-3 realizuj\u0105 zaj\u0119cia jak dotychczas w formie stacjonarnej;<\/strong><\/li><li><strong>\u015bwietlica szkolna funkcjonuje bez zmian.<\/strong><\/li><\/ul>\n\n\n\n<p><strong>Wszelkie zmiany w  funkcjonowaniu szko\u0142y b\u0119dziemy podawa\u0107 na bie\u017c\u0105co za po\u015brednictwem  strony internetowej oraz dziennika elektronicznego. Prosimy o ich  regularne przegl\u0105danie.<\/strong><\/p>\n","protected":false},"excerpt":{"rendered":"<p>Dyrektor Szko\u0142y Podstawowej nr 1 w Kielcach informuje, \u017ce: od 26.10.2020 r. do 08.11.2020&nbsp;r. zaj\u0119cia [&hellip;]<\/p>\n","protected":false},"author":13,"featured_media":13489,"comment_status":"closed","ping_status":"open","sticky":false,"template":"","format":"standard","meta":{"footnotes":""},"categories":[1],"tags":[],"class_list":["post-13477","post","type-post","status-publish","format-standard","has-post-thumbnail","hentry","category-bez-kategorii"],"_links":{"self":[{"href":"https:\/\/sp1.kielce.eu\/index.php\/wp-json\/wp\/v2\/posts\/13477","targetHints":{"allow":["GET"]}}],"collection":[{"href":"https:\/\/sp1.kielce.eu\/index.php\/wp-json\/wp\/v2\/posts"}],"about":[{"href":"https:\/\/sp1.kielce.eu\/index.php\/wp-json\/wp\/v2\/types\/post"}],"author":[{"embeddable":true,"href":"https:\/\/sp1.kielce.eu\/index.php\/wp-json\/wp\/v2\/users\/13"}],"replies":[{"embeddable":true,"href":"https:\/\/sp1.kielce.eu\/index.php\/wp-json\/wp\/v2\/comments?post=13477"}],"version-history":[{"count":10,"href":"https:\/\/sp1.kielce.eu\/index.php\/wp-json\/wp\/v2\/posts\/13477\/revisions"}],"predecessor-version":[{"id":13499,"href":"https:\/\/sp1.kielce.eu\/index.php\/wp-json\/wp\/v2\/posts\/13477\/revisions\/13499"}],"wp:featuredmedia":[{"embeddable":true,"href":"https:\/\/sp1.kielce.eu\/index.php\/wp-json\/wp\/v2\/media\/13489"}],"wp:attachment":[{"href":"https:\/\/sp1.kielce.eu\/index.php\/wp-json\/wp\/v2\/media?parent=13477"}],"wp:term":[{"taxonomy":"category","embeddable":true,"href":"https:\/\/sp1.kielce.eu\/index.php\/wp-json\/wp\/v2\/categories?post=13477"},{"taxonomy":"post_tag","embeddable":true,"href":"https:\/\/sp1.kielce.eu\/index.php\/wp-json\/wp\/v2\/tags?post=13477"}],"curies":[{"name":"wp","href":"https:\/\/api.w.org\/{rel}","templated":true}]}}