{"id":13445,"date":"2020-10-20T08:32:08","date_gmt":"2020-10-20T06:32:08","guid":{"rendered":"http:\/\/sp1.kielce.eu\/?p=13445"},"modified":"2020-10-20T08:32:08","modified_gmt":"2020-10-20T06:32:08","slug":"galeria-plakatow-balladyna-juliusza-slowackiego","status":"publish","type":"post","link":"https:\/\/sp1.kielce.eu\/index.php\/2020\/10\/20\/galeria-plakatow-balladyna-juliusza-slowackiego\/","title":{"rendered":"Galeria plakat\u00f3w &#8211; ,,Balladyna\u201d Juliusza S\u0142owackiego"},"content":{"rendered":"\n<p>Akcji ,,Narodowego\nCzytania\u201d&nbsp; utworu S\u0142owackiego\ntowarzyszy\u0142a wystawa plakat\u00f3w wykonanych przez klas\u0119 7b i 7c . <\/p>\n\n\n\n<p>Historia\nplakatu si\u0119ga XVII\/ XVIII wieku. Pocz\u0105tkowo uwa\u017cany by\u0142 za rodzaj reklamy.\nRozwin\u0105\u0142 si\u0119 wraz z szybkim post\u0119pem technik graficznych. W okresie\nmi\u0119dzywojennym plakat traktowany by\u0142 jako indywidualna wypowied\u017a artystyczna. &nbsp;&nbsp;&nbsp;&nbsp;&nbsp;dzisiejszych czasach plakat ma za zadanie\nspe\u0142nia\u0107 cele informacyjne. &nbsp;W ,,Balladynie\u2019\u2019\nJuliusza S\u0142owackiego pojawiaj\u0105 si\u0119 przedmioty symboliczne, kt\u00f3re maj\u0105 swoje\nukryte znaczenie. Dzia\u0142aj\u0105 one na wyobra\u017ani\u0119 oraz na emocje odbiorcy.\nPrzyk\u0142adami znak\u00f3w s\u0105: krwawa plama na czole, piorun, miecz, korona, maliny. S\u0105\none wa\u017cnym&nbsp; wyznacznikiem utworu.\n<\/p>\n\n\n\n<p>Dzi\u0119ki tej formie\ngrafiki uczniowie nie tylko zrozumieli symbolik\u0119 ,,Balladyny\u201d, ale te\u017c oswoili\nsi\u0119 z zadaniami zwi\u0105zanymi z plakatem, kt\u00f3re pojawiaj\u0105 si\u0119 na egzaminie\n\u00f3smoklasisty. <\/p>\n\n\n\n<p>\u00a0\u00a0\u00a0\u00a0\u00a0\u00a0\u00a0\u00a0\u00a0\u00a0\u00a0\u00a0\u00a0\u00a0\u00a0\u00a0\u00a0\u00a0\u00a0\u00a0\u00a0\u00a0\u00a0\u00a0\u00a0\u00a0\u00a0\u00a0\u00a0\u00a0\u00a0\u00a0\u00a0\u00a0\u00a0\u00a0\u00a0\u00a0\u00a0\u00a0\u00a0\u00a0\u00a0\u00a0\u00a0\u00a0\u00a0\u00a0\u00a0\u00a0\u00a0\u00a0\u00a0\u00a0\u00a0\u00a0\u00a0\u00a0\u00a0\u00a0\u00a0\u00a0\u00a0\u00a0\u00a0\u00a0\u00a0\u00a0Dorota Broni\u015b-\u00a0 nauczyciel j. polskiego<\/p>\n\n\n\n<ul class=\"wp-block-gallery columns-3 is-cropped wp-block-gallery-1 is-layout-flex wp-block-gallery-is-layout-flex\"><li class=\"blocks-gallery-item\"><figure><a href=\"http:\/\/sp1.kielce.eu\/wp-content\/uploads\/2020\/10\/20201013_075044-Medium-649x900.jpg\"><img loading=\"lazy\" decoding=\"async\" width=\"649\" height=\"900\" src=\"http:\/\/sp1.kielce.eu\/wp-content\/uploads\/2020\/10\/20201013_075044-Medium-649x900.jpg\" alt=\"\" data-id=\"13446\" data-link=\"http:\/\/sp1.kielce.eu\/?attachment_id=13446\" class=\"wp-image-13446\" srcset=\"https:\/\/sp1.kielce.eu\/wp-content\/uploads\/2020\/10\/20201013_075044-Medium-649x900.jpg 649w, https:\/\/sp1.kielce.eu\/wp-content\/uploads\/2020\/10\/20201013_075044-Medium-216x300.jpg 216w, https:\/\/sp1.kielce.eu\/wp-content\/uploads\/2020\/10\/20201013_075044-Medium.jpg 768w\" sizes=\"auto, (max-width: 649px) 100vw, 649px\" \/><\/a><figcaption>1<\/figcaption><\/figure><\/li><li class=\"blocks-gallery-item\"><figure><a href=\"http:\/\/sp1.kielce.eu\/wp-content\/uploads\/2020\/10\/20201013_075059-Medium-636x900.jpg\"><img loading=\"lazy\" decoding=\"async\" width=\"636\" height=\"900\" src=\"http:\/\/sp1.kielce.eu\/wp-content\/uploads\/2020\/10\/20201013_075059-Medium-636x900.jpg\" alt=\"\" data-id=\"13447\" data-link=\"http:\/\/sp1.kielce.eu\/?attachment_id=13447\" class=\"wp-image-13447\" srcset=\"https:\/\/sp1.kielce.eu\/wp-content\/uploads\/2020\/10\/20201013_075059-Medium-636x900.jpg 636w, https:\/\/sp1.kielce.eu\/wp-content\/uploads\/2020\/10\/20201013_075059-Medium-212x300.jpg 212w, https:\/\/sp1.kielce.eu\/wp-content\/uploads\/2020\/10\/20201013_075059-Medium.jpg 768w\" sizes=\"auto, (max-width: 636px) 100vw, 636px\" \/><\/a><figcaption>2<\/figcaption><\/figure><\/li><li class=\"blocks-gallery-item\"><figure><a href=\"http:\/\/sp1.kielce.eu\/wp-content\/uploads\/2020\/10\/Anna-Wi\u0164niewska-plakat-Balladyna-1-Medium-636x900.jpg\"><img loading=\"lazy\" decoding=\"async\" width=\"636\" height=\"900\" src=\"http:\/\/sp1.kielce.eu\/wp-content\/uploads\/2020\/10\/Anna-Wi\u0164niewska-plakat-Balladyna-1-Medium-636x900.jpg\" alt=\"\" data-id=\"13448\" data-link=\"http:\/\/sp1.kielce.eu\/?attachment_id=13448\" class=\"wp-image-13448\" srcset=\"https:\/\/sp1.kielce.eu\/wp-content\/uploads\/2020\/10\/Anna-Wi\u0164niewska-plakat-Balladyna-1-Medium-636x900.jpg 636w, https:\/\/sp1.kielce.eu\/wp-content\/uploads\/2020\/10\/Anna-Wi\u0164niewska-plakat-Balladyna-1-Medium-212x300.jpg 212w, https:\/\/sp1.kielce.eu\/wp-content\/uploads\/2020\/10\/Anna-Wi\u0164niewska-plakat-Balladyna-1-Medium.jpg 768w\" sizes=\"auto, (max-width: 636px) 100vw, 636px\" \/><\/a><figcaption>3<\/figcaption><\/figure><\/li><li class=\"blocks-gallery-item\"><figure><a href=\"http:\/\/sp1.kielce.eu\/wp-content\/uploads\/2020\/10\/Balladyna-Kamil-Kubicki-1-Medium-636x900.jpg\"><img loading=\"lazy\" decoding=\"async\" width=\"636\" height=\"900\" src=\"http:\/\/sp1.kielce.eu\/wp-content\/uploads\/2020\/10\/Balladyna-Kamil-Kubicki-1-Medium-636x900.jpg\" alt=\"\" data-id=\"13449\" data-link=\"http:\/\/sp1.kielce.eu\/?attachment_id=13449\" class=\"wp-image-13449\" srcset=\"https:\/\/sp1.kielce.eu\/wp-content\/uploads\/2020\/10\/Balladyna-Kamil-Kubicki-1-Medium-636x900.jpg 636w, https:\/\/sp1.kielce.eu\/wp-content\/uploads\/2020\/10\/Balladyna-Kamil-Kubicki-1-Medium-212x300.jpg 212w, https:\/\/sp1.kielce.eu\/wp-content\/uploads\/2020\/10\/Balladyna-Kamil-Kubicki-1-Medium.jpg 768w\" sizes=\"auto, (max-width: 636px) 100vw, 636px\" \/><\/a><figcaption>4<\/figcaption><\/figure><\/li><li class=\"blocks-gallery-item\"><figure><a href=\"http:\/\/sp1.kielce.eu\/wp-content\/uploads\/2020\/10\/kola-Balladyna-1-Medium.jpg\"><img loading=\"lazy\" decoding=\"async\" width=\"768\" height=\"797\" src=\"http:\/\/sp1.kielce.eu\/wp-content\/uploads\/2020\/10\/kola-Balladyna-1-Medium.jpg\" alt=\"\" data-id=\"13450\" data-link=\"http:\/\/sp1.kielce.eu\/?attachment_id=13450\" class=\"wp-image-13450\" srcset=\"https:\/\/sp1.kielce.eu\/wp-content\/uploads\/2020\/10\/kola-Balladyna-1-Medium.jpg 768w, https:\/\/sp1.kielce.eu\/wp-content\/uploads\/2020\/10\/kola-Balladyna-1-Medium-289x300.jpg 289w\" sizes=\"auto, (max-width: 768px) 100vw, 768px\" \/><\/a><figcaption>5<\/figcaption><\/figure><\/li><\/ul>\n\n\n\n<p>\u00a0\u00a0\u00a0\u00a0\u00a0\u00a0\u00a0\u00a0\u00a0\u00a0\u00a0\u00a0\u00a0\u00a0\u00a0\u00a0\u00a0\u00a0\u00a0\u00a0\u00a0\u00a0\u00a0\u00a0\u00a0\u00a0\u00a0\u00a0\u00a0\u00a0\u00a0\u00a0\u00a0\u00a0\u00a0\u00a0\u00a0\u00a0\u00a0\u00a0\u00a0\u00a0\u00a0\u00a0\u00a0\u00a0\u00a0\u00a0\u00a0\u00a0\u00a0\u00a0\u00a0\u00a0\u00a0\u00a0\u00a0\u00a0\u00a0\u00a0\u00a0\u00a0\u00a0\u00a0\u00a0\u00a0 Agnieszka Pawlik \u2013 nauczyciel plastyki <\/p>\n","protected":false},"excerpt":{"rendered":"<p>Akcji ,,Narodowego Czytania\u201d&nbsp; utworu S\u0142owackiego towarzyszy\u0142a wystawa plakat\u00f3w wykonanych przez klas\u0119 7b i 7c . [&hellip;]<\/p>\n","protected":false},"author":5,"featured_media":13450,"comment_status":"closed","ping_status":"open","sticky":false,"template":"","format":"standard","meta":{"footnotes":""},"categories":[36],"tags":[],"class_list":["post-13445","post","type-post","status-publish","format-standard","has-post-thumbnail","hentry","category-wydarzenia"],"_links":{"self":[{"href":"https:\/\/sp1.kielce.eu\/index.php\/wp-json\/wp\/v2\/posts\/13445","targetHints":{"allow":["GET"]}}],"collection":[{"href":"https:\/\/sp1.kielce.eu\/index.php\/wp-json\/wp\/v2\/posts"}],"about":[{"href":"https:\/\/sp1.kielce.eu\/index.php\/wp-json\/wp\/v2\/types\/post"}],"author":[{"embeddable":true,"href":"https:\/\/sp1.kielce.eu\/index.php\/wp-json\/wp\/v2\/users\/5"}],"replies":[{"embeddable":true,"href":"https:\/\/sp1.kielce.eu\/index.php\/wp-json\/wp\/v2\/comments?post=13445"}],"version-history":[{"count":1,"href":"https:\/\/sp1.kielce.eu\/index.php\/wp-json\/wp\/v2\/posts\/13445\/revisions"}],"predecessor-version":[{"id":13451,"href":"https:\/\/sp1.kielce.eu\/index.php\/wp-json\/wp\/v2\/posts\/13445\/revisions\/13451"}],"wp:featuredmedia":[{"embeddable":true,"href":"https:\/\/sp1.kielce.eu\/index.php\/wp-json\/wp\/v2\/media\/13450"}],"wp:attachment":[{"href":"https:\/\/sp1.kielce.eu\/index.php\/wp-json\/wp\/v2\/media?parent=13445"}],"wp:term":[{"taxonomy":"category","embeddable":true,"href":"https:\/\/sp1.kielce.eu\/index.php\/wp-json\/wp\/v2\/categories?post=13445"},{"taxonomy":"post_tag","embeddable":true,"href":"https:\/\/sp1.kielce.eu\/index.php\/wp-json\/wp\/v2\/tags?post=13445"}],"curies":[{"name":"wp","href":"https:\/\/api.w.org\/{rel}","templated":true}]}}