{"id":13406,"date":"2020-10-15T00:18:00","date_gmt":"2020-10-14T22:18:00","guid":{"rendered":"http:\/\/sp1.kielce.eu\/?p=13406"},"modified":"2020-10-15T00:18:00","modified_gmt":"2020-10-14T22:18:00","slug":"dziekujemy-za-zyczenia","status":"publish","type":"post","link":"https:\/\/sp1.kielce.eu\/index.php\/2020\/10\/15\/dziekujemy-za-zyczenia\/","title":{"rendered":"DZI\u0118KUJEMY ZA \u017bYCZENIA"},"content":{"rendered":"\n<p>14 pa\u017adziernika, jak co roku obchodzony jest Dzie\u0144 Edukacji Narodowej. <br>W tym dniu otrzymali\u015bmy \u017cyczenia od Pani Prezes Fundacji VIVE Serce Dzieciom Gra\u017cyny Jarosz, za kt\u00f3re serdecznie dzi\u0119kujemy. <\/p>\n\n\n\n<p>Oto one:<\/p>\n\n\n\n<p>Szanowni Pa\u0144stwo,<br>Dzisiejsze Wasze \u015awi\u0119to jest szczeg\u00f3lne, bo czas kiedy go obchodzicie, tak bardzo r\u00f3\u017cni si\u0119 od lat, w\u00a0kt\u00f3rych jeszcze tak niedawno \u017cyli\u015bmy&#8230;<br>\u017bycz\u0119 Pa\u0144stwu w\u00a0Dniu Edukacji Narodowej du\u017co spokoju, a\u00a0w\u00a0trudno\u015bciach, kt\u00f3re prze\u017cywamy, by\u015bcie Pa\u0144stwo odkrywali nowe mo\u017cliwo\u015bci i\u00a0nie tracili si\u0142y.<br>Du\u017co sukces\u00f3w i\u00a0rado\u015bci w\u00a0pracy z\u00a0dzie\u0107mi, a\u00a0dzisiaj przede wszystkim &#8211; zdrowia!<\/p>\n\n\n\n<p>Dedykuj\u0119 Pa\u0144stwu wiersz poetki Wandy Grodzie\u0144skiej \u201eNasza\nPani&#8221;<\/p>\n\n\n\n<p>Umie sobie radzi\u0107 z nami<br>\nNasza Pani!<br>\nGdy jeste\u015bmy rozhukani,<br>\nNie strofuje nas, nie gani,<br>\nLecz po dzwonku, stoj\u0105c<br>\nwe drzwiach, pyta:<br>\n\u2013 Czy ju\u017c mog\u0119 ze sw\u0105 klas\u0105 si\u0119 przywita\u0107?<\/p>\n\n\n\n<p> Kiedy lekcji nie umiemy czasem,<br> Pani smutnie spogl\u0105da na klas\u0119.<br> \u2013 Przecie\u017c w naszej szkole nie ma leni&#8230;<br> Kto was, dzieci, tak nagle odmieni\u0142?<br> Mo\u017ce grypa, bo zn\u00f3w szerzy si\u0119 w mie\u015bcie?<br> Tak, na pewno chorzy jeste\u015bcie!<\/p>\n\n\n\n<p>A nam wstyd! Ju\u017c si\u0119 nikt nie o\u015bmieli<br>\nLeniuchowa\u0107 do nast\u0119pnej niedzieli!<\/p>\n\n\n\n<p> Lecz gdy klasa do rachunk\u00f3w si\u0119 przyk\u0142ada,<br> Kiedy pilnie si\u0119 uczymy wierszy?<br> W oczach Pani iskierkami \u015bwieci rado\u015b\u0107<br> I u\u015bmiechem darzy nas najszczerszym.<br> S\u0142abszym uczy\u0107 si\u0119 pomaga jak kolega<br> I na przerwie razem z nami biega.<\/p>\n\n\n\n<p> Gdy nikt Pani nie zasmuci od rana,<br> Ka\u017cda lekcja jest mi\u0142a jak \u015bwi\u0119to.<br> Rado\u015b\u0107 Pani jest nagrod\u0105 dla nas<br> I najmilsz\u0105 do pracy zach\u0119t\u0105.<\/p>\n\n\n\n<p>Serdecznie pozdrawiam<br>Gra\u017cyna Jarosz<br>Fundacja VIVE Serce Dzieciom<\/p>\n","protected":false},"excerpt":{"rendered":"<p>14 pa\u017adziernika, jak co roku obchodzony jest Dzie\u0144 Edukacji Narodowej. W tym dniu otrzymali\u015bmy \u017cyczenia [&hellip;]<\/p>\n","protected":false},"author":13,"featured_media":13408,"comment_status":"closed","ping_status":"open","sticky":false,"template":"","format":"standard","meta":{"footnotes":""},"categories":[36],"tags":[],"class_list":["post-13406","post","type-post","status-publish","format-standard","has-post-thumbnail","hentry","category-wydarzenia"],"_links":{"self":[{"href":"https:\/\/sp1.kielce.eu\/index.php\/wp-json\/wp\/v2\/posts\/13406","targetHints":{"allow":["GET"]}}],"collection":[{"href":"https:\/\/sp1.kielce.eu\/index.php\/wp-json\/wp\/v2\/posts"}],"about":[{"href":"https:\/\/sp1.kielce.eu\/index.php\/wp-json\/wp\/v2\/types\/post"}],"author":[{"embeddable":true,"href":"https:\/\/sp1.kielce.eu\/index.php\/wp-json\/wp\/v2\/users\/13"}],"replies":[{"embeddable":true,"href":"https:\/\/sp1.kielce.eu\/index.php\/wp-json\/wp\/v2\/comments?post=13406"}],"version-history":[{"count":1,"href":"https:\/\/sp1.kielce.eu\/index.php\/wp-json\/wp\/v2\/posts\/13406\/revisions"}],"predecessor-version":[{"id":13407,"href":"https:\/\/sp1.kielce.eu\/index.php\/wp-json\/wp\/v2\/posts\/13406\/revisions\/13407"}],"wp:featuredmedia":[{"embeddable":true,"href":"https:\/\/sp1.kielce.eu\/index.php\/wp-json\/wp\/v2\/media\/13408"}],"wp:attachment":[{"href":"https:\/\/sp1.kielce.eu\/index.php\/wp-json\/wp\/v2\/media?parent=13406"}],"wp:term":[{"taxonomy":"category","embeddable":true,"href":"https:\/\/sp1.kielce.eu\/index.php\/wp-json\/wp\/v2\/categories?post=13406"},{"taxonomy":"post_tag","embeddable":true,"href":"https:\/\/sp1.kielce.eu\/index.php\/wp-json\/wp\/v2\/tags?post=13406"}],"curies":[{"name":"wp","href":"https:\/\/api.w.org\/{rel}","templated":true}]}}