{"id":13357,"date":"2020-10-13T23:25:19","date_gmt":"2020-10-13T21:25:19","guid":{"rendered":"http:\/\/sp1.kielce.eu\/?p=13357"},"modified":"2020-10-15T23:12:25","modified_gmt":"2020-10-15T21:12:25","slug":"dzien-edukacji-narodowej-2","status":"publish","type":"post","link":"https:\/\/sp1.kielce.eu\/index.php\/2020\/10\/13\/dzien-edukacji-narodowej-2\/","title":{"rendered":"Dzie\u0144 Edukacji Narodowej"},"content":{"rendered":"\n<p style=\"text-align:center\"><em>S\u0142owo mi\u0142o\u015b\u0107 &#8211; za Wasze troski, <\/em><br><em>S\u0142owo wdzi\u0119czno\u015b\u0107 &#8211; za Wasz trud. <\/em><br><em>Dar to skromny, dar uczniowski, <\/em><br><em>Wy\u015bpiewany z serc jak z nut. <\/em><\/p>\n\n\n\n<p>Pragniemy z\u0142o\u017cy\u0107 wszystkim pedagogom oraz pracownikom szko\u0142y serdeczne podzi\u0119kowania za ich dydaktyczny oraz wychowawczy trud.<br>&nbsp;Niech Dzie\u0144 Edukacji Narodowej oraz inne dni w&nbsp;roku szkolnym b\u0119d\u0105 radosne, spokojne, pe\u0142ne zadowolenia, ale i&nbsp;odpowiedzialno\u015bci za edukacj\u0119 i&nbsp;wychowanie tych, kt\u00f3rzy s\u0105 przysz\u0142o\u015bci\u0105 i&nbsp;nadziej\u0105 narodu.<br>&nbsp;\u017byczymy Wam, aby nie\u0142atwa misja pedagoga i&nbsp;wychowawcy przynosi\u0142a jak najlepsze efekty, satysfakcj\u0119 i&nbsp;rado\u015b\u0107. Aby trudowi wk\u0142adanemu w&nbsp;edukacj\u0119 towarzyszy\u0142y zawsze zaufanie i&nbsp;szacunek uczni\u00f3w.<\/p>\n\n\n\n<p style=\"text-align:right\">&nbsp;W imieniu spo\u0142eczno\u015bci szkolnej<br> Ma\u0142y i Du\u017cy Samorz\u0105d Uczniowski<\/p>\n\n\n\n<ul class=\"wp-block-gallery columns-5 is-cropped wp-block-gallery-1 is-layout-flex wp-block-gallery-is-layout-flex\"><li class=\"blocks-gallery-item\"><figure><a href=\"http:\/\/sp1.kielce.eu\/wp-content\/uploads\/2020\/10\/Dzie\u0144-Nauczyciela-Copy.png\"><img loading=\"lazy\" decoding=\"async\" width=\"1200\" height=\"486\" src=\"http:\/\/sp1.kielce.eu\/wp-content\/uploads\/2020\/10\/Dzie\u0144-Nauczyciela-Copy.png\" alt=\"\" data-id=\"13416\" data-link=\"http:\/\/sp1.kielce.eu\/index.php\/2020\/10\/13\/dzien-edukacji-narodowej-2\/dzien-nauczyciela-copy\/\" class=\"wp-image-13416\" srcset=\"https:\/\/sp1.kielce.eu\/wp-content\/uploads\/2020\/10\/Dzie\u0144-Nauczyciela-Copy.png 1200w, https:\/\/sp1.kielce.eu\/wp-content\/uploads\/2020\/10\/Dzie\u0144-Nauczyciela-Copy-300x122.png 300w, https:\/\/sp1.kielce.eu\/wp-content\/uploads\/2020\/10\/Dzie\u0144-Nauczyciela-Copy-768x311.png 768w, https:\/\/sp1.kielce.eu\/wp-content\/uploads\/2020\/10\/Dzie\u0144-Nauczyciela-Copy-820x332.png 820w\" sizes=\"auto, (max-width: 1200px) 100vw, 1200px\" \/><\/a><\/figure><\/li><li class=\"blocks-gallery-item\"><figure><a href=\"http:\/\/sp1.kielce.eu\/wp-content\/uploads\/2020\/10\/20201012_081553-Copy-Copy-1200x900.jpg\"><img loading=\"lazy\" decoding=\"async\" width=\"1200\" height=\"900\" src=\"http:\/\/sp1.kielce.eu\/wp-content\/uploads\/2020\/10\/20201012_081553-Copy-Copy-1200x900.jpg\" alt=\"\" data-id=\"13376\" data-link=\"http:\/\/sp1.kielce.eu\/20201012_081553-copy-copy\/\" class=\"wp-image-13376\" srcset=\"https:\/\/sp1.kielce.eu\/wp-content\/uploads\/2020\/10\/20201012_081553-Copy-Copy.jpg 1200w, https:\/\/sp1.kielce.eu\/wp-content\/uploads\/2020\/10\/20201012_081553-Copy-Copy-300x225.jpg 300w, https:\/\/sp1.kielce.eu\/wp-content\/uploads\/2020\/10\/20201012_081553-Copy-Copy-768x576.jpg 768w, https:\/\/sp1.kielce.eu\/wp-content\/uploads\/2020\/10\/20201012_081553-Copy-Copy-820x615.jpg 820w\" sizes=\"auto, (max-width: 1200px) 100vw, 1200px\" \/><\/a><\/figure><\/li><li class=\"blocks-gallery-item\"><figure><a href=\"http:\/\/sp1.kielce.eu\/wp-content\/uploads\/2020\/10\/20201012_081811-Copy-Copy-1200x900.jpg\"><img loading=\"lazy\" decoding=\"async\" width=\"1200\" height=\"900\" src=\"http:\/\/sp1.kielce.eu\/wp-content\/uploads\/2020\/10\/20201012_081811-Copy-Copy-1200x900.jpg\" alt=\"\" data-id=\"13377\" data-link=\"http:\/\/sp1.kielce.eu\/20201012_081811-copy-copy\/\" class=\"wp-image-13377\" srcset=\"https:\/\/sp1.kielce.eu\/wp-content\/uploads\/2020\/10\/20201012_081811-Copy-Copy.jpg 1200w, https:\/\/sp1.kielce.eu\/wp-content\/uploads\/2020\/10\/20201012_081811-Copy-Copy-300x225.jpg 300w, https:\/\/sp1.kielce.eu\/wp-content\/uploads\/2020\/10\/20201012_081811-Copy-Copy-768x576.jpg 768w, https:\/\/sp1.kielce.eu\/wp-content\/uploads\/2020\/10\/20201012_081811-Copy-Copy-820x615.jpg 820w\" sizes=\"auto, (max-width: 1200px) 100vw, 1200px\" \/><\/a><\/figure><\/li><li class=\"blocks-gallery-item\"><figure><a href=\"http:\/\/sp1.kielce.eu\/wp-content\/uploads\/2020\/10\/20201012_082141-Copy-675x900.jpg\"><img loading=\"lazy\" decoding=\"async\" width=\"675\" height=\"900\" src=\"http:\/\/sp1.kielce.eu\/wp-content\/uploads\/2020\/10\/20201012_082141-Copy-675x900.jpg\" alt=\"\" data-id=\"13360\" data-link=\"http:\/\/sp1.kielce.eu\/index.php\/2020\/10\/13\/dzien-edukacji-narodowej-2\/20201012_082141-copy\/\" class=\"wp-image-13360\" srcset=\"https:\/\/sp1.kielce.eu\/wp-content\/uploads\/2020\/10\/20201012_082141-Copy.jpg 675w, https:\/\/sp1.kielce.eu\/wp-content\/uploads\/2020\/10\/20201012_082141-Copy-225x300.jpg 225w\" sizes=\"auto, (max-width: 675px) 100vw, 675px\" \/><\/a><\/figure><\/li><li class=\"blocks-gallery-item\"><figure><a href=\"http:\/\/sp1.kielce.eu\/wp-content\/uploads\/2020\/10\/20201012_082403-Copy-675x900.jpg\"><img loading=\"lazy\" decoding=\"async\" width=\"675\" height=\"900\" src=\"http:\/\/sp1.kielce.eu\/wp-content\/uploads\/2020\/10\/20201012_082403-Copy-675x900.jpg\" alt=\"\" data-id=\"13361\" data-link=\"http:\/\/sp1.kielce.eu\/index.php\/2020\/10\/13\/dzien-edukacji-narodowej-2\/20201012_082403-copy\/\" class=\"wp-image-13361\" srcset=\"https:\/\/sp1.kielce.eu\/wp-content\/uploads\/2020\/10\/20201012_082403-Copy.jpg 675w, https:\/\/sp1.kielce.eu\/wp-content\/uploads\/2020\/10\/20201012_082403-Copy-225x300.jpg 225w\" sizes=\"auto, (max-width: 675px) 100vw, 675px\" \/><\/a><\/figure><\/li><li class=\"blocks-gallery-item\"><figure><a href=\"http:\/\/sp1.kielce.eu\/wp-content\/uploads\/2020\/10\/20201012_082458-Copy-Copy-675x900.jpg\"><img loading=\"lazy\" decoding=\"async\" width=\"675\" height=\"900\" src=\"http:\/\/sp1.kielce.eu\/wp-content\/uploads\/2020\/10\/20201012_082458-Copy-Copy-675x900.jpg\" alt=\"\" data-id=\"13378\" data-link=\"http:\/\/sp1.kielce.eu\/20201012_082458-copy-copy\/\" class=\"wp-image-13378\" srcset=\"https:\/\/sp1.kielce.eu\/wp-content\/uploads\/2020\/10\/20201012_082458-Copy-Copy.jpg 675w, https:\/\/sp1.kielce.eu\/wp-content\/uploads\/2020\/10\/20201012_082458-Copy-Copy-225x300.jpg 225w\" sizes=\"auto, (max-width: 675px) 100vw, 675px\" \/><\/a><\/figure><\/li><li class=\"blocks-gallery-item\"><figure><a href=\"http:\/\/sp1.kielce.eu\/wp-content\/uploads\/2020\/10\/20201012_082617-Copy-675x900.jpg\"><img loading=\"lazy\" decoding=\"async\" width=\"675\" height=\"900\" src=\"http:\/\/sp1.kielce.eu\/wp-content\/uploads\/2020\/10\/20201012_082617-Copy-675x900.jpg\" alt=\"\" data-id=\"13363\" data-link=\"http:\/\/sp1.kielce.eu\/index.php\/2020\/10\/13\/dzien-edukacji-narodowej-2\/20201012_082617-copy\/\" class=\"wp-image-13363\" srcset=\"https:\/\/sp1.kielce.eu\/wp-content\/uploads\/2020\/10\/20201012_082617-Copy.jpg 675w, https:\/\/sp1.kielce.eu\/wp-content\/uploads\/2020\/10\/20201012_082617-Copy-225x300.jpg 225w\" sizes=\"auto, (max-width: 675px) 100vw, 675px\" \/><\/a><\/figure><\/li><li class=\"blocks-gallery-item\"><figure><a href=\"http:\/\/sp1.kielce.eu\/wp-content\/uploads\/2020\/10\/20201012_082654-Copy-646x900.jpg\"><img loading=\"lazy\" decoding=\"async\" width=\"646\" height=\"900\" src=\"http:\/\/sp1.kielce.eu\/wp-content\/uploads\/2020\/10\/20201012_082654-Copy-646x900.jpg\" alt=\"\" data-id=\"13364\" data-link=\"http:\/\/sp1.kielce.eu\/index.php\/2020\/10\/13\/dzien-edukacji-narodowej-2\/20201012_082654-copy\/\" class=\"wp-image-13364\" srcset=\"https:\/\/sp1.kielce.eu\/wp-content\/uploads\/2020\/10\/20201012_082654-Copy.jpg 646w, https:\/\/sp1.kielce.eu\/wp-content\/uploads\/2020\/10\/20201012_082654-Copy-215x300.jpg 215w\" sizes=\"auto, (max-width: 646px) 100vw, 646px\" \/><\/a><\/figure><\/li><li class=\"blocks-gallery-item\"><figure><a href=\"http:\/\/sp1.kielce.eu\/wp-content\/uploads\/2020\/10\/20201012_083631-Copy-675x900.jpg\"><img loading=\"lazy\" decoding=\"async\" width=\"675\" height=\"900\" src=\"http:\/\/sp1.kielce.eu\/wp-content\/uploads\/2020\/10\/20201012_083631-Copy-675x900.jpg\" alt=\"\" data-id=\"13365\" data-link=\"http:\/\/sp1.kielce.eu\/index.php\/2020\/10\/13\/dzien-edukacji-narodowej-2\/20201012_083631-copy\/\" class=\"wp-image-13365\" srcset=\"https:\/\/sp1.kielce.eu\/wp-content\/uploads\/2020\/10\/20201012_083631-Copy.jpg 675w, https:\/\/sp1.kielce.eu\/wp-content\/uploads\/2020\/10\/20201012_083631-Copy-225x300.jpg 225w\" sizes=\"auto, (max-width: 675px) 100vw, 675px\" \/><\/a><\/figure><\/li><li class=\"blocks-gallery-item\"><figure><a href=\"http:\/\/sp1.kielce.eu\/wp-content\/uploads\/2020\/10\/20201013_111206-Copy-675x900.jpg\"><img loading=\"lazy\" decoding=\"async\" width=\"675\" height=\"900\" src=\"http:\/\/sp1.kielce.eu\/wp-content\/uploads\/2020\/10\/20201013_111206-Copy-675x900.jpg\" alt=\"\" data-id=\"13371\" data-link=\"http:\/\/sp1.kielce.eu\/index.php\/2020\/10\/13\/dzien-edukacji-narodowej-2\/20201013_111206-copy\/\" class=\"wp-image-13371\" srcset=\"https:\/\/sp1.kielce.eu\/wp-content\/uploads\/2020\/10\/20201013_111206-Copy.jpg 675w, https:\/\/sp1.kielce.eu\/wp-content\/uploads\/2020\/10\/20201013_111206-Copy-225x300.jpg 225w\" sizes=\"auto, (max-width: 675px) 100vw, 675px\" \/><\/a><\/figure><\/li><li class=\"blocks-gallery-item\"><figure><a href=\"http:\/\/sp1.kielce.eu\/wp-content\/uploads\/2020\/10\/20201013_105902-Copy-675x900.jpg\"><img loading=\"lazy\" decoding=\"async\" width=\"675\" height=\"900\" src=\"http:\/\/sp1.kielce.eu\/wp-content\/uploads\/2020\/10\/20201013_105902-Copy-675x900.jpg\" alt=\"\" data-id=\"13366\" data-link=\"http:\/\/sp1.kielce.eu\/index.php\/2020\/10\/13\/dzien-edukacji-narodowej-2\/20201013_105902-copy\/\" class=\"wp-image-13366\" srcset=\"https:\/\/sp1.kielce.eu\/wp-content\/uploads\/2020\/10\/20201013_105902-Copy.jpg 675w, https:\/\/sp1.kielce.eu\/wp-content\/uploads\/2020\/10\/20201013_105902-Copy-225x300.jpg 225w\" sizes=\"auto, (max-width: 675px) 100vw, 675px\" \/><\/a><\/figure><\/li><li class=\"blocks-gallery-item\"><figure><a href=\"http:\/\/sp1.kielce.eu\/wp-content\/uploads\/2020\/10\/20201013_110159-Copy-736x900.jpg\"><img loading=\"lazy\" decoding=\"async\" width=\"736\" height=\"900\" src=\"http:\/\/sp1.kielce.eu\/wp-content\/uploads\/2020\/10\/20201013_110159-Copy-736x900.jpg\" alt=\"\" data-id=\"13367\" data-link=\"http:\/\/sp1.kielce.eu\/index.php\/2020\/10\/13\/dzien-edukacji-narodowej-2\/20201013_110159-copy\/\" class=\"wp-image-13367\" srcset=\"https:\/\/sp1.kielce.eu\/wp-content\/uploads\/2020\/10\/20201013_110159-Copy.jpg 736w, https:\/\/sp1.kielce.eu\/wp-content\/uploads\/2020\/10\/20201013_110159-Copy-245x300.jpg 245w\" sizes=\"auto, (max-width: 736px) 100vw, 736px\" \/><\/a><\/figure><\/li><li class=\"blocks-gallery-item\"><figure><a href=\"http:\/\/sp1.kielce.eu\/wp-content\/uploads\/2020\/10\/20201013_110545-Copy-698x900.jpg\"><img loading=\"lazy\" decoding=\"async\" width=\"698\" height=\"900\" src=\"http:\/\/sp1.kielce.eu\/wp-content\/uploads\/2020\/10\/20201013_110545-Copy-698x900.jpg\" alt=\"\" data-id=\"13369\" data-link=\"http:\/\/sp1.kielce.eu\/index.php\/2020\/10\/13\/dzien-edukacji-narodowej-2\/20201013_110545-copy\/\" class=\"wp-image-13369\" srcset=\"https:\/\/sp1.kielce.eu\/wp-content\/uploads\/2020\/10\/20201013_110545-Copy.jpg 698w, https:\/\/sp1.kielce.eu\/wp-content\/uploads\/2020\/10\/20201013_110545-Copy-233x300.jpg 233w\" sizes=\"auto, (max-width: 698px) 100vw, 698px\" \/><\/a><\/figure><\/li><li class=\"blocks-gallery-item\"><figure><a href=\"http:\/\/sp1.kielce.eu\/wp-content\/uploads\/2020\/10\/20201013_110954-Copy-815x900.jpg\"><img loading=\"lazy\" decoding=\"async\" width=\"815\" height=\"900\" src=\"http:\/\/sp1.kielce.eu\/wp-content\/uploads\/2020\/10\/20201013_110954-Copy-815x900.jpg\" alt=\"\" data-id=\"13370\" data-link=\"http:\/\/sp1.kielce.eu\/index.php\/2020\/10\/13\/dzien-edukacji-narodowej-2\/20201013_110954-copy\/\" class=\"wp-image-13370\" srcset=\"https:\/\/sp1.kielce.eu\/wp-content\/uploads\/2020\/10\/20201013_110954-Copy.jpg 815w, https:\/\/sp1.kielce.eu\/wp-content\/uploads\/2020\/10\/20201013_110954-Copy-272x300.jpg 272w, https:\/\/sp1.kielce.eu\/wp-content\/uploads\/2020\/10\/20201013_110954-Copy-768x848.jpg 768w\" sizes=\"auto, (max-width: 815px) 100vw, 815px\" \/><\/a><\/figure><\/li><li class=\"blocks-gallery-item\"><figure><a href=\"http:\/\/sp1.kielce.eu\/wp-content\/uploads\/2020\/10\/20201013_114350-Copy-675x900.jpg\"><img loading=\"lazy\" decoding=\"async\" width=\"675\" height=\"900\" src=\"http:\/\/sp1.kielce.eu\/wp-content\/uploads\/2020\/10\/20201013_114350-Copy-675x900.jpg\" alt=\"\" data-id=\"13372\" data-link=\"http:\/\/sp1.kielce.eu\/index.php\/2020\/10\/13\/dzien-edukacji-narodowej-2\/20201013_114350-copy\/\" class=\"wp-image-13372\" srcset=\"https:\/\/sp1.kielce.eu\/wp-content\/uploads\/2020\/10\/20201013_114350-Copy.jpg 675w, https:\/\/sp1.kielce.eu\/wp-content\/uploads\/2020\/10\/20201013_114350-Copy-225x300.jpg 225w\" sizes=\"auto, (max-width: 675px) 100vw, 675px\" \/><\/a><\/figure><\/li><\/ul>\n","protected":false},"excerpt":{"rendered":"<p>S\u0142owo mi\u0142o\u015b\u0107 &#8211; za Wasze troski, S\u0142owo wdzi\u0119czno\u015b\u0107 &#8211; za Wasz trud. Dar to skromny, [&hellip;]<\/p>\n","protected":false},"author":13,"featured_media":13364,"comment_status":"closed","ping_status":"open","sticky":false,"template":"","format":"standard","meta":{"footnotes":""},"categories":[170,18],"tags":[],"class_list":["post-13357","post","type-post","status-publish","format-standard","has-post-thumbnail","hentry","category-msu","category-samorzad-uczniowoski"],"_links":{"self":[{"href":"https:\/\/sp1.kielce.eu\/index.php\/wp-json\/wp\/v2\/posts\/13357","targetHints":{"allow":["GET"]}}],"collection":[{"href":"https:\/\/sp1.kielce.eu\/index.php\/wp-json\/wp\/v2\/posts"}],"about":[{"href":"https:\/\/sp1.kielce.eu\/index.php\/wp-json\/wp\/v2\/types\/post"}],"author":[{"embeddable":true,"href":"https:\/\/sp1.kielce.eu\/index.php\/wp-json\/wp\/v2\/users\/13"}],"replies":[{"embeddable":true,"href":"https:\/\/sp1.kielce.eu\/index.php\/wp-json\/wp\/v2\/comments?post=13357"}],"version-history":[{"count":10,"href":"https:\/\/sp1.kielce.eu\/index.php\/wp-json\/wp\/v2\/posts\/13357\/revisions"}],"predecessor-version":[{"id":13418,"href":"https:\/\/sp1.kielce.eu\/index.php\/wp-json\/wp\/v2\/posts\/13357\/revisions\/13418"}],"wp:featuredmedia":[{"embeddable":true,"href":"https:\/\/sp1.kielce.eu\/index.php\/wp-json\/wp\/v2\/media\/13364"}],"wp:attachment":[{"href":"https:\/\/sp1.kielce.eu\/index.php\/wp-json\/wp\/v2\/media?parent=13357"}],"wp:term":[{"taxonomy":"category","embeddable":true,"href":"https:\/\/sp1.kielce.eu\/index.php\/wp-json\/wp\/v2\/categories?post=13357"},{"taxonomy":"post_tag","embeddable":true,"href":"https:\/\/sp1.kielce.eu\/index.php\/wp-json\/wp\/v2\/tags?post=13357"}],"curies":[{"name":"wp","href":"https:\/\/api.w.org\/{rel}","templated":true}]}}