{"id":13271,"date":"2020-10-06T09:26:51","date_gmt":"2020-10-06T07:26:51","guid":{"rendered":"http:\/\/sp1.kielce.eu\/?p=13271"},"modified":"2020-10-06T09:26:51","modified_gmt":"2020-10-06T07:26:51","slug":"rozpoczynamy-nowy-cykl-sprawnosci","status":"publish","type":"post","link":"https:\/\/sp1.kielce.eu\/index.php\/2020\/10\/06\/rozpoczynamy-nowy-cykl-sprawnosci\/","title":{"rendered":"Rozpoczynamy nowy cykl sprawno\u015bci!"},"content":{"rendered":"\n<p>\n\nW ostatni pi\u0105tek nasza gromada zacz\u0119\u0142a przygotowania do kursu Masterchefa. Razem z druhn\u0105 spisali\u015bmy regulamin, pod kt\u00f3rym wszyscy si\u0119 podpisali\u015bmy. Dzi\u0119ki temu na przysz\u0142ych zbi\u00f3rkach z pewno\u015bci\u0105 zachowamy bezpiecze\u0144stwo przy wszystkich zadaniach. Opr\u00f3cz tego bawili\u015bmy si\u0119 w nowopoznan\u0105 gr\u0119 'owocki&#8217; oraz zaprojektowali\u015bmy swoje w\u0142asne restauracje. Nie mo\u017cemy doczeka\u0107 si\u0119, co przyniesie nam nast\u0119pna zbi\u00f3rka:))\n\n<\/p>\n\n\n\n<ul class=\"wp-block-gallery columns-3 is-cropped wp-block-gallery-1 is-layout-flex wp-block-gallery-is-layout-flex\"><li class=\"blocks-gallery-item\"><figure><a href=\"http:\/\/sp1.kielce.eu\/wp-content\/uploads\/2020\/10\/IMG-9201-Medium-675x900.jpg\"><img loading=\"lazy\" decoding=\"async\" width=\"675\" height=\"900\" src=\"http:\/\/sp1.kielce.eu\/wp-content\/uploads\/2020\/10\/IMG-9201-Medium-675x900.jpg\" alt=\"\" data-id=\"13272\" data-link=\"http:\/\/sp1.kielce.eu\/?attachment_id=13272\" class=\"wp-image-13272\" srcset=\"https:\/\/sp1.kielce.eu\/wp-content\/uploads\/2020\/10\/IMG-9201-Medium-675x900.jpg 675w, https:\/\/sp1.kielce.eu\/wp-content\/uploads\/2020\/10\/IMG-9201-Medium-225x300.jpg 225w, https:\/\/sp1.kielce.eu\/wp-content\/uploads\/2020\/10\/IMG-9201-Medium.jpg 768w\" sizes=\"auto, (max-width: 675px) 100vw, 675px\" \/><\/a><figcaption>1<\/figcaption><\/figure><\/li><li class=\"blocks-gallery-item\"><figure><a href=\"http:\/\/sp1.kielce.eu\/wp-content\/uploads\/2020\/10\/IMG-9258-Medium-675x900.jpg\"><img loading=\"lazy\" decoding=\"async\" width=\"675\" height=\"900\" src=\"http:\/\/sp1.kielce.eu\/wp-content\/uploads\/2020\/10\/IMG-9258-Medium-675x900.jpg\" alt=\"\" data-id=\"13273\" data-link=\"http:\/\/sp1.kielce.eu\/?attachment_id=13273\" class=\"wp-image-13273\" srcset=\"https:\/\/sp1.kielce.eu\/wp-content\/uploads\/2020\/10\/IMG-9258-Medium-675x900.jpg 675w, https:\/\/sp1.kielce.eu\/wp-content\/uploads\/2020\/10\/IMG-9258-Medium-225x300.jpg 225w, https:\/\/sp1.kielce.eu\/wp-content\/uploads\/2020\/10\/IMG-9258-Medium.jpg 768w\" sizes=\"auto, (max-width: 675px) 100vw, 675px\" \/><\/a><figcaption>2<\/figcaption><\/figure><\/li><li class=\"blocks-gallery-item\"><figure><a href=\"http:\/\/sp1.kielce.eu\/wp-content\/uploads\/2020\/10\/IMG-9259-Medium-675x900.jpg\"><img loading=\"lazy\" decoding=\"async\" width=\"675\" height=\"900\" src=\"http:\/\/sp1.kielce.eu\/wp-content\/uploads\/2020\/10\/IMG-9259-Medium-675x900.jpg\" alt=\"\" data-id=\"13274\" data-link=\"http:\/\/sp1.kielce.eu\/?attachment_id=13274\" class=\"wp-image-13274\" srcset=\"https:\/\/sp1.kielce.eu\/wp-content\/uploads\/2020\/10\/IMG-9259-Medium-675x900.jpg 675w, https:\/\/sp1.kielce.eu\/wp-content\/uploads\/2020\/10\/IMG-9259-Medium-225x300.jpg 225w, https:\/\/sp1.kielce.eu\/wp-content\/uploads\/2020\/10\/IMG-9259-Medium.jpg 768w\" sizes=\"auto, (max-width: 675px) 100vw, 675px\" \/><\/a><figcaption>3<\/figcaption><\/figure><\/li><\/ul>\n","protected":false},"excerpt":{"rendered":"<p>W ostatni pi\u0105tek nasza gromada zacz\u0119\u0142a przygotowania do kursu Masterchefa. Razem z druhn\u0105 spisali\u015bmy regulamin, [&hellip;]<\/p>\n","protected":false},"author":5,"featured_media":13274,"comment_status":"closed","ping_status":"open","sticky":false,"template":"","format":"standard","meta":{"footnotes":""},"categories":[188],"tags":[],"class_list":["post-13271","post","type-post","status-publish","format-standard","has-post-thumbnail","hentry","category-25-kielecka-gromada-zuchowa"],"_links":{"self":[{"href":"https:\/\/sp1.kielce.eu\/index.php\/wp-json\/wp\/v2\/posts\/13271","targetHints":{"allow":["GET"]}}],"collection":[{"href":"https:\/\/sp1.kielce.eu\/index.php\/wp-json\/wp\/v2\/posts"}],"about":[{"href":"https:\/\/sp1.kielce.eu\/index.php\/wp-json\/wp\/v2\/types\/post"}],"author":[{"embeddable":true,"href":"https:\/\/sp1.kielce.eu\/index.php\/wp-json\/wp\/v2\/users\/5"}],"replies":[{"embeddable":true,"href":"https:\/\/sp1.kielce.eu\/index.php\/wp-json\/wp\/v2\/comments?post=13271"}],"version-history":[{"count":1,"href":"https:\/\/sp1.kielce.eu\/index.php\/wp-json\/wp\/v2\/posts\/13271\/revisions"}],"predecessor-version":[{"id":13275,"href":"https:\/\/sp1.kielce.eu\/index.php\/wp-json\/wp\/v2\/posts\/13271\/revisions\/13275"}],"wp:featuredmedia":[{"embeddable":true,"href":"https:\/\/sp1.kielce.eu\/index.php\/wp-json\/wp\/v2\/media\/13274"}],"wp:attachment":[{"href":"https:\/\/sp1.kielce.eu\/index.php\/wp-json\/wp\/v2\/media?parent=13271"}],"wp:term":[{"taxonomy":"category","embeddable":true,"href":"https:\/\/sp1.kielce.eu\/index.php\/wp-json\/wp\/v2\/categories?post=13271"},{"taxonomy":"post_tag","embeddable":true,"href":"https:\/\/sp1.kielce.eu\/index.php\/wp-json\/wp\/v2\/tags?post=13271"}],"curies":[{"name":"wp","href":"https:\/\/api.w.org\/{rel}","templated":true}]}}