{"id":13263,"date":"2020-10-06T09:11:26","date_gmt":"2020-10-06T07:11:26","guid":{"rendered":"http:\/\/sp1.kielce.eu\/?p=13263"},"modified":"2021-02-05T08:17:58","modified_gmt":"2021-02-05T07:17:58","slug":"dostarczenie-podziekowan-i-zyczen-seniorom-osobom-starszym-i-chorym-nie-obylo-sie-bez-radosnych-lez-wdziecznosci","status":"publish","type":"post","link":"https:\/\/sp1.kielce.eu\/index.php\/2020\/10\/06\/dostarczenie-podziekowan-i-zyczen-seniorom-osobom-starszym-i-chorym-nie-obylo-sie-bez-radosnych-lez-wdziecznosci\/","title":{"rendered":"Dostarczenie podzi\u0119kowa\u0144 i \u017cycze\u0144  seniorom, osobom starszym i chorym!   Nie oby\u0142o si\u0119 bez radosnych \u0142ez wdzi\u0119czno\u015bci!"},"content":{"rendered":"\n<p>Dope\u0142nieniem przygotowanych kartek z podzi\u0119kowaniami\ni \u017cyczeniami dla senior\u00f3w <strong>z okazji\nMi\u0119dzynarodowego Dnia Os\u00f3b Starszych (8 IX 2020 r.), sta\u0142o si\u0119 dor\u0119czenie ich\n(wszystkich kartek!)<\/strong> przez ksi\u0119\u017cy parafii i sanktuarium \u015bw. J\u00f3zefa\nRobotnika, Opiekuna Rodziny <strong>do os\u00f3b\nstarszych i chorych z naszego rejonu, z naszej parafii<\/strong>! <\/p>\n\n\n\n<p>Okazj\u0105 do ich wr\u0119czenie by\u0142a comiesi\u0119cznej,\npierwszo-sobotnia pos\u0142uga duszpasterska ksi\u0119\u017cy wobec chorych senior\u00f3w naszej\nparafii <strong>(03 X 2020 r.). <\/strong><\/p>\n\n\n\n<p><strong>Wszystkie\nstarsze osoby dzi\u0119kuj\u0105 dzieciom i m\u0142odzie\u017cy ze SP nr 1, <\/strong><\/p>\n\n\n\n<p><strong>za\nich pami\u0119\u0107 o nich i tak pi\u0119kne kartki, kt\u00f3re zachowaj\u0105 sobie na pami\u0105tk\u0119<\/strong>.\nWielu z nich bardzo si\u0119 wzruszy\u0142o, pop\u0142yn\u0119\u0142y radosne \u0142zy wdzi\u0119czno\u015bci!<\/p>\n\n\n\n<p>Dla wielu z senior\u00f3w <strong>by\u0142a to okazja, oddania swojego g\u0142osu na projekt obywatelski \u201eBOCIANEK\nNA START\u201d! <\/strong><\/p>\n\n\n\n<p>\u201e<strong><em>Warto g\u0142osowa\u0107 na tak\u0105 Szko\u0142\u0119 i jej rozw\u00f3j!<\/em><\/strong>\u201d\n\u2013 niekt\u00f3rzy jasno, nie bez wzruszenia, m\u00f3wi\u0142o. &nbsp;<\/p>\n\n\n\n<p>ks. Konrad Walerczak<\/p>\n\n\n\n<p>dkn Micha\u0142 Segiet<\/p>\n\n\n\n<ul class=\"wp-block-gallery columns-3 is-cropped wp-block-gallery-1 is-layout-flex wp-block-gallery-is-layout-flex\"><li class=\"blocks-gallery-item\"><figure><a href=\"http:\/\/sp1.kielce.eu\/wp-content\/uploads\/2020\/10\/20201003_100717-Medium.jpg\"><img loading=\"lazy\" decoding=\"async\" width=\"1024\" height=\"768\" src=\"http:\/\/sp1.kielce.eu\/wp-content\/uploads\/2020\/10\/20201003_100717-Medium.jpg\" alt=\"\" data-id=\"13264\" data-link=\"http:\/\/sp1.kielce.eu\/?attachment_id=13264\" class=\"wp-image-13264\" srcset=\"https:\/\/sp1.kielce.eu\/wp-content\/uploads\/2020\/10\/20201003_100717-Medium.jpg 1024w, https:\/\/sp1.kielce.eu\/wp-content\/uploads\/2020\/10\/20201003_100717-Medium-300x225.jpg 300w, https:\/\/sp1.kielce.eu\/wp-content\/uploads\/2020\/10\/20201003_100717-Medium-768x576.jpg 768w, https:\/\/sp1.kielce.eu\/wp-content\/uploads\/2020\/10\/20201003_100717-Medium-820x615.jpg 820w\" sizes=\"auto, (max-width: 1024px) 100vw, 1024px\" \/><\/a><figcaption>1<\/figcaption><\/figure><\/li><li class=\"blocks-gallery-item\"><figure><a href=\"http:\/\/sp1.kielce.eu\/wp-content\/uploads\/2020\/10\/20201003_103634-Medium-675x900.jpg\"><img loading=\"lazy\" decoding=\"async\" width=\"675\" height=\"900\" src=\"http:\/\/sp1.kielce.eu\/wp-content\/uploads\/2020\/10\/20201003_103634-Medium-675x900.jpg\" alt=\"\" data-id=\"13265\" data-link=\"http:\/\/sp1.kielce.eu\/?attachment_id=13265\" class=\"wp-image-13265\" srcset=\"https:\/\/sp1.kielce.eu\/wp-content\/uploads\/2020\/10\/20201003_103634-Medium-675x900.jpg 675w, https:\/\/sp1.kielce.eu\/wp-content\/uploads\/2020\/10\/20201003_103634-Medium-225x300.jpg 225w, https:\/\/sp1.kielce.eu\/wp-content\/uploads\/2020\/10\/20201003_103634-Medium.jpg 768w\" sizes=\"auto, (max-width: 675px) 100vw, 675px\" \/><\/a><figcaption>2<\/figcaption><\/figure><\/li><li class=\"blocks-gallery-item\"><figure><a href=\"http:\/\/sp1.kielce.eu\/wp-content\/uploads\/2020\/10\/20201003_110646-Medium-675x900.jpg\"><img loading=\"lazy\" decoding=\"async\" width=\"675\" height=\"900\" src=\"http:\/\/sp1.kielce.eu\/wp-content\/uploads\/2020\/10\/20201003_110646-Medium-675x900.jpg\" alt=\"\" data-id=\"13266\" data-link=\"http:\/\/sp1.kielce.eu\/?attachment_id=13266\" class=\"wp-image-13266\" srcset=\"https:\/\/sp1.kielce.eu\/wp-content\/uploads\/2020\/10\/20201003_110646-Medium-675x900.jpg 675w, https:\/\/sp1.kielce.eu\/wp-content\/uploads\/2020\/10\/20201003_110646-Medium-225x300.jpg 225w, https:\/\/sp1.kielce.eu\/wp-content\/uploads\/2020\/10\/20201003_110646-Medium.jpg 768w\" sizes=\"auto, (max-width: 675px) 100vw, 675px\" \/><\/a><figcaption>3<\/figcaption><\/figure><\/li><li class=\"blocks-gallery-item\"><figure><a href=\"http:\/\/sp1.kielce.eu\/wp-content\/uploads\/2020\/10\/20201003_112151-Medium-675x900.jpg\"><img loading=\"lazy\" decoding=\"async\" width=\"675\" height=\"900\" src=\"http:\/\/sp1.kielce.eu\/wp-content\/uploads\/2020\/10\/20201003_112151-Medium-675x900.jpg\" alt=\"\" data-id=\"13267\" data-link=\"http:\/\/sp1.kielce.eu\/?attachment_id=13267\" class=\"wp-image-13267\" srcset=\"https:\/\/sp1.kielce.eu\/wp-content\/uploads\/2020\/10\/20201003_112151-Medium-675x900.jpg 675w, https:\/\/sp1.kielce.eu\/wp-content\/uploads\/2020\/10\/20201003_112151-Medium-225x300.jpg 225w, https:\/\/sp1.kielce.eu\/wp-content\/uploads\/2020\/10\/20201003_112151-Medium.jpg 768w\" sizes=\"auto, (max-width: 675px) 100vw, 675px\" \/><\/a><figcaption>4<\/figcaption><\/figure><\/li><li class=\"blocks-gallery-item\"><figure><a href=\"http:\/\/sp1.kielce.eu\/wp-content\/uploads\/2020\/10\/20201003_113704-Medium-675x900.jpg\"><img loading=\"lazy\" decoding=\"async\" width=\"675\" height=\"900\" src=\"http:\/\/sp1.kielce.eu\/wp-content\/uploads\/2020\/10\/20201003_113704-Medium-675x900.jpg\" alt=\"\" data-id=\"13268\" data-link=\"http:\/\/sp1.kielce.eu\/?attachment_id=13268\" class=\"wp-image-13268\" srcset=\"https:\/\/sp1.kielce.eu\/wp-content\/uploads\/2020\/10\/20201003_113704-Medium-675x900.jpg 675w, https:\/\/sp1.kielce.eu\/wp-content\/uploads\/2020\/10\/20201003_113704-Medium-225x300.jpg 225w, https:\/\/sp1.kielce.eu\/wp-content\/uploads\/2020\/10\/20201003_113704-Medium.jpg 768w\" sizes=\"auto, (max-width: 675px) 100vw, 675px\" \/><\/a><figcaption>5<\/figcaption><\/figure><\/li><\/ul>\n","protected":false},"excerpt":{"rendered":"<p>Dope\u0142nieniem przygotowanych kartek z podzi\u0119kowaniami i \u017cyczeniami dla senior\u00f3w z okazji Mi\u0119dzynarodowego Dnia Os\u00f3b Starszych [&hellip;]<\/p>\n","protected":false},"author":5,"featured_media":13267,"comment_status":"closed","ping_status":"open","sticky":false,"template":"","format":"standard","meta":{"footnotes":""},"categories":[36,163],"tags":[],"class_list":["post-13263","post","type-post","status-publish","format-standard","has-post-thumbnail","hentry","category-wydarzenia","category-skw"],"_links":{"self":[{"href":"https:\/\/sp1.kielce.eu\/index.php\/wp-json\/wp\/v2\/posts\/13263","targetHints":{"allow":["GET"]}}],"collection":[{"href":"https:\/\/sp1.kielce.eu\/index.php\/wp-json\/wp\/v2\/posts"}],"about":[{"href":"https:\/\/sp1.kielce.eu\/index.php\/wp-json\/wp\/v2\/types\/post"}],"author":[{"embeddable":true,"href":"https:\/\/sp1.kielce.eu\/index.php\/wp-json\/wp\/v2\/users\/5"}],"replies":[{"embeddable":true,"href":"https:\/\/sp1.kielce.eu\/index.php\/wp-json\/wp\/v2\/comments?post=13263"}],"version-history":[{"count":1,"href":"https:\/\/sp1.kielce.eu\/index.php\/wp-json\/wp\/v2\/posts\/13263\/revisions"}],"predecessor-version":[{"id":13269,"href":"https:\/\/sp1.kielce.eu\/index.php\/wp-json\/wp\/v2\/posts\/13263\/revisions\/13269"}],"wp:featuredmedia":[{"embeddable":true,"href":"https:\/\/sp1.kielce.eu\/index.php\/wp-json\/wp\/v2\/media\/13267"}],"wp:attachment":[{"href":"https:\/\/sp1.kielce.eu\/index.php\/wp-json\/wp\/v2\/media?parent=13263"}],"wp:term":[{"taxonomy":"category","embeddable":true,"href":"https:\/\/sp1.kielce.eu\/index.php\/wp-json\/wp\/v2\/categories?post=13263"},{"taxonomy":"post_tag","embeddable":true,"href":"https:\/\/sp1.kielce.eu\/index.php\/wp-json\/wp\/v2\/tags?post=13263"}],"curies":[{"name":"wp","href":"https:\/\/api.w.org\/{rel}","templated":true}]}}