{"id":13206,"date":"2020-10-02T21:07:47","date_gmt":"2020-10-02T19:07:47","guid":{"rendered":"http:\/\/sp1.kielce.eu\/?p=13206"},"modified":"2020-10-02T21:07:47","modified_gmt":"2020-10-02T19:07:47","slug":"dzien-chlopaka-w-klasie-4a","status":"publish","type":"post","link":"https:\/\/sp1.kielce.eu\/index.php\/2020\/10\/02\/dzien-chlopaka-w-klasie-4a\/","title":{"rendered":"Dzie\u0144 Ch\u0142opaka w klasie 4a"},"content":{"rendered":"\n<p>Uczniowie klasy 4a\nuczcili Dzie\u0144 Ch\u0142opaka na godzinie wychowawczej. Dziewczynki przygotowa\u0142y\n\u017cyczenia i wr\u0119czy\u0142y drobne upominki od Szkolnej i Klasowej Rady Rodzic\u00f3w. Wszystkim\ndopisywa\u0142 humor i pozytywna energia.<\/p>\n\n\n\n<p>Dzi\u0119kujemy WSZYSTKIM\nRODZICOM&nbsp; za wspania\u0142e prezenty!<\/p>\n\n\n\n<p style=\"text-align:right\">Katarzyna\nSzostak<\/p>\n\n\n\n<p style=\"text-align:right\">&nbsp;&nbsp;&nbsp;&nbsp;&nbsp;&nbsp;&nbsp;&nbsp;&nbsp;&nbsp;&nbsp;&nbsp;&nbsp;&nbsp;&nbsp;&nbsp;&nbsp;&nbsp;&nbsp;&nbsp;&nbsp;&nbsp;&nbsp;&nbsp;&nbsp;&nbsp;&nbsp;&nbsp;&nbsp;&nbsp;&nbsp;&nbsp;&nbsp;&nbsp;&nbsp;&nbsp;&nbsp;&nbsp;&nbsp;&nbsp;&nbsp;&nbsp;&nbsp;&nbsp;&nbsp;&nbsp;&nbsp;&nbsp;&nbsp;&nbsp;&nbsp;&nbsp;&nbsp;&nbsp;&nbsp;&nbsp;&nbsp;&nbsp;&nbsp;&nbsp;&nbsp;&nbsp;&nbsp;&nbsp;&nbsp;&nbsp;&nbsp;&nbsp;&nbsp;&nbsp;&nbsp;&nbsp;&nbsp;&nbsp;&nbsp;&nbsp;&nbsp;&nbsp;&nbsp;&nbsp;&nbsp;&nbsp;&nbsp;&nbsp;&nbsp;&nbsp;&nbsp;&nbsp;&nbsp;&nbsp;&nbsp;&nbsp;&nbsp;&nbsp;&nbsp;&nbsp;&nbsp;&nbsp;&nbsp;&nbsp;&nbsp;&nbsp;&nbsp;&nbsp;&nbsp; wychowawca\nklasy 4a<\/p>\n\n\n\n<ul class=\"wp-block-gallery columns-3 is-cropped wp-block-gallery-1 is-layout-flex wp-block-gallery-is-layout-flex\"><li class=\"blocks-gallery-item\"><figure><a href=\"http:\/\/sp1.kielce.eu\/wp-content\/uploads\/2020\/10\/20201001_110754-Medium.jpg\"><img loading=\"lazy\" decoding=\"async\" width=\"1366\" height=\"664\" src=\"http:\/\/sp1.kielce.eu\/wp-content\/uploads\/2020\/10\/20201001_110754-Medium.jpg\" alt=\"\" data-id=\"13207\" data-link=\"http:\/\/sp1.kielce.eu\/?attachment_id=13207\" class=\"wp-image-13207\" srcset=\"https:\/\/sp1.kielce.eu\/wp-content\/uploads\/2020\/10\/20201001_110754-Medium.jpg 1366w, https:\/\/sp1.kielce.eu\/wp-content\/uploads\/2020\/10\/20201001_110754-Medium-300x146.jpg 300w, https:\/\/sp1.kielce.eu\/wp-content\/uploads\/2020\/10\/20201001_110754-Medium-768x373.jpg 768w, https:\/\/sp1.kielce.eu\/wp-content\/uploads\/2020\/10\/20201001_110754-Medium-820x399.jpg 820w\" sizes=\"auto, (max-width: 1366px) 100vw, 1366px\" \/><\/a><figcaption>1<\/figcaption><\/figure><\/li><li class=\"blocks-gallery-item\"><figure><a href=\"http:\/\/sp1.kielce.eu\/wp-content\/uploads\/2020\/10\/20201001_111135-Medium.jpg\"><img loading=\"lazy\" decoding=\"async\" width=\"1366\" height=\"664\" src=\"http:\/\/sp1.kielce.eu\/wp-content\/uploads\/2020\/10\/20201001_111135-Medium.jpg\" alt=\"\" data-id=\"13208\" data-link=\"http:\/\/sp1.kielce.eu\/?attachment_id=13208\" class=\"wp-image-13208\" srcset=\"https:\/\/sp1.kielce.eu\/wp-content\/uploads\/2020\/10\/20201001_111135-Medium.jpg 1366w, https:\/\/sp1.kielce.eu\/wp-content\/uploads\/2020\/10\/20201001_111135-Medium-300x146.jpg 300w, https:\/\/sp1.kielce.eu\/wp-content\/uploads\/2020\/10\/20201001_111135-Medium-768x373.jpg 768w, https:\/\/sp1.kielce.eu\/wp-content\/uploads\/2020\/10\/20201001_111135-Medium-820x399.jpg 820w\" sizes=\"auto, (max-width: 1366px) 100vw, 1366px\" \/><\/a><figcaption>2<\/figcaption><\/figure><\/li><li class=\"blocks-gallery-item\"><figure><a href=\"http:\/\/sp1.kielce.eu\/wp-content\/uploads\/2020\/10\/20201001_111318-Medium.jpg\"><img loading=\"lazy\" decoding=\"async\" width=\"1366\" height=\"664\" src=\"http:\/\/sp1.kielce.eu\/wp-content\/uploads\/2020\/10\/20201001_111318-Medium.jpg\" alt=\"\" data-id=\"13209\" data-link=\"http:\/\/sp1.kielce.eu\/?attachment_id=13209\" class=\"wp-image-13209\" srcset=\"https:\/\/sp1.kielce.eu\/wp-content\/uploads\/2020\/10\/20201001_111318-Medium.jpg 1366w, https:\/\/sp1.kielce.eu\/wp-content\/uploads\/2020\/10\/20201001_111318-Medium-300x146.jpg 300w, https:\/\/sp1.kielce.eu\/wp-content\/uploads\/2020\/10\/20201001_111318-Medium-768x373.jpg 768w, https:\/\/sp1.kielce.eu\/wp-content\/uploads\/2020\/10\/20201001_111318-Medium-820x399.jpg 820w\" sizes=\"auto, (max-width: 1366px) 100vw, 1366px\" \/><\/a><figcaption>3<\/figcaption><\/figure><\/li><li class=\"blocks-gallery-item\"><figure><a href=\"http:\/\/sp1.kielce.eu\/wp-content\/uploads\/2020\/10\/20201001_111403-Medium.jpg\"><img loading=\"lazy\" decoding=\"async\" width=\"1366\" height=\"664\" src=\"http:\/\/sp1.kielce.eu\/wp-content\/uploads\/2020\/10\/20201001_111403-Medium.jpg\" alt=\"\" data-id=\"13210\" data-link=\"http:\/\/sp1.kielce.eu\/?attachment_id=13210\" class=\"wp-image-13210\" srcset=\"https:\/\/sp1.kielce.eu\/wp-content\/uploads\/2020\/10\/20201001_111403-Medium.jpg 1366w, https:\/\/sp1.kielce.eu\/wp-content\/uploads\/2020\/10\/20201001_111403-Medium-300x146.jpg 300w, https:\/\/sp1.kielce.eu\/wp-content\/uploads\/2020\/10\/20201001_111403-Medium-768x373.jpg 768w, https:\/\/sp1.kielce.eu\/wp-content\/uploads\/2020\/10\/20201001_111403-Medium-820x399.jpg 820w\" sizes=\"auto, (max-width: 1366px) 100vw, 1366px\" \/><\/a><figcaption>4<\/figcaption><\/figure><\/li><\/ul>\n","protected":false},"excerpt":{"rendered":"<p>Uczniowie klasy 4a uczcili Dzie\u0144 Ch\u0142opaka na godzinie wychowawczej. Dziewczynki przygotowa\u0142y \u017cyczenia i wr\u0119czy\u0142y drobne [&hellip;]<\/p>\n","protected":false},"author":5,"featured_media":13208,"comment_status":"closed","ping_status":"open","sticky":false,"template":"","format":"standard","meta":{"footnotes":""},"categories":[36],"tags":[],"class_list":["post-13206","post","type-post","status-publish","format-standard","has-post-thumbnail","hentry","category-wydarzenia"],"_links":{"self":[{"href":"https:\/\/sp1.kielce.eu\/index.php\/wp-json\/wp\/v2\/posts\/13206","targetHints":{"allow":["GET"]}}],"collection":[{"href":"https:\/\/sp1.kielce.eu\/index.php\/wp-json\/wp\/v2\/posts"}],"about":[{"href":"https:\/\/sp1.kielce.eu\/index.php\/wp-json\/wp\/v2\/types\/post"}],"author":[{"embeddable":true,"href":"https:\/\/sp1.kielce.eu\/index.php\/wp-json\/wp\/v2\/users\/5"}],"replies":[{"embeddable":true,"href":"https:\/\/sp1.kielce.eu\/index.php\/wp-json\/wp\/v2\/comments?post=13206"}],"version-history":[{"count":1,"href":"https:\/\/sp1.kielce.eu\/index.php\/wp-json\/wp\/v2\/posts\/13206\/revisions"}],"predecessor-version":[{"id":13211,"href":"https:\/\/sp1.kielce.eu\/index.php\/wp-json\/wp\/v2\/posts\/13206\/revisions\/13211"}],"wp:featuredmedia":[{"embeddable":true,"href":"https:\/\/sp1.kielce.eu\/index.php\/wp-json\/wp\/v2\/media\/13208"}],"wp:attachment":[{"href":"https:\/\/sp1.kielce.eu\/index.php\/wp-json\/wp\/v2\/media?parent=13206"}],"wp:term":[{"taxonomy":"category","embeddable":true,"href":"https:\/\/sp1.kielce.eu\/index.php\/wp-json\/wp\/v2\/categories?post=13206"},{"taxonomy":"post_tag","embeddable":true,"href":"https:\/\/sp1.kielce.eu\/index.php\/wp-json\/wp\/v2\/tags?post=13206"}],"curies":[{"name":"wp","href":"https:\/\/api.w.org\/{rel}","templated":true}]}}