{"id":13169,"date":"2020-10-01T16:10:24","date_gmt":"2020-10-01T14:10:24","guid":{"rendered":"http:\/\/sp1.kielce.eu\/?p=13169"},"modified":"2020-10-02T13:37:29","modified_gmt":"2020-10-02T11:37:29","slug":"wybory-do-malego-samorzadu-uczniowskiego-2","status":"publish","type":"post","link":"https:\/\/sp1.kielce.eu\/index.php\/2020\/10\/01\/wybory-do-malego-samorzadu-uczniowskiego-2\/","title":{"rendered":"Wybory do Ma\u0142ego Samorz\u0105du Uczniowskiego"},"content":{"rendered":"\n<p>29 wrze\u015bnia 2020&nbsp;r. odby\u0142y si\u0119 wybory do Ma\u0142ego\nSamorz\u0105du Uczniowskiego. Najwi\u0119cej g\u0142os\u00f3w otrzyma\u0142 ucze\u0144 <strong>klasy 2a Erwin\nRodziewicz<\/strong>, kt\u00f3ry zosta\u0142 przewodnicz\u0105cym Ma\u0142ego Samorz\u0105du\nUczniowskiego, zast\u0119pc\u0105 <strong>zosta\u0142a Aleksandra Basiak z klasy 2b<\/strong>. <\/p>\n\n\n\n<p>Dzi\u0119kujemy wszystkim uczniom oraz ich wychowawcom za pomoc\nw&nbsp;przeprowadzeniu wybor\u00f3w. Przypominamy jednocze\u015bnie, \u017ce Ma\u0142y Samorz\u0105d\nUczniowski tworz\u0105 wszyscy uczniowie klas m\u0142odszych, a&nbsp;wybrani s\u0105\nprzedstawicielami klas.<\/p>\n\n\n\n<p>Gratulujemy i&nbsp;\u017cyczymy sukces\u00f3w w&nbsp;pracy na rzecz spo\u0142eczno\u015bci\nszkolnej!<\/p>\n\n\n\n<p style=\"text-align:right\">Opiekunowie MSU<br>\nKinga Kozie\u0142<\/p>\n","protected":false},"excerpt":{"rendered":"<p>29 wrze\u015bnia 2020&nbsp;r. odby\u0142y si\u0119 wybory do Ma\u0142ego Samorz\u0105du Uczniowskiego. Najwi\u0119cej g\u0142os\u00f3w otrzyma\u0142 ucze\u0144 klasy [&hellip;]<\/p>\n","protected":false},"author":13,"featured_media":13170,"comment_status":"closed","ping_status":"open","sticky":false,"template":"","format":"standard","meta":{"footnotes":""},"categories":[36,170],"tags":[],"class_list":["post-13169","post","type-post","status-publish","format-standard","has-post-thumbnail","hentry","category-wydarzenia","category-msu"],"_links":{"self":[{"href":"https:\/\/sp1.kielce.eu\/index.php\/wp-json\/wp\/v2\/posts\/13169","targetHints":{"allow":["GET"]}}],"collection":[{"href":"https:\/\/sp1.kielce.eu\/index.php\/wp-json\/wp\/v2\/posts"}],"about":[{"href":"https:\/\/sp1.kielce.eu\/index.php\/wp-json\/wp\/v2\/types\/post"}],"author":[{"embeddable":true,"href":"https:\/\/sp1.kielce.eu\/index.php\/wp-json\/wp\/v2\/users\/13"}],"replies":[{"embeddable":true,"href":"https:\/\/sp1.kielce.eu\/index.php\/wp-json\/wp\/v2\/comments?post=13169"}],"version-history":[{"count":1,"href":"https:\/\/sp1.kielce.eu\/index.php\/wp-json\/wp\/v2\/posts\/13169\/revisions"}],"predecessor-version":[{"id":13171,"href":"https:\/\/sp1.kielce.eu\/index.php\/wp-json\/wp\/v2\/posts\/13169\/revisions\/13171"}],"wp:featuredmedia":[{"embeddable":true,"href":"https:\/\/sp1.kielce.eu\/index.php\/wp-json\/wp\/v2\/media\/13170"}],"wp:attachment":[{"href":"https:\/\/sp1.kielce.eu\/index.php\/wp-json\/wp\/v2\/media?parent=13169"}],"wp:term":[{"taxonomy":"category","embeddable":true,"href":"https:\/\/sp1.kielce.eu\/index.php\/wp-json\/wp\/v2\/categories?post=13169"},{"taxonomy":"post_tag","embeddable":true,"href":"https:\/\/sp1.kielce.eu\/index.php\/wp-json\/wp\/v2\/tags?post=13169"}],"curies":[{"name":"wp","href":"https:\/\/api.w.org\/{rel}","templated":true}]}}