{"id":13130,"date":"2020-09-30T22:49:57","date_gmt":"2020-09-30T20:49:57","guid":{"rendered":"http:\/\/sp1.kielce.eu\/?p=13130"},"modified":"2020-10-01T15:57:31","modified_gmt":"2020-10-01T13:57:31","slug":"slubowanie-klas-pierwszych-1a1b-sp-nr-1-w-kielcach","status":"publish","type":"post","link":"https:\/\/sp1.kielce.eu\/index.php\/2020\/09\/30\/slubowanie-klas-pierwszych-1a1b-sp-nr-1-w-kielcach\/","title":{"rendered":"\u015alubowanie klas pierwszych (1a,1b) SP nr 1 w Kielcach"},"content":{"rendered":"\n<p>Dnia 29.09.2020r w naszej\nszkole odby\u0142a si\u0119 uroczysto\u015b\u0107 \u015blubowania i&nbsp;pasowania na&nbsp; uczni\u00f3w klasy 1a i&nbsp;1b. Pierwszoklasi\u015bci\nw&nbsp;obecno\u015bci Dyrekcji Szko\u0142y i&nbsp;rodzic\u00f3w zaprezentowali kr\u00f3tki program artystyczny,\nw&nbsp;kt\u00f3rym zdali pierwszy egzamin na ucznia. Sam akt \u015blubowania by\u0142\nnajwa\u017cniejszym momentem uroczysto\u015bci. Dzieci musia\u0142y zachowa\u0107 nale\u017cyt\u0105 powag\u0119\ni&nbsp;zdawa\u0107 sobie spraw\u0119, \u017ce sztandar na kt\u00f3ry \u015blubowa\u0142y, to nie tylko symbol\nszko\u0142y i&nbsp;ma\u0142ej ojczyzny, ale tak\u017ce Polski. Po uroczystym akcie \u015blubowania\ndyrektor Pani \u017baneta Szczepaniak, oraz wicedyrektor Pani El\u017cbieta W\u00f3jcik\ndokona\u0142y pasowania na ucznia, a&nbsp;panie wychowawczynie wr\u0119czy\u0142y pami\u0105tkowe\ndyplomy. Szkolny dzie\u0144 by\u0142 pe\u0142en emocji, a&nbsp;zako\u0144czy\u0142y go grupowe i\nindywidualne zdj\u0119cia, oraz drobne upominki.<\/p>\n\n\n\n<p>Kochane pierwszaki! Cieszymy\nsi\u0119, \u017ce jeste\u015bcie ju\u017c uczniami i&nbsp;\u017cyczymy Wam sukces\u00f3w w nauce. Powodzenia!\nNiech zdobywanie wiedzy b\u0119dzie dla Was rado\u015bci\u0105!<\/p>\n\n\n\n<p style=\"text-align:right\">Iwona Ko\u015bcielecka<br> Ewa Nowak<\/p>\n\n\n\n<ul class=\"wp-block-gallery columns-3 is-cropped wp-block-gallery-1 is-layout-flex wp-block-gallery-is-layout-flex\"><li class=\"blocks-gallery-item\"><figure><a href=\"http:\/\/sp1.kielce.eu\/wp-content\/uploads\/2020\/09\/20200930_122414-Copy.jpg\"><img loading=\"lazy\" decoding=\"async\" width=\"1200\" height=\"829\" src=\"http:\/\/sp1.kielce.eu\/wp-content\/uploads\/2020\/09\/20200930_122414-Copy.jpg\" alt=\"\" data-id=\"13131\" data-link=\"http:\/\/sp1.kielce.eu\/?attachment_id=13131\" class=\"wp-image-13131\" srcset=\"https:\/\/sp1.kielce.eu\/wp-content\/uploads\/2020\/09\/20200930_122414-Copy.jpg 1200w, https:\/\/sp1.kielce.eu\/wp-content\/uploads\/2020\/09\/20200930_122414-Copy-300x207.jpg 300w, https:\/\/sp1.kielce.eu\/wp-content\/uploads\/2020\/09\/20200930_122414-Copy-768x531.jpg 768w, https:\/\/sp1.kielce.eu\/wp-content\/uploads\/2020\/09\/20200930_122414-Copy-820x566.jpg 820w\" sizes=\"auto, (max-width: 1200px) 100vw, 1200px\" \/><\/a><\/figure><\/li><li class=\"blocks-gallery-item\"><figure><a href=\"http:\/\/sp1.kielce.eu\/wp-content\/uploads\/2020\/09\/IMG_20200929_102000-Copy-506x900.jpg\"><img loading=\"lazy\" decoding=\"async\" width=\"506\" height=\"900\" src=\"http:\/\/sp1.kielce.eu\/wp-content\/uploads\/2020\/09\/IMG_20200929_102000-Copy-506x900.jpg\" alt=\"\" data-id=\"13132\" data-link=\"http:\/\/sp1.kielce.eu\/?attachment_id=13132\" class=\"wp-image-13132\" srcset=\"https:\/\/sp1.kielce.eu\/wp-content\/uploads\/2020\/09\/IMG_20200929_102000-Copy.jpg 506w, https:\/\/sp1.kielce.eu\/wp-content\/uploads\/2020\/09\/IMG_20200929_102000-Copy-169x300.jpg 169w\" sizes=\"auto, (max-width: 506px) 100vw, 506px\" \/><\/a><\/figure><\/li><li class=\"blocks-gallery-item\"><figure><a href=\"http:\/\/sp1.kielce.eu\/wp-content\/uploads\/2020\/09\/IMG_20200929_102652-Copy.jpg\"><img loading=\"lazy\" decoding=\"async\" width=\"1200\" height=\"596\" src=\"http:\/\/sp1.kielce.eu\/wp-content\/uploads\/2020\/09\/IMG_20200929_102652-Copy.jpg\" alt=\"\" data-id=\"13133\" data-link=\"http:\/\/sp1.kielce.eu\/?attachment_id=13133\" class=\"wp-image-13133\" srcset=\"https:\/\/sp1.kielce.eu\/wp-content\/uploads\/2020\/09\/IMG_20200929_102652-Copy.jpg 1200w, https:\/\/sp1.kielce.eu\/wp-content\/uploads\/2020\/09\/IMG_20200929_102652-Copy-300x149.jpg 300w, https:\/\/sp1.kielce.eu\/wp-content\/uploads\/2020\/09\/IMG_20200929_102652-Copy-768x381.jpg 768w, https:\/\/sp1.kielce.eu\/wp-content\/uploads\/2020\/09\/IMG_20200929_102652-Copy-820x407.jpg 820w\" sizes=\"auto, (max-width: 1200px) 100vw, 1200px\" \/><\/a><\/figure><\/li><li class=\"blocks-gallery-item\"><figure><a href=\"http:\/\/sp1.kielce.eu\/wp-content\/uploads\/2020\/10\/GOPR0452-Copy-1200x900.jpg\"><img loading=\"lazy\" decoding=\"async\" width=\"1200\" height=\"900\" src=\"http:\/\/sp1.kielce.eu\/wp-content\/uploads\/2020\/10\/GOPR0452-Copy-1200x900.jpg\" alt=\"\" data-id=\"13140\" data-link=\"http:\/\/sp1.kielce.eu\/index.php\/2020\/09\/30\/slubowanie-klas-pierwszych-1a1b-sp-nr-1-w-kielcach\/gopr0452-copy\/\" class=\"wp-image-13140\" srcset=\"https:\/\/sp1.kielce.eu\/wp-content\/uploads\/2020\/10\/GOPR0452-Copy.jpg 1200w, https:\/\/sp1.kielce.eu\/wp-content\/uploads\/2020\/10\/GOPR0452-Copy-300x225.jpg 300w, https:\/\/sp1.kielce.eu\/wp-content\/uploads\/2020\/10\/GOPR0452-Copy-768x576.jpg 768w, https:\/\/sp1.kielce.eu\/wp-content\/uploads\/2020\/10\/GOPR0452-Copy-820x615.jpg 820w\" sizes=\"auto, (max-width: 1200px) 100vw, 1200px\" \/><\/a><\/figure><\/li><li class=\"blocks-gallery-item\"><figure><a href=\"http:\/\/sp1.kielce.eu\/wp-content\/uploads\/2020\/10\/GOPR0462-Copy-1200x900.jpg\"><img loading=\"lazy\" decoding=\"async\" width=\"1200\" height=\"900\" src=\"http:\/\/sp1.kielce.eu\/wp-content\/uploads\/2020\/10\/GOPR0462-Copy-1200x900.jpg\" alt=\"\" data-id=\"13141\" data-link=\"http:\/\/sp1.kielce.eu\/index.php\/2020\/09\/30\/slubowanie-klas-pierwszych-1a1b-sp-nr-1-w-kielcach\/gopr0462-copy\/\" class=\"wp-image-13141\" srcset=\"https:\/\/sp1.kielce.eu\/wp-content\/uploads\/2020\/10\/GOPR0462-Copy.jpg 1200w, https:\/\/sp1.kielce.eu\/wp-content\/uploads\/2020\/10\/GOPR0462-Copy-300x225.jpg 300w, https:\/\/sp1.kielce.eu\/wp-content\/uploads\/2020\/10\/GOPR0462-Copy-768x576.jpg 768w, https:\/\/sp1.kielce.eu\/wp-content\/uploads\/2020\/10\/GOPR0462-Copy-820x615.jpg 820w\" sizes=\"auto, (max-width: 1200px) 100vw, 1200px\" \/><\/a><\/figure><\/li><li class=\"blocks-gallery-item\"><figure><a href=\"http:\/\/sp1.kielce.eu\/wp-content\/uploads\/2020\/10\/GOPR0465-Copy-1200x900.jpg\"><img loading=\"lazy\" decoding=\"async\" width=\"1200\" height=\"900\" src=\"http:\/\/sp1.kielce.eu\/wp-content\/uploads\/2020\/10\/GOPR0465-Copy-1200x900.jpg\" alt=\"\" data-id=\"13142\" data-link=\"http:\/\/sp1.kielce.eu\/index.php\/2020\/09\/30\/slubowanie-klas-pierwszych-1a1b-sp-nr-1-w-kielcach\/gopr0465-copy\/\" class=\"wp-image-13142\" srcset=\"https:\/\/sp1.kielce.eu\/wp-content\/uploads\/2020\/10\/GOPR0465-Copy.jpg 1200w, https:\/\/sp1.kielce.eu\/wp-content\/uploads\/2020\/10\/GOPR0465-Copy-300x225.jpg 300w, https:\/\/sp1.kielce.eu\/wp-content\/uploads\/2020\/10\/GOPR0465-Copy-768x576.jpg 768w, https:\/\/sp1.kielce.eu\/wp-content\/uploads\/2020\/10\/GOPR0465-Copy-820x615.jpg 820w\" sizes=\"auto, (max-width: 1200px) 100vw, 1200px\" \/><\/a><\/figure><\/li><\/ul>\n","protected":false},"excerpt":{"rendered":"<p>Dnia 29.09.2020r w naszej szkole odby\u0142a si\u0119 uroczysto\u015b\u0107 \u015blubowania i&nbsp;pasowania na&nbsp; uczni\u00f3w klasy 1a i&nbsp;1b. [&hellip;]<\/p>\n","protected":false},"author":13,"featured_media":13132,"comment_status":"closed","ping_status":"open","sticky":false,"template":"","format":"standard","meta":{"footnotes":""},"categories":[36],"tags":[],"class_list":["post-13130","post","type-post","status-publish","format-standard","has-post-thumbnail","hentry","category-wydarzenia"],"_links":{"self":[{"href":"https:\/\/sp1.kielce.eu\/index.php\/wp-json\/wp\/v2\/posts\/13130","targetHints":{"allow":["GET"]}}],"collection":[{"href":"https:\/\/sp1.kielce.eu\/index.php\/wp-json\/wp\/v2\/posts"}],"about":[{"href":"https:\/\/sp1.kielce.eu\/index.php\/wp-json\/wp\/v2\/types\/post"}],"author":[{"embeddable":true,"href":"https:\/\/sp1.kielce.eu\/index.php\/wp-json\/wp\/v2\/users\/13"}],"replies":[{"embeddable":true,"href":"https:\/\/sp1.kielce.eu\/index.php\/wp-json\/wp\/v2\/comments?post=13130"}],"version-history":[{"count":3,"href":"https:\/\/sp1.kielce.eu\/index.php\/wp-json\/wp\/v2\/posts\/13130\/revisions"}],"predecessor-version":[{"id":13143,"href":"https:\/\/sp1.kielce.eu\/index.php\/wp-json\/wp\/v2\/posts\/13130\/revisions\/13143"}],"wp:featuredmedia":[{"embeddable":true,"href":"https:\/\/sp1.kielce.eu\/index.php\/wp-json\/wp\/v2\/media\/13132"}],"wp:attachment":[{"href":"https:\/\/sp1.kielce.eu\/index.php\/wp-json\/wp\/v2\/media?parent=13130"}],"wp:term":[{"taxonomy":"category","embeddable":true,"href":"https:\/\/sp1.kielce.eu\/index.php\/wp-json\/wp\/v2\/categories?post=13130"},{"taxonomy":"post_tag","embeddable":true,"href":"https:\/\/sp1.kielce.eu\/index.php\/wp-json\/wp\/v2\/tags?post=13130"}],"curies":[{"name":"wp","href":"https:\/\/api.w.org\/{rel}","templated":true}]}}