{"id":13079,"date":"2020-09-29T00:16:49","date_gmt":"2020-09-28T22:16:49","guid":{"rendered":"http:\/\/sp1.kielce.eu\/?p=13079"},"modified":"2020-09-29T00:16:49","modified_gmt":"2020-09-28T22:16:49","slug":"projekt-nowoczesna-edukacja-w-jedynce","status":"publish","type":"post","link":"https:\/\/sp1.kielce.eu\/index.php\/2020\/09\/29\/projekt-nowoczesna-edukacja-w-jedynce\/","title":{"rendered":"Projekt \u201eNOWOCZESNA EDUKACJA W JEDYNCE\u201d"},"content":{"rendered":"\n<p>\u201eNOWOCZESNA EDUKACJA W JEDYNCE\u201d\u201d \u2013 FUNDUSZE EUROPEJSKIE DLA NASZEJ SZKO\u0141Y<br> Dzi\u015b reprezentuj\u0105c Szko\u0142\u0119 Podstawow\u0105 nr 1 im. Stanis\u0142awa Staszica w Kielcach mia\u0142am zaszczyt  podpisa\u0107 kolejn\u0105 umow\u0119 na dofinansowanie Projektu \u201eNOWOCZESNA EDUKACJA W  JEDYNCE\u201d, kt\u00f3ry uzyska\u0142 pozytywn\u0105 ocen\u0119 merytoryczn\u0105 i zosta\u0142  zatwierdzony do realizacji w ramach konkursu og\u0142oszonego przez  Departament Wdra\u017cania Europejskiego Funduszu Spo\u0142ecznego Urz\u0119du  Marsza\u0142kowskiego w Kielcach. Dzi\u0119ki \u015brodkom Europejskiego Funduszu  Spo\u0142ecznego wyposa\u017cymy pracownie matematyczne i przyrodnicze w  nowoczesne pomoce dydaktyczne. Uczniowie naszej szko\u0142y b\u0119d\u0105  uczestniczyli w dodatkowych zaj\u0119ciach wyr\u00f3wnuj\u0105cych szanse edukacyjne i  rozwijaj\u0105ce uzdolnienia z matematyki, informatyki, biologii, chemii i  geografii. W ofercie naszej plac\u00f3wki pojawi\u0105 si\u0119 dodatkowe zaj\u0119cia  taneczne, muzyczne, akrobatyczne i plastyczne. Wsparciem obj\u0119ci zostan\u0105  uczniowie ze specjalnymi potrzebami edukacyjnymi. Natomiast nauczyciele  SP1 dzi\u0119ki specjalistycznym szkoleniom b\u0119d\u0105 rozwija\u0107 kompetencje do  nauczania przedmiot\u00f3w \u015bcis\u0142ych metod\u0105 eksperymentu z wykorzystaniem  nowoczesnych technologii.<br> Jeste\u015bmy przekonani,, \u017ce realizacja  programu \u201eNOWOCZESNA EDUKACJA W JEDYNCE\u201d pomo\u017ce rozwija\u0107 kompetencje  kluczowe naszych uczni\u00f3w i zapewni im lepszy start w  przysz\u0142o\u015b\u0107  oraz  umo\u017cliwi rozwijanie indywidualnych pasji i zainteresowa\u0144. <\/p>\n\n\n\n<p style=\"text-align:right\">Dyrektor Szko\u0142y<br> \u017baneta Szczepaniak<\/p>\n\n\n\n<ul class=\"wp-block-gallery columns-3 is-cropped wp-block-gallery-1 is-layout-flex wp-block-gallery-is-layout-flex\"><li class=\"blocks-gallery-item\"><figure><a href=\"http:\/\/sp1.kielce.eu\/wp-content\/uploads\/2020\/09\/120363613_1729639077186049_3365340580685408930_n-Copy.jpg\"><img loading=\"lazy\" decoding=\"async\" width=\"1200\" height=\"848\" src=\"http:\/\/sp1.kielce.eu\/wp-content\/uploads\/2020\/09\/120363613_1729639077186049_3365340580685408930_n-Copy.jpg\" alt=\"\" data-id=\"13081\" data-link=\"http:\/\/sp1.kielce.eu\/?attachment_id=13081\" class=\"wp-image-13081\" srcset=\"https:\/\/sp1.kielce.eu\/wp-content\/uploads\/2020\/09\/120363613_1729639077186049_3365340580685408930_n-Copy.jpg 1200w, https:\/\/sp1.kielce.eu\/wp-content\/uploads\/2020\/09\/120363613_1729639077186049_3365340580685408930_n-Copy-300x212.jpg 300w, https:\/\/sp1.kielce.eu\/wp-content\/uploads\/2020\/09\/120363613_1729639077186049_3365340580685408930_n-Copy-768x543.jpg 768w, https:\/\/sp1.kielce.eu\/wp-content\/uploads\/2020\/09\/120363613_1729639077186049_3365340580685408930_n-Copy-820x579.jpg 820w\" sizes=\"auto, (max-width: 1200px) 100vw, 1200px\" \/><\/a><\/figure><\/li><li class=\"blocks-gallery-item\"><figure><a href=\"http:\/\/sp1.kielce.eu\/wp-content\/uploads\/2020\/09\/120374906_1729639013852722_7209138380934290539_n-Copy.jpg\"><img loading=\"lazy\" decoding=\"async\" width=\"1200\" height=\"844\" src=\"http:\/\/sp1.kielce.eu\/wp-content\/uploads\/2020\/09\/120374906_1729639013852722_7209138380934290539_n-Copy.jpg\" alt=\"\" data-id=\"13082\" data-link=\"http:\/\/sp1.kielce.eu\/?attachment_id=13082\" class=\"wp-image-13082\" srcset=\"https:\/\/sp1.kielce.eu\/wp-content\/uploads\/2020\/09\/120374906_1729639013852722_7209138380934290539_n-Copy.jpg 1200w, https:\/\/sp1.kielce.eu\/wp-content\/uploads\/2020\/09\/120374906_1729639013852722_7209138380934290539_n-Copy-300x211.jpg 300w, https:\/\/sp1.kielce.eu\/wp-content\/uploads\/2020\/09\/120374906_1729639013852722_7209138380934290539_n-Copy-768x540.jpg 768w, https:\/\/sp1.kielce.eu\/wp-content\/uploads\/2020\/09\/120374906_1729639013852722_7209138380934290539_n-Copy-820x577.jpg 820w\" sizes=\"auto, (max-width: 1200px) 100vw, 1200px\" \/><\/a><\/figure><\/li><li class=\"blocks-gallery-item\"><figure><a href=\"http:\/\/sp1.kielce.eu\/wp-content\/uploads\/2020\/09\/120377140_1729638943852729_6576028803833445359_n-Copy.jpg\"><img loading=\"lazy\" decoding=\"async\" width=\"1200\" height=\"842\" src=\"http:\/\/sp1.kielce.eu\/wp-content\/uploads\/2020\/09\/120377140_1729638943852729_6576028803833445359_n-Copy.jpg\" alt=\"\" data-id=\"13083\" data-link=\"http:\/\/sp1.kielce.eu\/?attachment_id=13083\" class=\"wp-image-13083\" srcset=\"https:\/\/sp1.kielce.eu\/wp-content\/uploads\/2020\/09\/120377140_1729638943852729_6576028803833445359_n-Copy.jpg 1200w, https:\/\/sp1.kielce.eu\/wp-content\/uploads\/2020\/09\/120377140_1729638943852729_6576028803833445359_n-Copy-300x211.jpg 300w, https:\/\/sp1.kielce.eu\/wp-content\/uploads\/2020\/09\/120377140_1729638943852729_6576028803833445359_n-Copy-768x539.jpg 768w, https:\/\/sp1.kielce.eu\/wp-content\/uploads\/2020\/09\/120377140_1729638943852729_6576028803833445359_n-Copy-820x575.jpg 820w\" sizes=\"auto, (max-width: 1200px) 100vw, 1200px\" \/><\/a><\/figure><\/li><\/ul>\n","protected":false},"excerpt":{"rendered":"<p>\u201eNOWOCZESNA EDUKACJA W JEDYNCE\u201d\u201d \u2013 FUNDUSZE EUROPEJSKIE DLA NASZEJ SZKO\u0141Y Dzi\u015b reprezentuj\u0105c Szko\u0142\u0119 Podstawow\u0105 nr [&hellip;]<\/p>\n","protected":false},"author":13,"featured_media":13083,"comment_status":"closed","ping_status":"open","sticky":false,"template":"","format":"standard","meta":{"footnotes":""},"categories":[36],"tags":[],"class_list":["post-13079","post","type-post","status-publish","format-standard","has-post-thumbnail","hentry","category-wydarzenia"],"_links":{"self":[{"href":"https:\/\/sp1.kielce.eu\/index.php\/wp-json\/wp\/v2\/posts\/13079","targetHints":{"allow":["GET"]}}],"collection":[{"href":"https:\/\/sp1.kielce.eu\/index.php\/wp-json\/wp\/v2\/posts"}],"about":[{"href":"https:\/\/sp1.kielce.eu\/index.php\/wp-json\/wp\/v2\/types\/post"}],"author":[{"embeddable":true,"href":"https:\/\/sp1.kielce.eu\/index.php\/wp-json\/wp\/v2\/users\/13"}],"replies":[{"embeddable":true,"href":"https:\/\/sp1.kielce.eu\/index.php\/wp-json\/wp\/v2\/comments?post=13079"}],"version-history":[{"count":2,"href":"https:\/\/sp1.kielce.eu\/index.php\/wp-json\/wp\/v2\/posts\/13079\/revisions"}],"predecessor-version":[{"id":13084,"href":"https:\/\/sp1.kielce.eu\/index.php\/wp-json\/wp\/v2\/posts\/13079\/revisions\/13084"}],"wp:featuredmedia":[{"embeddable":true,"href":"https:\/\/sp1.kielce.eu\/index.php\/wp-json\/wp\/v2\/media\/13083"}],"wp:attachment":[{"href":"https:\/\/sp1.kielce.eu\/index.php\/wp-json\/wp\/v2\/media?parent=13079"}],"wp:term":[{"taxonomy":"category","embeddable":true,"href":"https:\/\/sp1.kielce.eu\/index.php\/wp-json\/wp\/v2\/categories?post=13079"},{"taxonomy":"post_tag","embeddable":true,"href":"https:\/\/sp1.kielce.eu\/index.php\/wp-json\/wp\/v2\/tags?post=13079"}],"curies":[{"name":"wp","href":"https:\/\/api.w.org\/{rel}","templated":true}]}}