{"id":12974,"date":"2020-10-09T01:02:47","date_gmt":"2020-10-08T23:02:47","guid":{"rendered":"http:\/\/sp1.kielce.eu\/?p=12974"},"modified":"2020-10-11T17:17:23","modified_gmt":"2020-10-11T15:17:23","slug":"budzet-obywatelski-2020","status":"publish","type":"post","link":"https:\/\/sp1.kielce.eu\/index.php\/2020\/10\/09\/budzet-obywatelski-2020\/","title":{"rendered":"Bud\u017cet Obywatelski 2020"},"content":{"rendered":"\n<figure class=\"wp-block-video\"><video controls src=\"http:\/\/sp1.kielce.eu\/wp-content\/uploads\/2020\/10\/budzetobywatelski.mp4\"><\/video><\/figure>\n\n\n\n<p> &#8222;M\u0142odzie\u017c i dzieci s\u0105 przysz\u0142o\u015bci\u0105 narodu&#8221;- Jan Pawe\u0142 II. S\u0105  przysz\u0142o\u015bci\u0105 w oparciu o rodzin\u0119 i o szko\u0142\u0119. To dzieci prawid\u0142owy rozw\u00f3j  gwarantuje sukces. SPORT sprzyja rozwojowi fizycznemu, ale te\u017c  budowaniu kultury spotka\u0144: integruje uczni\u00f3w, rodziny i spo\u0142eczno\u015b\u0107,  poprawia relacje w rodzinie, kole\u017ce\u0144skie, mi\u0119dzyludzkie. Dlatego tak  bardzo zale\u017cy nam na tych projektach. Naszym najwi\u0119kszym marzeniem  by\u0142oby, aby Wam &#8211; PRZYJACIO\u0141OM NASZEJ SZKO\u0141Y, te\u017c zale\u017ca\u0142o. Wystarczy  zag\u0142osowa\u0107 na te projekty:<br><a href=\"https:\/\/bo.kielce.eu\/\"> DI056 &#8211; Mini Stadion Lekkoatletyczny, Skatepark, Strefa Relaksu<br> MI020 &#8211; integracyjny plac zabaw dla dzieci niepe\u0142nosprawnych i zdrowych<br> MI109 &#8211; boisko do siatk\u00f3wki i badmintona<br> MI121- plac zabaw w zielonym ogrodzie<\/a><br> Wasz 1 G\u0141OS pomo\u017ce nam rozwija\u0107 sportowe marzenia DZIECI i ich RODZIN?\u2764?? <\/p>\n\n\n\n<ul class=\"wp-block-gallery columns-1 is-cropped wp-block-gallery-1 is-layout-flex wp-block-gallery-is-layout-flex\"><li class=\"blocks-gallery-item\"><figure><img loading=\"lazy\" decoding=\"async\" width=\"674\" height=\"900\" src=\"http:\/\/sp1.kielce.eu\/wp-content\/uploads\/2020\/09\/120092320_194168112073875_2631135084505122283_n-Copy-674x900.jpg\" alt=\"\" data-id=\"12976\" data-link=\"http:\/\/sp1.kielce.eu\/?attachment_id=12976\" class=\"wp-image-12976\" srcset=\"https:\/\/sp1.kielce.eu\/wp-content\/uploads\/2020\/09\/120092320_194168112073875_2631135084505122283_n-Copy.jpg 674w, https:\/\/sp1.kielce.eu\/wp-content\/uploads\/2020\/09\/120092320_194168112073875_2631135084505122283_n-Copy-225x300.jpg 225w\" sizes=\"auto, (max-width: 674px) 100vw, 674px\" \/><\/figure><\/li><\/ul>\n","protected":false},"excerpt":{"rendered":"<p>&#8222;M\u0142odzie\u017c i dzieci s\u0105 przysz\u0142o\u015bci\u0105 narodu&#8221;- Jan Pawe\u0142 II. S\u0105 przysz\u0142o\u015bci\u0105 w oparciu o rodzin\u0119 [&hellip;]<\/p>\n","protected":false},"author":13,"featured_media":12976,"comment_status":"closed","ping_status":"open","sticky":false,"template":"","format":"standard","meta":{"footnotes":""},"categories":[36],"tags":[],"class_list":["post-12974","post","type-post","status-publish","format-standard","has-post-thumbnail","hentry","category-wydarzenia"],"_links":{"self":[{"href":"https:\/\/sp1.kielce.eu\/index.php\/wp-json\/wp\/v2\/posts\/12974","targetHints":{"allow":["GET"]}}],"collection":[{"href":"https:\/\/sp1.kielce.eu\/index.php\/wp-json\/wp\/v2\/posts"}],"about":[{"href":"https:\/\/sp1.kielce.eu\/index.php\/wp-json\/wp\/v2\/types\/post"}],"author":[{"embeddable":true,"href":"https:\/\/sp1.kielce.eu\/index.php\/wp-json\/wp\/v2\/users\/13"}],"replies":[{"embeddable":true,"href":"https:\/\/sp1.kielce.eu\/index.php\/wp-json\/wp\/v2\/comments?post=12974"}],"version-history":[{"count":5,"href":"https:\/\/sp1.kielce.eu\/index.php\/wp-json\/wp\/v2\/posts\/12974\/revisions"}],"predecessor-version":[{"id":13214,"href":"https:\/\/sp1.kielce.eu\/index.php\/wp-json\/wp\/v2\/posts\/12974\/revisions\/13214"}],"wp:featuredmedia":[{"embeddable":true,"href":"https:\/\/sp1.kielce.eu\/index.php\/wp-json\/wp\/v2\/media\/12976"}],"wp:attachment":[{"href":"https:\/\/sp1.kielce.eu\/index.php\/wp-json\/wp\/v2\/media?parent=12974"}],"wp:term":[{"taxonomy":"category","embeddable":true,"href":"https:\/\/sp1.kielce.eu\/index.php\/wp-json\/wp\/v2\/categories?post=12974"},{"taxonomy":"post_tag","embeddable":true,"href":"https:\/\/sp1.kielce.eu\/index.php\/wp-json\/wp\/v2\/tags?post=12974"}],"curies":[{"name":"wp","href":"https:\/\/api.w.org\/{rel}","templated":true}]}}