{"id":12891,"date":"2020-09-21T17:59:06","date_gmt":"2020-09-21T15:59:06","guid":{"rendered":"http:\/\/sp1.kielce.eu\/?p=12891"},"modified":"2020-09-21T17:59:06","modified_gmt":"2020-09-21T15:59:06","slug":"kampania-wyborcza-do-samorzadu-uczniowskiego","status":"publish","type":"post","link":"https:\/\/sp1.kielce.eu\/index.php\/2020\/09\/21\/kampania-wyborcza-do-samorzadu-uczniowskiego\/","title":{"rendered":"KAMPANIA WYBORCZA do Samorz\u0105du Uczniowskiego"},"content":{"rendered":"\n<p>Kandydaci:<br>1. Brych Gabriela 7a<br>2. Ga\u0142ecka Aleksandra 6b<br>3. K\u0119dzierska Judyta 6c<br>4. Kromer Cezary 7b<br>5. Mazur Kamil 6a<br>6. Nowek Wiktoria 7c<br>7. Pulut Maja 8b<br>8. W\u00f3jcikiewicz Anna 8b<\/p>\n\n\n\n<p style=\"text-align:left\">UWAGA!<br>Wszyscy kandydaci od dzisiaj tj. 21 wrze\u015bnia, mog\u0105 rozpocz\u0105\u0107 kampani\u0119 wyborcz\u0105.<br><br>Przygotowane materia\u0142y mo\u017cna dostarcza\u0107 do biblioteki szkolnej.<br>B\u0119d\u0105 one zamieszczane na tablicy SU.<br><br>Nale\u017cy zadba\u0107 o kulturalne zapisy w swoich programach (nikogo nie obra\u017camy; podajemy fakty dotycz\u0105ce siebie, a nie innych kandydat\u00f3w; wybieramy dzia\u0142ania daj\u0105ce si\u0119 zrealizowa\u0107).<\/p>\n","protected":false},"excerpt":{"rendered":"<p>Kandydaci:1. Brych Gabriela 7a2. Ga\u0142ecka Aleksandra 6b3. K\u0119dzierska Judyta 6c4. Kromer Cezary 7b5. Mazur Kamil [&hellip;]<\/p>\n","protected":false},"author":13,"featured_media":12892,"comment_status":"closed","ping_status":"open","sticky":false,"template":"","format":"standard","meta":{"footnotes":""},"categories":[18],"tags":[],"class_list":["post-12891","post","type-post","status-publish","format-standard","has-post-thumbnail","hentry","category-samorzad-uczniowoski"],"_links":{"self":[{"href":"https:\/\/sp1.kielce.eu\/index.php\/wp-json\/wp\/v2\/posts\/12891","targetHints":{"allow":["GET"]}}],"collection":[{"href":"https:\/\/sp1.kielce.eu\/index.php\/wp-json\/wp\/v2\/posts"}],"about":[{"href":"https:\/\/sp1.kielce.eu\/index.php\/wp-json\/wp\/v2\/types\/post"}],"author":[{"embeddable":true,"href":"https:\/\/sp1.kielce.eu\/index.php\/wp-json\/wp\/v2\/users\/13"}],"replies":[{"embeddable":true,"href":"https:\/\/sp1.kielce.eu\/index.php\/wp-json\/wp\/v2\/comments?post=12891"}],"version-history":[{"count":2,"href":"https:\/\/sp1.kielce.eu\/index.php\/wp-json\/wp\/v2\/posts\/12891\/revisions"}],"predecessor-version":[{"id":12932,"href":"https:\/\/sp1.kielce.eu\/index.php\/wp-json\/wp\/v2\/posts\/12891\/revisions\/12932"}],"wp:featuredmedia":[{"embeddable":true,"href":"https:\/\/sp1.kielce.eu\/index.php\/wp-json\/wp\/v2\/media\/12892"}],"wp:attachment":[{"href":"https:\/\/sp1.kielce.eu\/index.php\/wp-json\/wp\/v2\/media?parent=12891"}],"wp:term":[{"taxonomy":"category","embeddable":true,"href":"https:\/\/sp1.kielce.eu\/index.php\/wp-json\/wp\/v2\/categories?post=12891"},{"taxonomy":"post_tag","embeddable":true,"href":"https:\/\/sp1.kielce.eu\/index.php\/wp-json\/wp\/v2\/tags?post=12891"}],"curies":[{"name":"wp","href":"https:\/\/api.w.org\/{rel}","templated":true}]}}