{"id":12848,"date":"2020-09-14T20:05:05","date_gmt":"2020-09-14T18:05:05","guid":{"rendered":"http:\/\/sp1.kielce.eu\/?p=12848"},"modified":"2020-09-20T20:05:40","modified_gmt":"2020-09-20T18:05:40","slug":"pierwsza-komunia-klas-czwartych","status":"publish","type":"post","link":"https:\/\/sp1.kielce.eu\/index.php\/2020\/09\/14\/pierwsza-komunia-klas-czwartych\/","title":{"rendered":"Pierwsza Komunia klas czwartych"},"content":{"rendered":"\n<p>\u00a0\u00a0\u00a0\u00a0\u00a0\u00a0\u00a0\u00a0\u00a0\u00a0\u00a0 Po d\u0142ugim oczekiwaniu i\u00a0gorliwych przygotowaniach, uczniowie klas czwartych przyst\u0105pili do Pierwszej Komunii \u015awi\u0119tej. W\u00a0sobotnie przedpo\u0142udnie 5\u00a0wrze\u015bnia 2020\u00a0r. o\u00a0godzinie 11.00, zgromadzili si\u0119 w\u00a0ko\u015bciele \u015awi\u0119tego J\u00f3zefa Robotnika w\u00a0Kielcach. Otoczeni mi\u0142o\u015bci\u0105 swoich rodzic\u00f3w i\u00a0krewnych oraz opiek\u0105 katechet\u00f3w, po raz pierwszy w\u00a0pe\u0142ni uczestniczyli we Mszy \u015awi\u0119tej. Czynnie w\u0142\u0105czyli si\u0119 w\u00a0opraw\u0119 liturgiczn\u0105. Z\u00a0dum\u0105 i\u00a0z\u00a0godno\u015bci\u0105 reprezentowali nasz\u0105 Szko\u0142\u0119. Sk\u0142adamy serdeczne podzi\u0119kowania wszystkim, kt\u00f3rzy w\u0142\u0105czyli si\u0119 w\u00a0przygotowanie tej donios\u0142ej Uroczysto\u015bci. <\/p>\n\n\n\n<p style=\"text-align:right\"><em>s. Faustyna Monika Czajkowska<\/em><\/p>\n\n\n\n<ul class=\"wp-block-gallery columns-4 is-cropped wp-block-gallery-1 is-layout-flex wp-block-gallery-is-layout-flex\"><li class=\"blocks-gallery-item\"><figure><a href=\"http:\/\/sp1.kielce.eu\/wp-content\/uploads\/2020\/09\/IMG_20200906_125745-Copy-1200x900.jpg\"><img loading=\"lazy\" decoding=\"async\" width=\"1200\" height=\"900\" src=\"http:\/\/sp1.kielce.eu\/wp-content\/uploads\/2020\/09\/IMG_20200906_125745-Copy-1200x900.jpg\" alt=\"\" data-id=\"12849\" data-link=\"http:\/\/sp1.kielce.eu\/?attachment_id=12849\" class=\"wp-image-12849\" srcset=\"https:\/\/sp1.kielce.eu\/wp-content\/uploads\/2020\/09\/IMG_20200906_125745-Copy.jpg 1200w, https:\/\/sp1.kielce.eu\/wp-content\/uploads\/2020\/09\/IMG_20200906_125745-Copy-300x225.jpg 300w, https:\/\/sp1.kielce.eu\/wp-content\/uploads\/2020\/09\/IMG_20200906_125745-Copy-768x576.jpg 768w, https:\/\/sp1.kielce.eu\/wp-content\/uploads\/2020\/09\/IMG_20200906_125745-Copy-820x615.jpg 820w\" sizes=\"auto, (max-width: 1200px) 100vw, 1200px\" \/><\/a><\/figure><\/li><li class=\"blocks-gallery-item\"><figure><a href=\"http:\/\/sp1.kielce.eu\/wp-content\/uploads\/2020\/09\/IMG_20200906_125804-Copy-1200x900.jpg\"><img loading=\"lazy\" decoding=\"async\" width=\"1200\" height=\"900\" src=\"http:\/\/sp1.kielce.eu\/wp-content\/uploads\/2020\/09\/IMG_20200906_125804-Copy-1200x900.jpg\" alt=\"\" data-id=\"12850\" data-link=\"http:\/\/sp1.kielce.eu\/?attachment_id=12850\" class=\"wp-image-12850\" srcset=\"https:\/\/sp1.kielce.eu\/wp-content\/uploads\/2020\/09\/IMG_20200906_125804-Copy.jpg 1200w, https:\/\/sp1.kielce.eu\/wp-content\/uploads\/2020\/09\/IMG_20200906_125804-Copy-300x225.jpg 300w, https:\/\/sp1.kielce.eu\/wp-content\/uploads\/2020\/09\/IMG_20200906_125804-Copy-768x576.jpg 768w, https:\/\/sp1.kielce.eu\/wp-content\/uploads\/2020\/09\/IMG_20200906_125804-Copy-820x615.jpg 820w\" sizes=\"auto, (max-width: 1200px) 100vw, 1200px\" \/><\/a><\/figure><\/li><li class=\"blocks-gallery-item\"><figure><a href=\"http:\/\/sp1.kielce.eu\/wp-content\/uploads\/2020\/09\/IMG_20200906_125942-Copy-1200x900.jpg\"><img loading=\"lazy\" decoding=\"async\" width=\"1200\" height=\"900\" src=\"http:\/\/sp1.kielce.eu\/wp-content\/uploads\/2020\/09\/IMG_20200906_125942-Copy-1200x900.jpg\" alt=\"\" data-id=\"12852\" data-link=\"http:\/\/sp1.kielce.eu\/?attachment_id=12852\" class=\"wp-image-12852\" srcset=\"https:\/\/sp1.kielce.eu\/wp-content\/uploads\/2020\/09\/IMG_20200906_125942-Copy.jpg 1200w, https:\/\/sp1.kielce.eu\/wp-content\/uploads\/2020\/09\/IMG_20200906_125942-Copy-300x225.jpg 300w, https:\/\/sp1.kielce.eu\/wp-content\/uploads\/2020\/09\/IMG_20200906_125942-Copy-768x576.jpg 768w, https:\/\/sp1.kielce.eu\/wp-content\/uploads\/2020\/09\/IMG_20200906_125942-Copy-820x615.jpg 820w\" sizes=\"auto, (max-width: 1200px) 100vw, 1200px\" \/><\/a><\/figure><\/li><li class=\"blocks-gallery-item\"><figure><a href=\"http:\/\/sp1.kielce.eu\/wp-content\/uploads\/2020\/09\/IMG_20200906_125825-Copy-1200x900.jpg\"><img loading=\"lazy\" decoding=\"async\" width=\"1200\" height=\"900\" src=\"http:\/\/sp1.kielce.eu\/wp-content\/uploads\/2020\/09\/IMG_20200906_125825-Copy-1200x900.jpg\" alt=\"\" data-id=\"12851\" data-link=\"http:\/\/sp1.kielce.eu\/?attachment_id=12851\" class=\"wp-image-12851\" srcset=\"https:\/\/sp1.kielce.eu\/wp-content\/uploads\/2020\/09\/IMG_20200906_125825-Copy.jpg 1200w, https:\/\/sp1.kielce.eu\/wp-content\/uploads\/2020\/09\/IMG_20200906_125825-Copy-300x225.jpg 300w, https:\/\/sp1.kielce.eu\/wp-content\/uploads\/2020\/09\/IMG_20200906_125825-Copy-768x576.jpg 768w, https:\/\/sp1.kielce.eu\/wp-content\/uploads\/2020\/09\/IMG_20200906_125825-Copy-820x615.jpg 820w\" sizes=\"auto, (max-width: 1200px) 100vw, 1200px\" \/><\/a><\/figure><\/li><\/ul>\n","protected":false},"excerpt":{"rendered":"<p>\u00a0\u00a0\u00a0\u00a0\u00a0\u00a0\u00a0\u00a0\u00a0\u00a0\u00a0 Po d\u0142ugim oczekiwaniu i\u00a0gorliwych przygotowaniach, uczniowie klas czwartych przyst\u0105pili do Pierwszej Komunii \u015awi\u0119tej. W\u00a0sobotnie [&hellip;]<\/p>\n","protected":false},"author":13,"featured_media":12853,"comment_status":"closed","ping_status":"open","sticky":false,"template":"","format":"standard","meta":{"footnotes":""},"categories":[36],"tags":[],"class_list":["post-12848","post","type-post","status-publish","format-standard","has-post-thumbnail","hentry","category-wydarzenia"],"_links":{"self":[{"href":"https:\/\/sp1.kielce.eu\/index.php\/wp-json\/wp\/v2\/posts\/12848","targetHints":{"allow":["GET"]}}],"collection":[{"href":"https:\/\/sp1.kielce.eu\/index.php\/wp-json\/wp\/v2\/posts"}],"about":[{"href":"https:\/\/sp1.kielce.eu\/index.php\/wp-json\/wp\/v2\/types\/post"}],"author":[{"embeddable":true,"href":"https:\/\/sp1.kielce.eu\/index.php\/wp-json\/wp\/v2\/users\/13"}],"replies":[{"embeddable":true,"href":"https:\/\/sp1.kielce.eu\/index.php\/wp-json\/wp\/v2\/comments?post=12848"}],"version-history":[{"count":1,"href":"https:\/\/sp1.kielce.eu\/index.php\/wp-json\/wp\/v2\/posts\/12848\/revisions"}],"predecessor-version":[{"id":12854,"href":"https:\/\/sp1.kielce.eu\/index.php\/wp-json\/wp\/v2\/posts\/12848\/revisions\/12854"}],"wp:featuredmedia":[{"embeddable":true,"href":"https:\/\/sp1.kielce.eu\/index.php\/wp-json\/wp\/v2\/media\/12853"}],"wp:attachment":[{"href":"https:\/\/sp1.kielce.eu\/index.php\/wp-json\/wp\/v2\/media?parent=12848"}],"wp:term":[{"taxonomy":"category","embeddable":true,"href":"https:\/\/sp1.kielce.eu\/index.php\/wp-json\/wp\/v2\/categories?post=12848"},{"taxonomy":"post_tag","embeddable":true,"href":"https:\/\/sp1.kielce.eu\/index.php\/wp-json\/wp\/v2\/tags?post=12848"}],"curies":[{"name":"wp","href":"https:\/\/api.w.org\/{rel}","templated":true}]}}