{"id":12806,"date":"2020-09-15T00:04:39","date_gmt":"2020-09-14T22:04:39","guid":{"rendered":"http:\/\/sp1.kielce.eu\/?p=12806"},"modified":"2020-09-15T00:04:39","modified_gmt":"2020-09-14T22:04:39","slug":"poswiecenie-tornistrow","status":"publish","type":"post","link":"https:\/\/sp1.kielce.eu\/index.php\/2020\/09\/15\/poswiecenie-tornistrow\/","title":{"rendered":"Po\u015bwi\u0119cenie tornistr\u00f3w"},"content":{"rendered":"\n<p>&nbsp;&nbsp;&nbsp;&nbsp;&nbsp;&nbsp;&nbsp;&nbsp;&nbsp;&nbsp;&nbsp; Nasi\npierwszoklasi\u015bci sumiennie spakowali swoje szkolne plecaki. Tym razem\nprzynie\u015bli je do ko\u015bcio\u0142a \u015bwi\u0119tego J\u00f3zefa Robotnika. W&nbsp;niedziel\u0119 6&nbsp;wrze\u015bnia\n2020&nbsp;r. prze\u017cywali Uroczysto\u015b\u0107\nPo\u015bwi\u0119cenia Tornistr\u00f3w dedykowan\u0105 najm\u0142odszym uczniom. Wyj\u0105tkowym\nprzedstawicielom naszej szkolnej spo\u0142eczno\u015bci \u017cyczymy wielu sukces\u00f3w, samych\nsz\u00f3stek, nagr\u00f3d i&nbsp;dyplom\u00f3w! <\/p>\n\n\n\n<p style=\"text-align:right\"><em>s. Faustyna Monika Czajkowska<\/em><\/p>\n\n\n\n<ul class=\"wp-block-gallery columns-3 is-cropped wp-block-gallery-1 is-layout-flex wp-block-gallery-is-layout-flex\"><li class=\"blocks-gallery-item\"><figure><a href=\"http:\/\/sp1.kielce.eu\/wp-content\/uploads\/2020\/09\/IMG_20200906_104659-Copy-1200x900.jpg\"><img loading=\"lazy\" decoding=\"async\" width=\"1200\" height=\"900\" src=\"http:\/\/sp1.kielce.eu\/wp-content\/uploads\/2020\/09\/IMG_20200906_104659-Copy-1200x900.jpg\" alt=\"\" data-id=\"12807\" data-link=\"http:\/\/sp1.kielce.eu\/?attachment_id=12807\" class=\"wp-image-12807\" srcset=\"https:\/\/sp1.kielce.eu\/wp-content\/uploads\/2020\/09\/IMG_20200906_104659-Copy.jpg 1200w, https:\/\/sp1.kielce.eu\/wp-content\/uploads\/2020\/09\/IMG_20200906_104659-Copy-300x225.jpg 300w, https:\/\/sp1.kielce.eu\/wp-content\/uploads\/2020\/09\/IMG_20200906_104659-Copy-768x576.jpg 768w, https:\/\/sp1.kielce.eu\/wp-content\/uploads\/2020\/09\/IMG_20200906_104659-Copy-820x615.jpg 820w\" sizes=\"auto, (max-width: 1200px) 100vw, 1200px\" \/><\/a><\/figure><\/li><li class=\"blocks-gallery-item\"><figure><a href=\"http:\/\/sp1.kielce.eu\/wp-content\/uploads\/2020\/09\/IMG_20200906_110230-Copy-1200x900.jpg\"><img loading=\"lazy\" decoding=\"async\" width=\"1200\" height=\"900\" src=\"http:\/\/sp1.kielce.eu\/wp-content\/uploads\/2020\/09\/IMG_20200906_110230-Copy-1200x900.jpg\" alt=\"\" data-id=\"12808\" data-link=\"http:\/\/sp1.kielce.eu\/?attachment_id=12808\" class=\"wp-image-12808\" srcset=\"https:\/\/sp1.kielce.eu\/wp-content\/uploads\/2020\/09\/IMG_20200906_110230-Copy.jpg 1200w, https:\/\/sp1.kielce.eu\/wp-content\/uploads\/2020\/09\/IMG_20200906_110230-Copy-300x225.jpg 300w, https:\/\/sp1.kielce.eu\/wp-content\/uploads\/2020\/09\/IMG_20200906_110230-Copy-768x576.jpg 768w, https:\/\/sp1.kielce.eu\/wp-content\/uploads\/2020\/09\/IMG_20200906_110230-Copy-820x615.jpg 820w\" sizes=\"auto, (max-width: 1200px) 100vw, 1200px\" \/><\/a><\/figure><\/li><li class=\"blocks-gallery-item\"><figure><a href=\"http:\/\/sp1.kielce.eu\/wp-content\/uploads\/2020\/09\/IMG_20200906_114224-Copy-1200x900.jpg\"><img loading=\"lazy\" decoding=\"async\" width=\"1200\" height=\"900\" src=\"http:\/\/sp1.kielce.eu\/wp-content\/uploads\/2020\/09\/IMG_20200906_114224-Copy-1200x900.jpg\" alt=\"\" data-id=\"12809\" data-link=\"http:\/\/sp1.kielce.eu\/?attachment_id=12809\" class=\"wp-image-12809\" srcset=\"https:\/\/sp1.kielce.eu\/wp-content\/uploads\/2020\/09\/IMG_20200906_114224-Copy.jpg 1200w, https:\/\/sp1.kielce.eu\/wp-content\/uploads\/2020\/09\/IMG_20200906_114224-Copy-300x225.jpg 300w, https:\/\/sp1.kielce.eu\/wp-content\/uploads\/2020\/09\/IMG_20200906_114224-Copy-768x576.jpg 768w, https:\/\/sp1.kielce.eu\/wp-content\/uploads\/2020\/09\/IMG_20200906_114224-Copy-820x615.jpg 820w\" sizes=\"auto, (max-width: 1200px) 100vw, 1200px\" \/><\/a><\/figure><\/li><li class=\"blocks-gallery-item\"><figure><a href=\"http:\/\/sp1.kielce.eu\/wp-content\/uploads\/2020\/09\/IMG_20200906_114244-Copy-1200x900.jpg\"><img loading=\"lazy\" decoding=\"async\" width=\"1200\" height=\"900\" src=\"http:\/\/sp1.kielce.eu\/wp-content\/uploads\/2020\/09\/IMG_20200906_114244-Copy-1200x900.jpg\" alt=\"\" data-id=\"12810\" data-link=\"http:\/\/sp1.kielce.eu\/?attachment_id=12810\" class=\"wp-image-12810\" srcset=\"https:\/\/sp1.kielce.eu\/wp-content\/uploads\/2020\/09\/IMG_20200906_114244-Copy.jpg 1200w, https:\/\/sp1.kielce.eu\/wp-content\/uploads\/2020\/09\/IMG_20200906_114244-Copy-300x225.jpg 300w, https:\/\/sp1.kielce.eu\/wp-content\/uploads\/2020\/09\/IMG_20200906_114244-Copy-768x576.jpg 768w, https:\/\/sp1.kielce.eu\/wp-content\/uploads\/2020\/09\/IMG_20200906_114244-Copy-820x615.jpg 820w\" sizes=\"auto, (max-width: 1200px) 100vw, 1200px\" \/><\/a><\/figure><\/li><li class=\"blocks-gallery-item\"><figure><a href=\"http:\/\/sp1.kielce.eu\/wp-content\/uploads\/2020\/09\/IMG_20200906_114649-Copy-1200x900.jpg\"><img loading=\"lazy\" decoding=\"async\" width=\"1200\" height=\"900\" src=\"http:\/\/sp1.kielce.eu\/wp-content\/uploads\/2020\/09\/IMG_20200906_114649-Copy-1200x900.jpg\" alt=\"\" data-id=\"12811\" data-link=\"http:\/\/sp1.kielce.eu\/?attachment_id=12811\" class=\"wp-image-12811\" srcset=\"https:\/\/sp1.kielce.eu\/wp-content\/uploads\/2020\/09\/IMG_20200906_114649-Copy.jpg 1200w, https:\/\/sp1.kielce.eu\/wp-content\/uploads\/2020\/09\/IMG_20200906_114649-Copy-300x225.jpg 300w, https:\/\/sp1.kielce.eu\/wp-content\/uploads\/2020\/09\/IMG_20200906_114649-Copy-768x576.jpg 768w, https:\/\/sp1.kielce.eu\/wp-content\/uploads\/2020\/09\/IMG_20200906_114649-Copy-820x615.jpg 820w\" sizes=\"auto, (max-width: 1200px) 100vw, 1200px\" \/><\/a><\/figure><\/li><\/ul>\n","protected":false},"excerpt":{"rendered":"<p>&nbsp;&nbsp;&nbsp;&nbsp;&nbsp;&nbsp;&nbsp;&nbsp;&nbsp;&nbsp;&nbsp; Nasi pierwszoklasi\u015bci sumiennie spakowali swoje szkolne plecaki. Tym razem przynie\u015bli je do ko\u015bcio\u0142a \u015bwi\u0119tego [&hellip;]<\/p>\n","protected":false},"author":13,"featured_media":12809,"comment_status":"closed","ping_status":"open","sticky":false,"template":"","format":"standard","meta":{"footnotes":""},"categories":[36],"tags":[],"class_list":["post-12806","post","type-post","status-publish","format-standard","has-post-thumbnail","hentry","category-wydarzenia"],"_links":{"self":[{"href":"https:\/\/sp1.kielce.eu\/index.php\/wp-json\/wp\/v2\/posts\/12806","targetHints":{"allow":["GET"]}}],"collection":[{"href":"https:\/\/sp1.kielce.eu\/index.php\/wp-json\/wp\/v2\/posts"}],"about":[{"href":"https:\/\/sp1.kielce.eu\/index.php\/wp-json\/wp\/v2\/types\/post"}],"author":[{"embeddable":true,"href":"https:\/\/sp1.kielce.eu\/index.php\/wp-json\/wp\/v2\/users\/13"}],"replies":[{"embeddable":true,"href":"https:\/\/sp1.kielce.eu\/index.php\/wp-json\/wp\/v2\/comments?post=12806"}],"version-history":[{"count":2,"href":"https:\/\/sp1.kielce.eu\/index.php\/wp-json\/wp\/v2\/posts\/12806\/revisions"}],"predecessor-version":[{"id":12813,"href":"https:\/\/sp1.kielce.eu\/index.php\/wp-json\/wp\/v2\/posts\/12806\/revisions\/12813"}],"wp:featuredmedia":[{"embeddable":true,"href":"https:\/\/sp1.kielce.eu\/index.php\/wp-json\/wp\/v2\/media\/12809"}],"wp:attachment":[{"href":"https:\/\/sp1.kielce.eu\/index.php\/wp-json\/wp\/v2\/media?parent=12806"}],"wp:term":[{"taxonomy":"category","embeddable":true,"href":"https:\/\/sp1.kielce.eu\/index.php\/wp-json\/wp\/v2\/categories?post=12806"},{"taxonomy":"post_tag","embeddable":true,"href":"https:\/\/sp1.kielce.eu\/index.php\/wp-json\/wp\/v2\/tags?post=12806"}],"curies":[{"name":"wp","href":"https:\/\/api.w.org\/{rel}","templated":true}]}}