{"id":12799,"date":"2020-09-14T07:00:04","date_gmt":"2020-09-14T05:00:04","guid":{"rendered":"http:\/\/sp1.kielce.eu\/?p=12799"},"modified":"2020-09-18T19:53:51","modified_gmt":"2020-09-18T17:53:51","slug":"gimnastyka-sportowa","status":"publish","type":"post","link":"https:\/\/sp1.kielce.eu\/index.php\/2020\/09\/14\/gimnastyka-sportowa\/","title":{"rendered":"Gimnastyka sportowa"},"content":{"rendered":"\n<p>Zaj\u0119cia\nz&nbsp;<strong>GIMNASTYKI SPORTOWEJ<\/strong>\nwszechstronnie kszta\u0142tuj\u0105 Pa\u0144stwa dziecko, a&nbsp;tak\u017ce pozwalaj\u0105 spe\u0142ni\u0107 jego\ngimnastyczne marzenia!<\/p>\n\n\n\n<p>To\nzaj\u0119cia nastawione przede wszystkim na og\u00f3lny rozw\u00f3j motoryczny dzieci, kt\u00f3re\nmaj\u0105 za zadanie zwi\u0119kszenie umiej\u0119tno\u015bci fizycznej oraz koordynacj\u0119 ruchow\u0105\nu&nbsp;m\u0142odych sportowc\u00f3w. Trening ma na celu wzmocni\u0107 kondycj\u0119 fizyczn\u0105\ndzieci, pozytywnie wp\u0142yn\u0105\u0107 na ich zr\u0119czno\u015b\u0107, sprawno\u015b\u0107, orientacj\u0119 przestrzenn\u0105\noraz plastyczno\u015b\u0107 ruchow\u0105.<\/p>\n\n\n\n<p>Zaj\u0119cia\nz&nbsp;gimnastyki polecane s\u0105 ze wzgl\u0119du na korzystne oddzia\u0142ywanie na organizm\ndziecka, kszta\u0142towanie prawid\u0142owej postawy cia\u0142a, a&nbsp;tak\u017ce wywieranie\nog\u00f3lnych w\u0142a\u015bciwo\u015bci pozwalaj\u0105cych na wy\u0142adowanie nagromadzonej energii\nwynikaj\u0105cej z&nbsp;osobowo\u015bci dziecka. Dzi\u0119ki stosowanym \u0107wiczeniom, dziecko\nnie tylko wzmacnia swoje cia\u0142o i&nbsp;poprawia wydolno\u015b\u0107 swojego organizmu, ale\ntak\u017ce poznaje nieodgadni\u0119te dot\u0105d tajniki \u015bwiata gimnastyki sportowej.<\/p>\n\n\n\n<p>Zaj\u0119cia odbywa\u0107 si\u0119 b\u0119d\u0105:<br><\/p>\n\n\n\n<p>\u00a0grupa\u00a0I pocz\u0105tkuj\u0105ca kl. I -III:<br>poniedzia\u0142ek 12 45 do 14 15<\/p>\n\n\n\n<p>&nbsp;grupa&nbsp;II \u015brednio-zaawansowana kl. II \u2013 IV:<br>wtorek 15 40 do 17 10<br>czwartek 15 40 d0 17 10<\/p>\n\n\n\n<p>Grupa \u015brednio-zaawansowana ju\u017c zamkni\u0119ta (zaczynamy 22 wrze\u015bnia), <br> grupa pocz\u0105tkuj\u0105ca<s> jeszcze zapisy trwaj\u0105<\/s> (zaczynamy od 1 pa\u017adziernika).<br> Uwaga!  Nab\u00f3r do grupy pocz\u0105tkuj\u0105cej jest ju\u017c zako\u0144czony. <\/p>\n\n\n\n<p style=\"text-align:right\">Zapisy przyjmuje<br>nauczyciel wychowania fizycznego<br>Marta Wi\u0119ckowska<\/p>\n","protected":false},"excerpt":{"rendered":"<p>Zaj\u0119cia z&nbsp;GIMNASTYKI SPORTOWEJ wszechstronnie kszta\u0142tuj\u0105 Pa\u0144stwa dziecko, a&nbsp;tak\u017ce pozwalaj\u0105 spe\u0142ni\u0107 jego gimnastyczne marzenia! To zaj\u0119cia [&hellip;]<\/p>\n","protected":false},"author":13,"featured_media":12800,"comment_status":"closed","ping_status":"open","sticky":false,"template":"","format":"standard","meta":{"footnotes":""},"categories":[11],"tags":[],"class_list":["post-12799","post","type-post","status-publish","format-standard","has-post-thumbnail","hentry","category-zawody-sportowe"],"_links":{"self":[{"href":"https:\/\/sp1.kielce.eu\/index.php\/wp-json\/wp\/v2\/posts\/12799","targetHints":{"allow":["GET"]}}],"collection":[{"href":"https:\/\/sp1.kielce.eu\/index.php\/wp-json\/wp\/v2\/posts"}],"about":[{"href":"https:\/\/sp1.kielce.eu\/index.php\/wp-json\/wp\/v2\/types\/post"}],"author":[{"embeddable":true,"href":"https:\/\/sp1.kielce.eu\/index.php\/wp-json\/wp\/v2\/users\/13"}],"replies":[{"embeddable":true,"href":"https:\/\/sp1.kielce.eu\/index.php\/wp-json\/wp\/v2\/comments?post=12799"}],"version-history":[{"count":3,"href":"https:\/\/sp1.kielce.eu\/index.php\/wp-json\/wp\/v2\/posts\/12799\/revisions"}],"predecessor-version":[{"id":12847,"href":"https:\/\/sp1.kielce.eu\/index.php\/wp-json\/wp\/v2\/posts\/12799\/revisions\/12847"}],"wp:featuredmedia":[{"embeddable":true,"href":"https:\/\/sp1.kielce.eu\/index.php\/wp-json\/wp\/v2\/media\/12800"}],"wp:attachment":[{"href":"https:\/\/sp1.kielce.eu\/index.php\/wp-json\/wp\/v2\/media?parent=12799"}],"wp:term":[{"taxonomy":"category","embeddable":true,"href":"https:\/\/sp1.kielce.eu\/index.php\/wp-json\/wp\/v2\/categories?post=12799"},{"taxonomy":"post_tag","embeddable":true,"href":"https:\/\/sp1.kielce.eu\/index.php\/wp-json\/wp\/v2\/tags?post=12799"}],"curies":[{"name":"wp","href":"https:\/\/api.w.org\/{rel}","templated":true}]}}