{"id":12655,"date":"2020-08-28T18:31:19","date_gmt":"2020-08-28T16:31:19","guid":{"rendered":"http:\/\/sp1.kielce.eu\/?p=12655"},"modified":"2020-08-28T18:31:19","modified_gmt":"2020-08-28T16:31:19","slug":"apel-do-rodzicow-zastepcy-prezydenta-kielc-marcina-rozyckiego","status":"publish","type":"post","link":"https:\/\/sp1.kielce.eu\/index.php\/2020\/08\/28\/apel-do-rodzicow-zastepcy-prezydenta-kielc-marcina-rozyckiego\/","title":{"rendered":"Apel do rodzic\u00f3w Zast\u0119pcy Prezydenta Kielc Marcina R\u00f3\u017cyckiego"},"content":{"rendered":"\n<p><strong>Szanowni\nPa\u0144stwo, Drodzy Rodzice<\/strong><\/p>\n\n\n\n<p>1 wrze\u015bnia rozpoczynamy\nnowy rok szkolny. Dzieci i m\u0142odzie\u017c po kilku miesi\u0105cach nieobecno\u015bci,\nspowodowanej pandemi\u0105 koronawirusa oraz okresem wakacji, wr\u00f3c\u0105 do szk\u00f3\u0142. Do\nswoich nauczycieli i koleg\u00f3w. Zape\u0142ni\u0105 si\u0119 te\u017c przedszkola. Dla wielu to na\npewno rado\u015b\u0107, bo spotkaj\u0105 przyjaci\u00f3\u0142. Izolacja \u017ale wp\u0142ywa na kondycj\u0119\nemocjonaln\u0105 dziecka i drastycznie ogranicza jego zewn\u0119trzn\u0105 aktywno\u015b\u0107. My,\nrodzice, wiemy o tym najlepiej.<\/p>\n\n\n\n<p>Dlatego, w zwi\u0105zku z\npowrotem do szk\u00f3\u0142 i przedszkoli, apeluj\u0119 do Pa\u0144stwa <br>\no szczeg\u00f3ln\u0105 rozwag\u0119. We wszystkich plac\u00f3wkach o\u015bwiatowych, prowadzonych przez\nsamorz\u0105d Kielc, stosowane b\u0119d\u0105 procedury bezpiecze\u0144stwa, zwi\u0105zane <br>\nz podwy\u017cszonym re\u017cimem sanitarnym. Trudno b\u0119dzie jednak zachowa\u0107\nbezpiecze\u0144stwo, je\u017celi na zaj\u0119cia b\u0119d\u0105 przychodzi\u0142y dzieci przezi\u0119bione czy\nchore. Szanowni Pa\u0144stwo ocena stanu zdrowia dziecka nale\u017cy do Was.<\/p>\n\n\n\n<p>Musimy zdawa\u0107 sobie\nspraw\u0119 z tego, \u017ce przyj\u015bcie na zaj\u0119cia jednego chorego dziecka, mo\u017ce\ndoprowadzi\u0107 do zamkni\u0119cia ca\u0142ej plac\u00f3wki i powr\u00f3t do systemu nauki zdalnej tak\nbardzo nie wygodnej dla nas wszystkich. <\/p>\n\n\n\n<p>Dlatego bardzo Pa\u0144stwa\nprosz\u0119 o odpowiedzialno\u015b\u0107, o szczeg\u00f3lne przestrzeganie higieny, uczulanie\ndzieci na to, by my\u0142y r\u0119ce, nie dotyka\u0142y ust czy oczu, zachowywa\u0142y dystans spo\u0142eczny.\n\nZe swej strony zapewniam, \u017ce zar\u00f3wno w\u0142adze miasta,\njak i kierownictwo poszczeg\u00f3lnych plac\u00f3wek o\u015bwiatowych zrobi\u0105 wszystko, by ten\nrozpoczynaj\u0105cy si\u0119 w trudnych warunkach rok szkolny przebiega\u0142 bezpiecznie.\n\n\n\n<\/p>\n","protected":false},"excerpt":{"rendered":"<p>Szanowni Pa\u0144stwo, Drodzy Rodzice 1 wrze\u015bnia rozpoczynamy nowy rok szkolny. Dzieci i m\u0142odzie\u017c po kilku [&hellip;]<\/p>\n","protected":false},"author":13,"featured_media":12653,"comment_status":"closed","ping_status":"open","sticky":false,"template":"","format":"standard","meta":{"footnotes":""},"categories":[1],"tags":[],"class_list":["post-12655","post","type-post","status-publish","format-standard","has-post-thumbnail","hentry","category-bez-kategorii"],"_links":{"self":[{"href":"https:\/\/sp1.kielce.eu\/index.php\/wp-json\/wp\/v2\/posts\/12655","targetHints":{"allow":["GET"]}}],"collection":[{"href":"https:\/\/sp1.kielce.eu\/index.php\/wp-json\/wp\/v2\/posts"}],"about":[{"href":"https:\/\/sp1.kielce.eu\/index.php\/wp-json\/wp\/v2\/types\/post"}],"author":[{"embeddable":true,"href":"https:\/\/sp1.kielce.eu\/index.php\/wp-json\/wp\/v2\/users\/13"}],"replies":[{"embeddable":true,"href":"https:\/\/sp1.kielce.eu\/index.php\/wp-json\/wp\/v2\/comments?post=12655"}],"version-history":[{"count":1,"href":"https:\/\/sp1.kielce.eu\/index.php\/wp-json\/wp\/v2\/posts\/12655\/revisions"}],"predecessor-version":[{"id":12656,"href":"https:\/\/sp1.kielce.eu\/index.php\/wp-json\/wp\/v2\/posts\/12655\/revisions\/12656"}],"wp:featuredmedia":[{"embeddable":true,"href":"https:\/\/sp1.kielce.eu\/index.php\/wp-json\/wp\/v2\/media\/12653"}],"wp:attachment":[{"href":"https:\/\/sp1.kielce.eu\/index.php\/wp-json\/wp\/v2\/media?parent=12655"}],"wp:term":[{"taxonomy":"category","embeddable":true,"href":"https:\/\/sp1.kielce.eu\/index.php\/wp-json\/wp\/v2\/categories?post=12655"},{"taxonomy":"post_tag","embeddable":true,"href":"https:\/\/sp1.kielce.eu\/index.php\/wp-json\/wp\/v2\/tags?post=12655"}],"curies":[{"name":"wp","href":"https:\/\/api.w.org\/{rel}","templated":true}]}}