{"id":12636,"date":"2020-08-26T19:44:46","date_gmt":"2020-08-26T17:44:46","guid":{"rendered":"http:\/\/sp1.kielce.eu\/?p=12636"},"modified":"2020-08-26T19:45:26","modified_gmt":"2020-08-26T17:45:26","slug":"zapisy-dzieci-do-swietlicy-2","status":"publish","type":"post","link":"https:\/\/sp1.kielce.eu\/index.php\/2020\/08\/26\/zapisy-dzieci-do-swietlicy-2\/","title":{"rendered":"Zapisy dzieci do \u015bwietlicy"},"content":{"rendered":"\n<p>Rodzice zainteresowani zapisem dzieci do \u015bwietlicy na rok szkolny 2020\/2021 proszeni s\u0105 o pobranie, wype\u0142nienie i przes\u0142anie karty zg\u0142oszenia na adres <a href=\"mailto:swietlica@sp1.kielce.eu\">swietlica@sp1.kielce.eu<\/a><\/p>\n\n\n\n<p style=\"text-align:right\">El\u017cbieta Szymczyk<\/p>\n\n\n\n<p><a href=\"http:\/\/sp1.kielce.eu\/wp-content\/uploads\/2020\/05\/swietlica-karta.docx\">Karta zg\u0142oszenia (docx)<\/a><br><a href=\"http:\/\/sp1.kielce.eu\/wp-content\/uploads\/2020\/05\/swietlica-karta.pdf\">Karta zg\u0142oszenia (pdf)<\/a> <\/p>\n","protected":false},"excerpt":{"rendered":"<p>Rodzice zainteresowani zapisem dzieci do \u015bwietlicy na rok szkolny 2020\/2021 proszeni s\u0105 o pobranie, wype\u0142nienie [&hellip;]<\/p>\n","protected":false},"author":4,"featured_media":1790,"comment_status":"closed","ping_status":"open","sticky":false,"template":"","format":"standard","meta":{"footnotes":""},"categories":[1],"tags":[],"class_list":["post-12636","post","type-post","status-publish","format-standard","has-post-thumbnail","hentry","category-bez-kategorii"],"_links":{"self":[{"href":"https:\/\/sp1.kielce.eu\/index.php\/wp-json\/wp\/v2\/posts\/12636","targetHints":{"allow":["GET"]}}],"collection":[{"href":"https:\/\/sp1.kielce.eu\/index.php\/wp-json\/wp\/v2\/posts"}],"about":[{"href":"https:\/\/sp1.kielce.eu\/index.php\/wp-json\/wp\/v2\/types\/post"}],"author":[{"embeddable":true,"href":"https:\/\/sp1.kielce.eu\/index.php\/wp-json\/wp\/v2\/users\/4"}],"replies":[{"embeddable":true,"href":"https:\/\/sp1.kielce.eu\/index.php\/wp-json\/wp\/v2\/comments?post=12636"}],"version-history":[{"count":2,"href":"https:\/\/sp1.kielce.eu\/index.php\/wp-json\/wp\/v2\/posts\/12636\/revisions"}],"predecessor-version":[{"id":12638,"href":"https:\/\/sp1.kielce.eu\/index.php\/wp-json\/wp\/v2\/posts\/12636\/revisions\/12638"}],"wp:featuredmedia":[{"embeddable":true,"href":"https:\/\/sp1.kielce.eu\/index.php\/wp-json\/wp\/v2\/media\/1790"}],"wp:attachment":[{"href":"https:\/\/sp1.kielce.eu\/index.php\/wp-json\/wp\/v2\/media?parent=12636"}],"wp:term":[{"taxonomy":"category","embeddable":true,"href":"https:\/\/sp1.kielce.eu\/index.php\/wp-json\/wp\/v2\/categories?post=12636"},{"taxonomy":"post_tag","embeddable":true,"href":"https:\/\/sp1.kielce.eu\/index.php\/wp-json\/wp\/v2\/tags?post=12636"}],"curies":[{"name":"wp","href":"https:\/\/api.w.org\/{rel}","templated":true}]}}