{"id":12570,"date":"2020-06-24T12:50:49","date_gmt":"2020-06-24T10:50:49","guid":{"rendered":"http:\/\/sp1.kielce.eu\/?p=12570"},"modified":"2021-05-28T11:36:49","modified_gmt":"2021-05-28T09:36:49","slug":"rok-szkolny-2019-2020","status":"publish","type":"post","link":"https:\/\/sp1.kielce.eu\/index.php\/2020\/06\/24\/rok-szkolny-2019-2020\/","title":{"rendered":"Rok szkolny 2019\/2020"},"content":{"rendered":"\n<p><strong>KONKURSY MI\u0118DZYSZKOLNE \u2013 OSI\u0104GNI\u0118CIA<\/strong><\/p>\n\n\n\n<figure class=\"wp-block-table\"><table><tbody><tr><td><strong>Data<\/strong><\/td><td><strong>Miejsce<\/strong><\/td><td><strong>Nazwisko i imi\u0119<\/strong><\/td><td><strong>Nazwa konkursu<\/strong><\/td><td><strong>Organizator<\/strong><\/td><td><strong>Opiekunowie<\/strong><\/td><\/tr><tr><td>2020-06-26<\/td><td>wyr\u00f3\u017cnienie<\/td><td>Aleksandra Sztorc 5c<\/td><td>XVII Mi\u0119dzyszkolny Konkurs Literacki &#8222;Kr\u0119\u0107 si\u0119, kr\u0119\u0107 wrrzeciono&#8230;&#8221;<\/td><td>Szko\u0142a Podstawowa nr 5 w Kielcach<\/td><td>Iwona M\u0142ynarczyk-Halicka<\/td><\/tr><tr><td>2020-06-15<\/td><td>bardzo dobry wynik<\/td><td>Bartosz Toporowski -3a<\/td><td>Mi\u0119dzynarodowy Konkurs Kangur Matematyczny<\/td><td>Towarzystwo Upowszechniania Wiedzy i Nauk Matematycznych<\/td><td>Iwona Ko\u015bcielecka<\/td><\/tr><tr><td>2020-06-15<\/td><td>bardzo dobry wynik<\/td><td>Piotr Wijas -3a<\/td><td>Mi\u0119dzynarodowy Konkurs Kangur Matematyczny<\/td><td>Towarzystwo Upowszechniania Wiedzy i Nauk Matematycznych<\/td><td>Iwona Ko\u015bcielecka<\/td><\/tr><tr><td>2020-06-15<\/td><td>wyr\u00f3\u017cnienie<\/td><td>Julia Graba -3a<\/td><td>Mi\u0119dzynarodowy Konkurs Kangur Matematyczny<\/td><td>Towarzystwo Upowszechniania Wiedzy i Nauk Matematycznych<\/td><td>Iwona Ko\u015bcielecka<\/td><\/tr><tr><td>2020-06-15<\/td><td>wyr\u00f3\u017cnienie<\/td><td>Pawe\u0142 Hunek-3a<\/td><td>Mi\u0119dzynarodowy Konkurs Kangur Matematyczny<\/td><td>Towarzystwo Upowszechniania Wiedzy i Nauk Matematycznych<\/td><td>Iwona Ko\u015bcielecka<\/td><\/tr><tr><td>2020-06-15<\/td><td>wyr\u00f3\u017cnienie<\/td><td>Filip Kordyka -3b<\/td><td>Mi\u0119dzynarodowy Konkurs Kangur Matematyczny<\/td><td>Towarzystwo Upowszechniania Wiedzy i Nauk Matematycznych<\/td><td>Ma\u0142gorzata Kasza<\/td><\/tr><tr><td>2020-06-15<\/td><td>wyr\u00f3\u017cnienie<\/td><td>Mateusz Cedro &#8211; 5a<\/td><td>Mi\u0119dzynarodowy Konkurs Kangur Matematyczny<\/td><td>Towarzystwo Upowszechniania Wiedzy i Nauk Matematycznych<\/td><td>Sylwia Michorek-Kania<\/td><\/tr><tr><td>2020-06-15<\/td><td>wyr\u00f3\u017cnienie<\/td><td>Antoni Kr\u00f3l &#8211; 5a<\/td><td>Mi\u0119dzynarodowy Konkurs Kangur Matematyczny<\/td><td>Towarzystwo Upowszechniania Wiedzy i Nauk Matematycznych<\/td><td>Sylwia Michorek-Kania<\/td><\/tr><tr><td>2020-06-15<\/td><td>wyr\u00f3\u017cnienie<\/td><td>Bartosz Lisowski -5c<\/td><td>Mi\u0119dzynarodowy Konkurs Kangur Matematyczny<\/td><td>Towarzystwo Upowszechniania Wiedzy i Nauk Matematycznych<\/td><td>Sylwia Michorek-Kania<\/td><\/tr><tr><td>2020-06-15<\/td><td>bardzo dobry wynik<\/td><td>Ewa Kwieci\u0144ska &#8211; 6b<\/td><td>Mi\u0119dzynarodowy Konkurs Kangur Matematyczny<\/td><td>Towarzystwo Upowszechniania Wiedzy i Nauk Matematycznych<\/td><td>Sylwia Michorek-Kania<\/td><\/tr><tr><td>2020-06-15<\/td><td>wyr\u00f3\u017cnienie<\/td><td>Marta Kubicka &#8211; 6c<\/td><td>Mi\u0119dzynarodowy Konkurs Kangur Matematyczny<\/td><td>Towarzystwo Upowszechniania Wiedzy i Nauk Matematycznych<\/td><td>Urszula Sodel<\/td><\/tr><tr><td>2020-06-15<\/td><td>wyr\u00f3\u017cnienie<\/td><td>Karolina Piwko &#8211; 6a<\/td><td>Mi\u0119dzynarodowy Konkurs Kangur Matematyczny<\/td><td>Towarzystwo Upowszechniania Wiedzy i Nauk Matematycznych<\/td><td>Anna Mazur<\/td><\/tr><tr><td>2020-06-15<\/td><td>wyr\u00f3\u017cnienie<\/td><td>Wojciech Graba &#8211; 7c<\/td><td>Mi\u0119dzynarodowy Konkurs Kangur Matematyczny<\/td><td>Towarzystwo Upowszechniania Wiedzy i Nauk Matematycznych<\/td><td>Urszula Sodel<\/td><\/tr><tr><td>2020-06-06<\/td><td>laureatka<\/td><td>Komasara Karolina-8b<\/td><td>I Powiatowy Konkurs Retoryczno-Historyczny &#8222;Histori\u0119 znam.b\u0119d\u0119 o niej m\u00f3wi\u0107.&#8221;<\/td><td>Szko\u0142a Podstawowa im. Kornela Makuszy\u0144skiego w Morawicy we wsp\u00f3\u0142pracy z Instytutem Pami\u0119ci Narodowej oraz Urz\u0119dem Marsza\u0142kowskim w Kielcach<\/td><td>Dorota Broni\u015b Katarzyna Szostak<\/td><\/tr><tr><td>2020-06-01<\/td><td>I miejsce<\/td><td>Antoni Konicki &#8211; 3b<\/td><td>Konkurs ekologiczny literacki ,, B\u0105d\u017a EKO &#8211; nadaj przemiotom drugie \u017cycie&#8221;.<\/td><td>Kielecki Park Technologiczny &#8211; Energetyczne Centrum Nauki<\/td><td>Ma\u0142gorzata Kasza<\/td><\/tr><tr><td>2020-06-01<\/td><td>II miejsce<\/td><td>Patrycja \u017bak &#8211; 3b<\/td><td>Konkurs ekologiczny literacki ,, B\u0105d\u017a EKO &#8211; nadaj przemiotom drugie \u017cycie&#8221;.<\/td><td>Kielecki Park Technologiczny &#8211; Energetyczne Centrum Nauki<\/td><td>Ma\u0142gorzata Kasza<\/td><\/tr><tr><td>2020-06-01<\/td><td>wyr\u00f3\u017cnienie<\/td><td>Patrycja Otwinowska &#8211; 3b<\/td><td>Konkurs ekologiczny literacki ,, B\u0105d\u017a EKO &#8211; nadaj przemiotom drugie \u017cycie&#8221;.<\/td><td>Kielecki Park Technologiczny &#8211; Energetyczne Centrum Nauki<\/td><td>Ma\u0142gorzata Kasza<\/td><\/tr><tr><td>2020-06-01<\/td><td>III miejsce<\/td><td>Diana Gawlik &#8211; 2B<\/td><td>Konkurs ekologiczny literacki ,, B\u0105d\u017a EKO &#8211; nadaj przemiotom drugie \u017cycie&#8221;.<\/td><td>Kielecki Park Technologiczny &#8211; Energetyczne Centrum Nauki<\/td><td>Marta Okopie\u0144<\/td><\/tr><tr><td>2020-06-01<\/td><td>III miejsce<\/td><td>Ewa Grodziska &#8211; 2B<\/td><td>Konkurs ekologiczny literacki ,, B\u0105d\u017a EKO &#8211; nadaj przemiotom drugie \u017cycie&#8221;.<\/td><td>Kielecki Park Technologiczny &#8211; Energetyczne Centrum Nauki<\/td><td>Marta Okopie\u0144<\/td><\/tr><tr><td>2020-06-01<\/td><td>III miejsce<\/td><td>Piotr Podraza &#8211; 2B<\/td><td>Konkurs ekologiczny literacki ,, B\u0105d\u017a EKO &#8211; nadaj przemiotom drugie \u017cycie&#8221;.<\/td><td>Kielecki Park Technologiczny &#8211; Energetyczne Centrum Nauki<\/td><td>Marta Okopie\u0144<\/td><\/tr><tr><td>2020-05-25<\/td><td>bardzo dobry wynik<\/td><td>Malwina Plech &#8211; 7c<\/td><td>Og\u00f3lnopolski Konkurs Ekologiczny &#8222;EKOPLANETA&#8221;<\/td><td>Stowarzyszenie Upowszechniania Wiedzy i Kultury Regionalnej \u201ePokolenie\u201d w Grodzisku Mazowieckim.<\/td><td>El\u017cbieta W\u00f3jcik<\/td><\/tr><tr><td>2020-05-25<\/td><td>bardzo dobry wynik<\/td><td>Klaudia Durlik &#8211; 6c<\/td><td>Og\u00f3lnopolski Konkurs Ekologiczny &#8222;EKOPLANETA&#8221;<\/td><td>Stowarzyszenie Upowszechniania Wiedzy i Kultury Regionalnej \u201ePokolenie\u201d w Grodzisku Mazowieckim.<\/td><td>El\u017cbieta W\u00f3jcik<\/td><\/tr><tr><td>2020-05-25<\/td><td>bardzo dobry wynik<\/td><td>Agata Durlik &#8211; 4A<\/td><td>Og\u00f3lnopolski Konkurs Ekologiczny &#8222;EKOPLANETA&#8221;<\/td><td>Stowarzyszenie Upowszechniania Wiedzy i Kultury Regionalnej \u201ePokolenie\u201d w Grodzisku Mazowieckim.<\/td><td>El\u017cbieta W\u00f3jcik<\/td><\/tr><tr><td>2020-05-25<\/td><td>wyr\u00f3\u017cnienie<\/td><td>Wojciech Graba &#8211; 7C<\/td><td>Og\u00f3lnopolski Konkurs Ekologiczny &#8222;EKOPLANETA&#8221;<\/td><td>Stowarzyszenie Upowszechniania Wiedzy i Kultury Regionalnej \u201ePokolenie\u201d w Grodzisku Mazowieckim.<\/td><td>El\u017cbieta W\u00f3jcik<\/td><\/tr><tr><td>2020-05-25<\/td><td>wyr\u00f3\u017cnienie<\/td><td>Anna wieczorek &#8211; 7C<\/td><td>Og\u00f3lnopolski Konkurs Ekologiczny &#8222;EKOPLANETA&#8221;<\/td><td>Stowarzyszenie Upowszechniania Wiedzy i Kultury Regionalnej \u201ePokolenie\u201d w Grodzisku Mazowieckim.<\/td><td>El\u017cbieta W\u00f3jcik<\/td><\/tr><tr><td>2020-05-25<\/td><td>wyr\u00f3\u017cnienie<\/td><td>Izabela G\u0142zowska &#8211; 7C<\/td><td>Og\u00f3lnopolski Konkurs Ekologiczny &#8222;EKOPLANETA&#8221;<\/td><td>Stowarzyszenie Upowszechniania Wiedzy i Kultury Regionalnej \u201ePokolenie\u201d w Grodzisku Mazowieckim.<\/td><td>El\u017cbieta W\u00f3jcik<\/td><\/tr><tr><td>2020-05-25<\/td><td>wyr\u00f3\u017cnienie<\/td><td>Oliwia Glita &#8211; 7B<\/td><td>Og\u00f3lnopolski Konkurs Ekologiczny &#8222;EKOPLANETA&#8221;<\/td><td>Stowarzyszenie Upowszechniania Wiedzy i Kultury Regionalnej \u201ePokolenie\u201d w Grodzisku Mazowieckim.<\/td><td>El\u017cbieta W\u00f3jcik<\/td><\/tr><tr><td>2020-05-25<\/td><td>wyr\u00f3\u017cnienie<\/td><td>Mateusz Grot &#8211; 7C<\/td><td>Og\u00f3lnopolski Konkurs Ekologiczny &#8222;EKOPLANETA&#8221;<\/td><td>Stowarzyszenie Upowszechniania Wiedzy i Kultury Regionalnej \u201ePokolenie\u201d w Grodzisku Mazowieckim.<\/td><td>El\u017cbieta W\u00f3jcik<\/td><\/tr><tr><td>2020-05-25<\/td><td>wyr\u00f3\u017cnienie<\/td><td>Natalia Jantarska &#8211; 7B<\/td><td>Og\u00f3lnopolski Konkurs Ekologiczny &#8222;EKOPLANETA&#8221;<\/td><td>Stowarzyszenie Upowszechniania Wiedzy i Kultury Regionalnej \u201ePokolenie\u201d w Grodzisku Mazowieckim.<\/td><td>El\u017cbieta W\u00f3jcik<\/td><\/tr><tr><td>2020-04-30<\/td><td>laureatka<\/td><td>Be\u0144 Bianka<\/td><td>Mi\u0119dzynarodowy Konkurs Literacki dla Dzieci i M\u0142odzie\u017cy: ,,Tw\u00f3rcza Polska i Polonia&#8221;<\/td><td>Stowarzyszenie WSP\u00d3LNOTA POLSKA, Szko\u0142a Podstawowa nr 2 w Ustce ,patronat Starosty S\u0142upskiego<\/td><td>Renata Petrus<\/td><\/tr><tr><td>2020-04-28<\/td><td>wynik dobry-III miejsce<\/td><td>Marcelina K\u0119pa- 7a<\/td><td>Og\u00f3lnopolski Konkurs J\u0119zyka Angielskiego FOX<\/td><td>\u015al\u0105skie Stowarzyszenie O\u015bwiatowe DELTA pod patronatem Instytutu Filologii Angielskiej Uniwersytetu Jagiello\u0144skiego w Krakowie<\/td><td>Barbara Wojtyniak<\/td><\/tr><tr><td>2020-04-02<\/td><td>laureatka<\/td><td>Be\u0144 Bianka &#8211; 7 c<\/td><td>III Wojew\u00f3dzki Konkurs z J\u0119zyka Polskiego dla uczni\u00f3w szk\u00f3\u0142 podstawowych wojew\u00f3dztwa \u015bwi\u0119tokrzyskiego<\/td><td>Kuratorium O\u015bwiaty w Kielcach, \u015awi\u0119tokrzyskie Centrum Doskonalenia Nauczycieli w Kielcach<\/td><td>Renata Petrus<\/td><\/tr><tr><td>2020-04-02<\/td><td>finalista<\/td><td>Graba Wojciech-7c<\/td><td>III Wojew\u00f3dzki Konkurs z J\u0119zyka Polskiego dla uczni\u00f3w szk\u00f3\u0142 podstawowych wojew\u00f3dztwa \u015bwi\u0119tokrzyskiego<\/td><td>Kuratorium O\u015bwiaty w Kielcach, \u015awi\u0119tokrzyskie Centrum Doskonalenia Nauczycieli w Kielcach<\/td><td>Renata Petrus<\/td><\/tr><tr><td>2020-03-23<\/td><td>finalista<\/td><td>Graba Wojciech-7c<\/td><td>I Wojew\u00f3dzki Konkurs z Informatyki dla uczni\u00f3w szk\u00f3\u0142 podstawowych wojew\u00f3dztwa \u015bwi\u0119tokrzyskiego<\/td><td>Kuratorium O\u015bwiaty w Kielcach<\/td><td>Dariusz St\u0119pie\u0144<\/td><\/tr><tr><td>2020-03-16<\/td><td>bardzo dobry wynik<\/td><td>Katarzyna Jastrzebska -8b<\/td><td>Og\u00f3lnopolski Konkurs Geograficzny \u201eGeo- Planeta\u201d<\/td><td>Stowarzyszenie Upowszechniania Wiedzy i Kultury Regionalnej w Warszawie<\/td><td>Krystyna Banasik<\/td><\/tr><tr><td>2020-03-16<\/td><td>wyr\u00f3\u017cnienie<\/td><td>Aleksandra G\u00f3rska &#8211; 8b<\/td><td>Og\u00f3lnopolski Konkurs Geograficzny \u201eGeo- Planeta\u201d<\/td><td>Stowarzyszenie Upowszechniania Wiedzy i Kultury Regionalnej w Warszawie<\/td><td>Krystyna Banasik<\/td><\/tr><tr><td>2020-03-16<\/td><td>wyr\u00f3\u017cnienie<\/td><td>Krol Pi\u0119ta &#8211; 8b<\/td><td>Og\u00f3lnopolski Konkurs Geograficzny \u201eGeo- Planeta\u201d<\/td><td>Stowarzyszenie Upowszechniania Wiedzy i Kultury Regionalnej w Warszawie<\/td><td>Krystyna Banasik<\/td><\/tr><tr><td>2020-03-05<\/td><td>laureat<\/td><td>Wojciech Graba &#8211; 7a<\/td><td>Og\u00f3lnopolski Konkurs z Chemii GALILEO<\/td><td>Centrum Edukacji Szkolnej<\/td><td>Anna Stradomska<\/td><\/tr><tr><td>2020-03-05<\/td><td>wyr\u00f3\u017cnienie<\/td><td>Szymon \u017bo\u0144ca &#8211; 7a<\/td><td>Og\u00f3lnopolski Konkurs z Chemii GALILEO<\/td><td>Centrum Edukacji Szkolnej<\/td><td>Anna Stradomska<\/td><\/tr><tr><td>2020-03-05<\/td><td>17 miejsce<\/td><td>Bianka Be\u0144 &#8211; 7c<\/td><td>Og\u00f3lnopolski Konkurs z Chemii GALILEO<\/td><td>Centrum Edukacji Szkolnej<\/td><td>Anna Stradomska<\/td><\/tr><tr><td>2020-03-05<\/td><td>17 miejsce<\/td><td>Marcelina K\u0119pa &#8211; 7a<\/td><td>Og\u00f3lnopolski Konkurs z Chemii GALILEO<\/td><td>Centrum Edukacji Szkolnej<\/td><td>Anna Stradomska<\/td><\/tr><tr><td>2020-03-05<\/td><td>20 miejsce<\/td><td>Malwina Plech &#8211; 7c<\/td><td>Og\u00f3lnopolski Konkurs z Chemii GALILEO<\/td><td>Centrum Edukacji Szkolnej<\/td><td>Anna Stradomska<\/td><\/tr><tr><td>2020-03-04<\/td><td>laureat<\/td><td>Wojciech Graba &#8211; 7C<\/td><td>Og\u00f3lnopolski Konkurs z Fizyki GALILEO<\/td><td>Centrum Edukacji Szkolnej<\/td><td>El\u017cbieta Biesiada<\/td><\/tr><tr><td>2020-03-04<\/td><td>20 miejsce<\/td><td>Dorota Piwko &#8211; 7b<\/td><td>Og\u00f3lnopolski Konkurs z Fizyki GALILEO<\/td><td>Centrum Edukacji Szkolnej<\/td><td>El\u017cbieta Biesiada<\/td><\/tr><tr><td>2020-02-28<\/td><td>finalista<\/td><td>Graba Wojciech-7c<\/td><td>I Wojew\u00f3dzki Konkurs z Historii dla uczni\u00f3w szk\u00f3\u0142 podstawowych wojew\u00f3dztwa \u015bwi\u0119tokrzyskiego<\/td><td>Kuratorium O\u015bwiaty w Kielcach<\/td><td>Katarzyna Szostak<\/td><\/tr><tr><td>2020-02-25<\/td><td>VI miejsce<\/td><td>Liliana Zi\u0119tal &#8211; 3 b<\/td><td>Mistrzostwa Kielc Szk\u00f3\u0142 Podstawowych w P\u0142ywaniu<\/td><td>MOSiR<\/td><td>Ma\u0142gorzata Kasza<\/td><\/tr><tr><td>2020-02-21<\/td><td>finalista<\/td><td>Katarzyna Barucha &#8211; 7 b<\/td><td>IV Wojew\u00f3dzki Konkurs Kuratoryjny z Matematyki dla szk\u00f3\u0142 podstawowych wojew\u00f3dztwa \u015bwi\u0119tokrzyskiego<\/td><td>Kuratorium O\u015bwiaty w Kielcach<\/td><td>Urszula Sodel<\/td><\/tr><tr><td>2020-02-07<\/td><td>I miejsce<\/td><td>Jakub Jeziorski &#8211; 2B<\/td><td>Og\u00f3lnopolski Konkurs Matematyczno-Literacki &#8222;Matematyka fraszk\u0105, wierszem i limerykiem&#8221;.<\/td><td>Stowarzyszenie Nauczycieli Matematyki<\/td><td>Marta Okopie\u0144<\/td><\/tr><tr><td>2020-01-25<\/td><td>bardzo dobry wynik<\/td><td>Julia Stycze\u0144 &#8211; 8b<\/td><td>Og\u00f3lnopolski Kokurs Polonistyczny ,,Fraszka&#8221;<\/td><td>Stowarzyszenie Upowszechniania Wiedzy i Kultury Regionalnej w Warszawie<\/td><td>Dorota Broni\u015b<\/td><\/tr><tr><td>2020-01-25<\/td><td>wyr\u00f3\u017cnienie<\/td><td>Karolina Komasara &#8211; 8b<\/td><td>Og\u00f3lnopolski Konkurs Polonistyczny ,,Fraszka&#8221;<\/td><td>Stowarzyszenie Upowszechniania Wiedzy i Kultury Regionalnej w Warszawie<\/td><td>Dorota Broni\u015b<\/td><\/tr><tr><td>2020-01-25<\/td><td>wyr\u00f3\u017cnienie<\/td><td>Piotr Ga\u0142a- 8b<\/td><td>Og\u00f3lnopolski Konkurs Polonistyczny ,,Fraszka&#8221;<\/td><td>Stowarzyszenie Upowszechniania Wiedzy i Kultury Regionalnej w Warszawie<\/td><td>Dorota Broni\u015b<\/td><\/tr><tr><td>2020-01-25<\/td><td>wyr\u00f3\u017cnienie<\/td><td>Amelia Januchta- 8b<\/td><td>Og\u00f3lnopolski Konkurs Polonistyczny ,,Fraszka&#8221;<\/td><td>Stowarzyszenie Upowszechniania Wiedzy i Kultury Regionalnej w Warszawie<\/td><td>Dorota Broni\u015b<\/td><\/tr><tr><td>2020-01-25<\/td><td>wyr\u00f3\u017cnienie<\/td><td>Sobolak Aleksandra- 8b<\/td><td>Og\u00f3lopolski Konkurs Polonistyczny ,,Fraszka&#8221;<\/td><td>Stowarzyszenie Upowszechniania Wiedzy i Kultury Regionalnej w Warszawie<\/td><td>Dorota Broni\u015b<\/td><\/tr><tr><td>2020-01-25<\/td><td>wyr\u00f3\u017cnienie<\/td><td>Graba Wojciech-7c<\/td><td>Og\u00f3lnopolski Konkurs Polonistyczny ,,Fraszka&#8221;<\/td><td>Stowarzyszenie Upowszechniania Wiedzy i Kultury Regionalnej w Warszawie<\/td><td>Renata Petrus<\/td><\/tr><tr><td>2020-01-25<\/td><td>wyr\u00f3\u017cnienie<\/td><td>Jantarska Natalia<\/td><td>Og\u00f3lnopolski Konkurs Polonistyczny ,,Fraszka&#8221;<\/td><td>Stowarzyszenie Upowszechniania Wiedzy i Kultury Regionalnej w Warszawie<\/td><td>Renata Petrus<\/td><\/tr><tr><td>2020-01-25<\/td><td>wyr\u00f3\u017cnienie<\/td><td>Glita Oliwia<\/td><td>Og\u00f3lnopolski Konkurs Polonistyczny ,,Fraszka&#8221;<\/td><td>Stowarzyszenie Upowszechniania Wiedzy i Kultury Regionalnej w Warszawie<\/td><td>Renata Petrus<\/td><\/tr><tr><td>2020-01-25<\/td><td>wyr\u00f3\u017cnienie<\/td><td>Piwko Dorota<\/td><td>Og\u00f3lnopolski Konkurs Polonistyczny ,,Fraszka&#8221;<\/td><td>Stowarzyszenie Upowszechniania Wiedzy i Kultury Regionalnej w Warszawie<\/td><td>Renata Petrus<\/td><\/tr><tr><td>2020-01-25<\/td><td>wyr\u00f3\u017cnienie<\/td><td>Chrzanowska Nikola<\/td><td>Og\u00f3lnopolski Konkurs Polonistyczny ,,Fraszka&#8221;<\/td><td>Stowarzyszenie Upowszechniania Wiedzy i Kultury Regionalnej w Warszawie<\/td><td>Renata Petrus<\/td><\/tr><tr><td>2020-01-25<\/td><td>wyr\u00f3\u017cnienie<\/td><td>Grot Mateusz<\/td><td>Og\u00f3lnopolski Konkurs Polonistyczny ,,Fraszka&#8221;<\/td><td>Stowarzyszenie Upowszechniania Wiedzy i Kultury Regionalnej w Warszawie<\/td><td>Renata Petrus<\/td><\/tr><tr><td>2020-01-19<\/td><td>1 miejsce<\/td><td>J\u00f3zefina Caraco &#8211; 4b<\/td><td>Og\u00f3lnopolski Konkurs MULTITEST z j\u0119zyka niemieckiego<\/td><td>Centrum Edukacji Szkolnej w Warszawie<\/td><td>Ewa Stachura<\/td><\/tr><tr><td>2020-01-17<\/td><td>1 miejsce<\/td><td>Karolina Gola -3B<\/td><td>Mi\u0119dzyszkolny Konkurs kol\u0119d i pastora\u0142ek 'Hej,kol\u0119da&#8230;<\/td><td>Szko\u0142a Podstawowa nr7 w Kielccach<\/td><td>Elzbieta Litwinek<\/td><\/tr><tr><td>2020-01-17<\/td><td>2 miejsce<\/td><td>Zesp\u00f3\u0142 Jedynkowe Nutki<\/td><td>Miedzyszkolny Konkurs Kol\u0119d i Pastora\u0142ek \u201eHej,kol\u0119da&#8230;\u201d<\/td><td>Szko\u0142a Podstawowa nr 7 w Kielcach<\/td><td>El\u017cbieta Litwinek<\/td><\/tr><tr><td>2020-01-17<\/td><td>3miejsce<\/td><td>Karolina Piwko<\/td><td>Mi\u0119dzyszkolny Konkurs kol\u0119d i pastora\u0142ek 'Hej,kol\u0119da&#8230;\u201d<\/td><td>Szko\u0142a Podstawowa nr 7 w Kielcach<\/td><td>El\u017cbieta Litwinek<\/td><\/tr><tr><td>2020-01-15<\/td><td>finalista<\/td><td>J\u00f3zefina Caraco<\/td><td>Wojew\u00f3dzki konkurs przedmiotowy z j\u0119zyka niemieckiego<\/td><td>Kuratorium O\u015bwiaty w Kielcach<\/td><td>Ewa Stachura<\/td><\/tr><tr><td>2020-01-15<\/td><td>II miejsce<\/td><td>Zago\u017cdzi\u0144ska A.,Bujak W.,Szyska W.,Ko\u017cuch K.,Stycze\u0144 A.<\/td><td>VII Mi\u0119dzyszkolny Konkurs Kol\u0119d i Pastora\u0142ek,,Hej kol\u0119da&#8230;!&#8221;<\/td><td>Szko\u0142a Podstawowa nr.7 im.Partyzant\u00f3w Ziemi Kieleckiej w Kielcach<\/td><td>Iwona Ko\u015bcielecka<\/td><\/tr><tr><td>2020-01-03<\/td><td>wyr\u00f3\u017cnienie<\/td><td>Kamil Mazur &#8211; 5a<\/td><td>Og\u00f3lnopolski Konkurs wiedzy na temat zdrowia i jego ochrony &#8222;MEDITEST&#8221;<\/td><td>Og\u00f3lnopolskie Centrum Edukacji<\/td><td>Krystyna Banasik<\/td><\/tr><tr><td>2020-01-03<\/td><td>wyr\u00f3\u017cnienie<\/td><td>Aleksandra G\u00f3rska &#8211; 8b<\/td><td>Og\u00f3lnopolski Konkurs wiedzy na temat zdrowia i jego ochrony &#8222;MEDITEST&#8221;<\/td><td>Og\u00f3lnopolskie Centrum Edukacji<\/td><td>Krystyna Banasik<\/td><\/tr><tr><td>2020-01-03<\/td><td>wyr\u00f3\u017cnienie<\/td><td>Franciszek Banasik &#8211; 3b<\/td><td>Og\u00f3lnopolski Konkurs wiedzy na temat zdrowia i jego ochrony &#8222;MEDITEST&#8221;<\/td><td>Og\u00f3lnopolskie Centrum Edukacji<\/td><td>Ma\u0142gorzata Kasza<\/td><\/tr><tr><td>2019-12-22<\/td><td>I<\/td><td>Zatelmajer Igor &#8211; 3b, Caraco J\u00f3zefina &#8211; 4b, Plech Karolina &#8211; 5b<\/td><td>Miko\u0142aj &#8211; \u015bwi\u0119ty Biskup z Miry &#8211; konkurs plastyczny<\/td><td>Parafia \u015awi\u0119tego J\u00f3zefa Robotnika w Kielcach<\/td><td>s. Faustyna Manika Czajkowska<\/td><\/tr><tr><td>2019-12-22<\/td><td>II<\/td><td>Erber Emilia &#8211; 4b, Dul\u0119ba Maksym &#8211; 5b, Sobczyk Ksawier &#8211; 5b<\/td><td>Miko\u0142aj &#8211; \u015bwi\u0119ty Biskup z Miry &#8211; konkurs plastyczny<\/td><td>Parafia \u015awi\u0119tego J\u00f3zefa Robotnika w Kielcach<\/td><td>s. Faustyna Manika Czajkowska<\/td><\/tr><tr><td>2019-12-22<\/td><td>III<\/td><td>Masternak Marika &#8211; 3b, Tarczy\u0144ska Zuzanna &#8211; 4b, Skarba B\u0142a\u017cej &#8211; 5b<\/td><td>Miko\u0142aj &#8211; \u015bwi\u0119ty Biskup z Miry &#8211; konkurs plastyczny<\/td><td>Parafia \u015awi\u0119tego J\u00f3zefa Robotnika w Kielcach<\/td><td>s. Faustyna Manika Czajkowska<\/td><\/tr><tr><td>2019-12-17<\/td><td>2 miejsce<\/td><td>Wiktoria Madej &#8211; 3B<\/td><td>Mi\u0119dzy\u015bwietlicowy Konkurs Literacki &#8222;Ma\u0142y pisarz&#8221;<\/td><td>Intergacyjna Szko\u0142a Podstawowa nr 11 w Kielcach<\/td><td>Anna Borowska<\/td><\/tr><tr><td>2019-12-17<\/td><td>II miejsce<\/td><td>Wiktoria Madej &#8211; 3B<\/td><td>X Mi\u0119dzyszkolny Konkurs Literacki &#8222;Ma\u0142y pisarz&#8221;<\/td><td>Integracyjna Szko\u0142a Podstawowa nr 11 Kielce<\/td><td>Anna Borowska<\/td><\/tr><tr><td>2019-12-12<\/td><td>II miejsce<\/td><td>Aleksandra R\u0119bi\u015b<\/td><td>VII Mi\u0119dzyszkolny Konkurs Recytatorski pod has\u0142em &#8222;Ech muzyka, muzyka, muzyka&#8230;&#8221;<\/td><td>SP 12 w Kielcach<\/td><td>El\u017cbieta Lis<\/td><\/tr><tr><td>2019-12-12<\/td><td>I miejsce<\/td><td>Karolina Gola -3B<\/td><td>Mi\u0119dzy\u015bwietlicowy Konkurs Muzyczny &#8222;Na \u015bwi\u0105teczn\u0105 nut\u0119&#8221;<\/td><td>Szko\u0142a Podstawowa nr 15 Kielce<\/td><td>El\u017cbieta Litwinek<\/td><\/tr><tr><td>2019-12-12<\/td><td>I miejsce<\/td><td>Karolina Gola -3b<\/td><td>XV Mi\u0119dzy\u015bwietlicowy Konkurs Piosenki ,,Na \u015bwi\u0105teczn\u0105 nut\u0119&#8221;<\/td><td>Szko\u0142a Podstawowa nr 15 Kielce<\/td><td>Ma\u0142gorzata Kasza<\/td><\/tr><tr><td>2019-12-11<\/td><td>II miejsce<\/td><td>Mi\u0142a Starodub &#8211; 8a<\/td><td>XI \u015awi\u0119tokrzyski Konkurs Poezji w J\u0119zyku Angielskim<\/td><td>\u015awi\u0119tokrzyskie Centrum Doskonalenia Nauczycieli,Wojew\u00f3dzka Biblioteka Publiczna,Pearson Longman<\/td><td>Barbara Wojtyniak<\/td><\/tr><tr><td>2019-12-11<\/td><td>wyr\u00f3\u017cnienie<\/td><td>Eryk Kubicki &#8211; 6b<\/td><td>XIV Mi\u0119dzyszkolny Konkurs Literacko &#8211; Plastyczny ,,W \u015bwiecie utwor\u00f3ww Mistrza Adama&#8221;<\/td><td>SP 34 w Kielcach<\/td><td>Dorota Broni\u015b<\/td><\/tr><tr><td>2019-12-04<\/td><td>I miejsce<\/td><td>P.Bujak ,B.Toporowski,N.Hawrylczuk ,P.Hunek<\/td><td>,,Bilardowa Jedynka&#8221;<\/td><td>Szko\u0142a Podstawowa nr.1 w Kielcach<\/td><td>Iwona Ko\u015bcielecka<\/td><\/tr><tr><td>2019-12-04<\/td><td>III miejsce<\/td><td>W. Bujak, I.CHrobot,J.Graba,L.Kr\u00f3l<\/td><td>,,Bilardowa Jedynka&#8221;<\/td><td>Szko\u0142a Podstawowa nr.1 w Kielcach<\/td><td>Iwona Ko\u015bcielecka<\/td><\/tr><tr><td>2019-12-02<\/td><td>III<\/td><td>G\u0105sior Adrian-6a<br>Kubicki Bartosz-7a<br>Stysiek Gabriela-8b<br>Nowek Kacper-5a<\/td><td>VII edycja Og\u00f3lnopolskiego Konkursu Online w Pisaniu na Klawiaturze pod nazw\u0105 \u201eKlawiaturowe wyzwanie\u201d<\/td><td>Stowarzyszenie Interinfo Polska<\/td><td>Dariusz St\u0119pie\u0144<\/td><\/tr><tr><td>2019-11-28<\/td><td>III miejsce<\/td><td>Gabriela Mata\u0142owska -3B<\/td><td>Mi\u0119dzy\u015bwietlicowy Konkurs &#8222;\u017byj zdrowo&#8221; pod has\u0142em &#8222;M\u00f3j ulubiony deser&#8221;<\/td><td>Szko\u0142a Podstawowa nr 18 Kielce<\/td><td>Kamila Kami\u0144ska<\/td><\/tr><tr><td>2019-11-27<\/td><td>wyr\u00f3\u017cnienie<\/td><td>Eryk Kubicki &#8211; 6b<\/td><td>VII Dyktando Niepodleg\u0142o\u015bciowe ,,Po polsku o historii&#8221;<\/td><td>Fundacja ,,Zawsze warto&#8221;, UJ Krak\u00f3w ,Katolickie Liceum Og\u00f3lnokszta\u0142c\u0105ce im. Stanis\u0142awa Kostki w Kielcach<\/td><td>Dorota Broni\u015b<\/td><\/tr><tr><td>2019-11-26<\/td><td>II<\/td><td>Karolina Komasara -8b , Wiktor Jab\u0142o\u0144ski -8a, Miko\u0142aj Kurp -8a<\/td><td>Miejski Konkurs Czytelniczy ,,Nowele Polskie&#8221;<\/td><td>SP 20 w Kielcach SODMiDN Kielce<\/td><td>Dorota Broni\u015b<\/td><\/tr><tr><td>2019-11-21<\/td><td>I<\/td><td>Mi\u0142a Starodub &#8211; 8a<\/td><td>I Miejski Turniej Krasom\u00f3wczy ,,Mistrz oracji 12+&#8221;<\/td><td>SP 28 w Kielcach , Dom Kultury ,,Zameczek&#8221;<\/td><td>Dorota Broni\u015b<\/td><\/tr><tr><td>2019-11-21<\/td><td>wyr\u00f3\u017cnienie<\/td><td>Amelia Stycze\u0144 -3A<\/td><td>Miedzyszkolny Konkurs Recytatorsko -Plastyczny &#8222;Co s\u0142onko widzia\u0142o&#8221;<\/td><td>Szko\u0142a Podstawowa nr 2 Kielce<\/td><td>Kamila Kami\u0144ska<\/td><\/tr><tr><td>2019-11-21<\/td><td>laureatka<\/td><td>Be\u0144 Bianka<\/td><td>Wojew\u00f3dzka edycja Konkursu VII Dyktando Niepodleglo\u015bciowe,,Po polsku o historii&#8221; dla uczni\u00f3w klas: VII- VIII<\/td><td>Stowarzyszenie Polonist\u00f3w przy wydziale Polonistyki UJ, Fundacja ZAWSZE WARTO<\/td><td>Renata Petrus<\/td><\/tr><tr><td>2019-11-21<\/td><td>wyr\u00f3\u017cnienie<\/td><td>Graba Wojciech-7c<\/td><td>Wojew\u00f3dzka edycja Konkursu VII Dyktando Niepodleglo\u015bciowe,,Po polsku o historii&#8221; dla uczni\u00f3w klas: VII- VIII<\/td><td>Stowarzyszenie Polonist\u00f3w przy wydziale Polonistyki UJ, Fundacja ZAWSZE WARTO<\/td><td>Renata Petrus<\/td><\/tr><tr><td>2019-10-27<\/td><td>I<\/td><td>G\u00f3recka Maja &#8211; 5b<\/td><td>Tajemnice r\u00f3\u017ca\u0144ca \u015bwi\u0119tego &#8211; konkurs plastyczny<\/td><td>Parafia \u015awi\u0119tego J\u00f3zefa Robotnika w Kielcach<\/td><td>s. Faustyna Manika Czajkowska<\/td><\/tr><tr><td>2019-10-27<\/td><td>II<\/td><td>Wypych Kinga &#8211; 4a, Masternak Marika &#8211; 3b<\/td><td>Tajemnice r\u00f3\u017ca\u0144ca \u015bwi\u0119tego &#8211; konkurs plastyczny<\/td><td>Parafia \u015awi\u0119tego J\u00f3zefa Robotnika w Kielcach<\/td><td>s. Faustyna Manika Czajkowska<\/td><\/tr><tr><td>2019-10-27<\/td><td>III<\/td><td>Ga\u0142ecka Aleksandra &#8211; 5b, Konicki Antoni &#8211; 3b<\/td><td>Tajemnice r\u00f3\u017ca\u0144ca \u015bwi\u0119tego &#8211; konkurs plastyczny<\/td><td>Parafia \u015awi\u0119tego J\u00f3zefa Robotnika w Kielcach<\/td><td>s. Faustyna Manika Czajkowska<\/td><\/tr><tr><td>2019-10-25<\/td><td>wyr\u00f3\u017cnienie<\/td><td>Wieczorek Anna<\/td><td>Og\u00f3lnopolski Konkurs Polonistyczny ,,Fraszka&#8221;<\/td><td>Stowarzyszenie Upowszechniania Wiedzy i Kultury Regionalnej w Warszawie<\/td><td>Renata Petrus<\/td><\/tr><tr><td>2019-10-23<\/td><td>Wyr\u00f3\u017cnienie za zaj\u0119cie 14 miejsca<\/td><td>Marcelina K\u0119pa- 7a<\/td><td>Og\u00f3lnopolski Konkurs MULTITEST z J\u0119zyka Angielskiego<\/td><td>Centrum Edukacji Szkolnej w Warszawie<\/td><td>Barbara Wojtyniak<\/td><\/tr><tr><td>2019-10-22<\/td><td>wyr\u00f3\u017cnienie<\/td><td>A.Stycze\u0144<\/td><td>XXMi\u0119dzyszkolny Konkurs Plastyczny ;;Co s\u0142onko widzia\u0142o&#8221;<\/td><td>Szko\u0142a Podstawowa nr.12 w Kielcach<\/td><td>Iwona Ko\u015bcielecka<\/td><\/tr><tr><td>2019-09-30<\/td><td>I<\/td><td>Podkowa Oskar &#8211; 2b<\/td><td>Moje wakacyjne spotkanie z Bogiem &#8211; konkurs plastyczny<\/td><td>Parafia \u015awi\u0119tego J\u00f3zefa Robotnika w Kielcach<\/td><td>s. Faustyna Manika Czajkowska<\/td><\/tr><tr><td>2019-09-30<\/td><td>II<\/td><td>Szczytowska Maja &#8211; 4b, Saletra Jakub &#8211; 3b<\/td><td>Moje wakacyjne spotkanie z Bogiem &#8211; konkurs plastyczny<\/td><td>Parafia \u015awi\u0119tego J\u00f3zefa Robotnika w Kielcach<\/td><td>s. Faustyna Manika Czajkowska<\/td><\/tr><tr><td>2019-09-30<\/td><td>III<\/td><td>G\u00f3recka Maja &#8211; 5b Nowak Amelia &#8211; 4a<\/td><td>Moje wakacyjne spotkanie z Bogiem &#8211; konkurs plastyczny<\/td><td>Parafia \u015awi\u0119tego J\u00f3zefa Robotnika w Kielcach<\/td><td>s. Faustyna Manika Czajkowska<\/td><\/tr><\/tbody><\/table><\/figure>\n","protected":false},"excerpt":{"rendered":"<p>KONKURSY MI\u0118DZYSZKOLNE \u2013 OSI\u0104GNI\u0118CIA Data Miejsce Nazwisko i imi\u0119 Nazwa konkursu Organizator Opiekunowie 2020-06-26 wyr\u00f3\u017cnienie [&hellip;]<\/p>\n","protected":false},"author":4,"featured_media":0,"comment_status":"closed","ping_status":"open","sticky":false,"template":"","format":"standard","meta":{"footnotes":""},"categories":[55],"tags":[],"class_list":["post-12570","post","type-post","status-publish","format-standard","hentry","category-osiagniecia"],"_links":{"self":[{"href":"https:\/\/sp1.kielce.eu\/index.php\/wp-json\/wp\/v2\/posts\/12570","targetHints":{"allow":["GET"]}}],"collection":[{"href":"https:\/\/sp1.kielce.eu\/index.php\/wp-json\/wp\/v2\/posts"}],"about":[{"href":"https:\/\/sp1.kielce.eu\/index.php\/wp-json\/wp\/v2\/types\/post"}],"author":[{"embeddable":true,"href":"https:\/\/sp1.kielce.eu\/index.php\/wp-json\/wp\/v2\/users\/4"}],"replies":[{"embeddable":true,"href":"https:\/\/sp1.kielce.eu\/index.php\/wp-json\/wp\/v2\/comments?post=12570"}],"version-history":[{"count":15,"href":"https:\/\/sp1.kielce.eu\/index.php\/wp-json\/wp\/v2\/posts\/12570\/revisions"}],"predecessor-version":[{"id":16901,"href":"https:\/\/sp1.kielce.eu\/index.php\/wp-json\/wp\/v2\/posts\/12570\/revisions\/16901"}],"wp:attachment":[{"href":"https:\/\/sp1.kielce.eu\/index.php\/wp-json\/wp\/v2\/media?parent=12570"}],"wp:term":[{"taxonomy":"category","embeddable":true,"href":"https:\/\/sp1.kielce.eu\/index.php\/wp-json\/wp\/v2\/categories?post=12570"},{"taxonomy":"post_tag","embeddable":true,"href":"https:\/\/sp1.kielce.eu\/index.php\/wp-json\/wp\/v2\/tags?post=12570"}],"curies":[{"name":"wp","href":"https:\/\/api.w.org\/{rel}","templated":true}]}}