{"id":12551,"date":"2020-03-16T23:38:38","date_gmt":"2020-03-16T22:38:38","guid":{"rendered":"http:\/\/sp1.kielce.eu\/?p=12551"},"modified":"2020-06-30T23:41:17","modified_gmt":"2020-06-30T21:41:17","slug":"dzien-liczby-pi-2020","status":"publish","type":"post","link":"https:\/\/sp1.kielce.eu\/index.php\/2020\/03\/16\/dzien-liczby-pi-2020\/","title":{"rendered":"Dzie\u0144 Liczby Pi 2020"},"content":{"rendered":"\n<p>Na dzie\u0144 13 marca zaplanowali\u015bmy \u015bwi\u0119towanie Dnia Matematyki oraz&nbsp; Dnia Liczby P, kt\u00f3ry tradycyjnie\nprzypada 14 marca.&nbsp; Dlaczego taka data?\nWybrano j\u0105 z powodu skojarzenia z pierwszymi cyframi rozszerzenia dziesi\u0119tnego\nliczbyP,\njako \u017ce data \u201e14 marca\u201d zapisywana jest w USA jako \u201e3.14\u201d. Nasi uczniowie\nprzygotowali wiele plakat\u00f3w z tej okazji.&nbsp;\nZagl\u0105daj\u0105c do galerii zobaczycie pr\u00f3bk\u0119 ich mo\u017cliwo\u015bci.<\/p>\n\n\n\n<p>Anna Mazur<\/p>\n\n\n\n<p>Urszula Sodel<\/p>\n\n\n\n<ul class=\"wp-block-gallery columns-3 is-cropped wp-block-gallery-1 is-layout-flex wp-block-gallery-is-layout-flex\"><li class=\"blocks-gallery-item\"><figure><a href=\"http:\/\/sp1.kielce.eu\/wp-content\/uploads\/2020\/06\/01-525x900.jpg\"><img loading=\"lazy\" decoding=\"async\" width=\"525\" height=\"900\" src=\"http:\/\/sp1.kielce.eu\/wp-content\/uploads\/2020\/06\/01-525x900.jpg\" alt=\"\" data-id=\"12552\" data-link=\"http:\/\/sp1.kielce.eu\/?attachment_id=12552\" class=\"wp-image-12552\" srcset=\"https:\/\/sp1.kielce.eu\/wp-content\/uploads\/2020\/06\/01-525x900.jpg 525w, https:\/\/sp1.kielce.eu\/wp-content\/uploads\/2020\/06\/01-175x300.jpg 175w, https:\/\/sp1.kielce.eu\/wp-content\/uploads\/2020\/06\/01-768x1318.jpg 768w, https:\/\/sp1.kielce.eu\/wp-content\/uploads\/2020\/06\/01-820x1407.jpg 820w, https:\/\/sp1.kielce.eu\/wp-content\/uploads\/2020\/06\/01.jpg 900w\" sizes=\"auto, (max-width: 525px) 100vw, 525px\" \/><\/a><figcaption>1<\/figcaption><\/figure><\/li><li class=\"blocks-gallery-item\"><figure><a href=\"http:\/\/sp1.kielce.eu\/wp-content\/uploads\/2020\/06\/02-581x900.jpg\"><img loading=\"lazy\" decoding=\"async\" width=\"581\" height=\"900\" src=\"http:\/\/sp1.kielce.eu\/wp-content\/uploads\/2020\/06\/02-581x900.jpg\" alt=\"\" data-id=\"12553\" data-link=\"http:\/\/sp1.kielce.eu\/?attachment_id=12553\" class=\"wp-image-12553\" srcset=\"https:\/\/sp1.kielce.eu\/wp-content\/uploads\/2020\/06\/02-581x900.jpg 581w, https:\/\/sp1.kielce.eu\/wp-content\/uploads\/2020\/06\/02-194x300.jpg 194w, https:\/\/sp1.kielce.eu\/wp-content\/uploads\/2020\/06\/02-768x1190.jpg 768w, https:\/\/sp1.kielce.eu\/wp-content\/uploads\/2020\/06\/02-820x1271.jpg 820w, https:\/\/sp1.kielce.eu\/wp-content\/uploads\/2020\/06\/02.jpg 900w\" sizes=\"auto, (max-width: 581px) 100vw, 581px\" \/><\/a><figcaption>2<\/figcaption><\/figure><\/li><li class=\"blocks-gallery-item\"><figure><a href=\"http:\/\/sp1.kielce.eu\/wp-content\/uploads\/2020\/06\/03-1278x900.jpg\"><img loading=\"lazy\" decoding=\"async\" width=\"1278\" height=\"900\" src=\"http:\/\/sp1.kielce.eu\/wp-content\/uploads\/2020\/06\/03-1278x900.jpg\" alt=\"\" data-id=\"12554\" data-link=\"http:\/\/sp1.kielce.eu\/?attachment_id=12554\" class=\"wp-image-12554\" srcset=\"https:\/\/sp1.kielce.eu\/wp-content\/uploads\/2020\/06\/03-1278x900.jpg 1278w, https:\/\/sp1.kielce.eu\/wp-content\/uploads\/2020\/06\/03-300x211.jpg 300w, https:\/\/sp1.kielce.eu\/wp-content\/uploads\/2020\/06\/03-768x541.jpg 768w, https:\/\/sp1.kielce.eu\/wp-content\/uploads\/2020\/06\/03-820x578.jpg 820w\" sizes=\"auto, (max-width: 1278px) 100vw, 1278px\" \/><\/a><figcaption>3<\/figcaption><\/figure><\/li><li class=\"blocks-gallery-item\"><figure><a href=\"http:\/\/sp1.kielce.eu\/wp-content\/uploads\/2020\/06\/04-564x900.jpg\"><img loading=\"lazy\" decoding=\"async\" width=\"564\" height=\"900\" src=\"http:\/\/sp1.kielce.eu\/wp-content\/uploads\/2020\/06\/04-564x900.jpg\" alt=\"\" data-id=\"12555\" data-link=\"http:\/\/sp1.kielce.eu\/?attachment_id=12555\" class=\"wp-image-12555\" srcset=\"https:\/\/sp1.kielce.eu\/wp-content\/uploads\/2020\/06\/04-564x900.jpg 564w, https:\/\/sp1.kielce.eu\/wp-content\/uploads\/2020\/06\/04-188x300.jpg 188w, https:\/\/sp1.kielce.eu\/wp-content\/uploads\/2020\/06\/04-768x1225.jpg 768w, https:\/\/sp1.kielce.eu\/wp-content\/uploads\/2020\/06\/04-820x1307.jpg 820w, https:\/\/sp1.kielce.eu\/wp-content\/uploads\/2020\/06\/04.jpg 900w\" sizes=\"auto, (max-width: 564px) 100vw, 564px\" \/><\/a><figcaption>4<\/figcaption><\/figure><\/li><li class=\"blocks-gallery-item\"><figure><a href=\"http:\/\/sp1.kielce.eu\/wp-content\/uploads\/2020\/06\/05-657x900.jpg\"><img loading=\"lazy\" decoding=\"async\" width=\"657\" height=\"900\" src=\"http:\/\/sp1.kielce.eu\/wp-content\/uploads\/2020\/06\/05-657x900.jpg\" alt=\"\" data-id=\"12556\" data-link=\"http:\/\/sp1.kielce.eu\/?attachment_id=12556\" class=\"wp-image-12556\" srcset=\"https:\/\/sp1.kielce.eu\/wp-content\/uploads\/2020\/06\/05-657x900.jpg 657w, https:\/\/sp1.kielce.eu\/wp-content\/uploads\/2020\/06\/05-219x300.jpg 219w, https:\/\/sp1.kielce.eu\/wp-content\/uploads\/2020\/06\/05-768x1051.jpg 768w, https:\/\/sp1.kielce.eu\/wp-content\/uploads\/2020\/06\/05-820x1122.jpg 820w, https:\/\/sp1.kielce.eu\/wp-content\/uploads\/2020\/06\/05.jpg 900w\" sizes=\"auto, (max-width: 657px) 100vw, 657px\" \/><\/a><figcaption>5<\/figcaption><\/figure><\/li><li class=\"blocks-gallery-item\"><figure><a href=\"http:\/\/sp1.kielce.eu\/wp-content\/uploads\/2020\/06\/06.jpg\"><img loading=\"lazy\" decoding=\"async\" width=\"1200\" height=\"809\" src=\"http:\/\/sp1.kielce.eu\/wp-content\/uploads\/2020\/06\/06.jpg\" alt=\"\" data-id=\"12557\" data-link=\"http:\/\/sp1.kielce.eu\/?attachment_id=12557\" class=\"wp-image-12557\" srcset=\"https:\/\/sp1.kielce.eu\/wp-content\/uploads\/2020\/06\/06.jpg 1200w, https:\/\/sp1.kielce.eu\/wp-content\/uploads\/2020\/06\/06-300x202.jpg 300w, https:\/\/sp1.kielce.eu\/wp-content\/uploads\/2020\/06\/06-768x518.jpg 768w, https:\/\/sp1.kielce.eu\/wp-content\/uploads\/2020\/06\/06-820x553.jpg 820w\" sizes=\"auto, (max-width: 1200px) 100vw, 1200px\" \/><\/a><figcaption>6<\/figcaption><\/figure><\/li><li class=\"blocks-gallery-item\"><figure><a href=\"http:\/\/sp1.kielce.eu\/wp-content\/uploads\/2020\/06\/07-1400x835.jpg\"><img loading=\"lazy\" decoding=\"async\" width=\"1400\" height=\"835\" src=\"http:\/\/sp1.kielce.eu\/wp-content\/uploads\/2020\/06\/07-1400x835.jpg\" alt=\"\" data-id=\"12558\" data-link=\"http:\/\/sp1.kielce.eu\/?attachment_id=12558\" class=\"wp-image-12558\" srcset=\"https:\/\/sp1.kielce.eu\/wp-content\/uploads\/2020\/06\/07-1400x835.jpg 1400w, https:\/\/sp1.kielce.eu\/wp-content\/uploads\/2020\/06\/07-300x179.jpg 300w, https:\/\/sp1.kielce.eu\/wp-content\/uploads\/2020\/06\/07-768x458.jpg 768w, https:\/\/sp1.kielce.eu\/wp-content\/uploads\/2020\/06\/07-820x489.jpg 820w, https:\/\/sp1.kielce.eu\/wp-content\/uploads\/2020\/06\/07.jpg 1408w\" sizes=\"auto, (max-width: 1400px) 100vw, 1400px\" \/><\/a><figcaption>7<\/figcaption><\/figure><\/li><li class=\"blocks-gallery-item\"><figure><a href=\"http:\/\/sp1.kielce.eu\/wp-content\/uploads\/2020\/06\/Dzie\u00e4-Pi.jpg\"><img loading=\"lazy\" decoding=\"async\" width=\"1200\" height=\"715\" src=\"http:\/\/sp1.kielce.eu\/wp-content\/uploads\/2020\/06\/Dzie\u00e4-Pi.jpg\" alt=\"\" data-id=\"12559\" data-link=\"http:\/\/sp1.kielce.eu\/?attachment_id=12559\" class=\"wp-image-12559\" srcset=\"https:\/\/sp1.kielce.eu\/wp-content\/uploads\/2020\/06\/Dzie\u00e4-Pi.jpg 1200w, https:\/\/sp1.kielce.eu\/wp-content\/uploads\/2020\/06\/Dzie\u00e4-Pi-300x179.jpg 300w, https:\/\/sp1.kielce.eu\/wp-content\/uploads\/2020\/06\/Dzie\u00e4-Pi-768x458.jpg 768w, https:\/\/sp1.kielce.eu\/wp-content\/uploads\/2020\/06\/Dzie\u00e4-Pi-820x489.jpg 820w\" sizes=\"auto, (max-width: 1200px) 100vw, 1200px\" \/><\/a><figcaption>8<\/figcaption><\/figure><\/li><\/ul>\n","protected":false},"excerpt":{"rendered":"<p>Na dzie\u0144 13 marca zaplanowali\u015bmy \u015bwi\u0119towanie Dnia Matematyki oraz&nbsp; Dnia Liczby P, kt\u00f3ry tradycyjnie przypada [&hellip;]<\/p>\n","protected":false},"author":5,"featured_media":12559,"comment_status":"closed","ping_status":"open","sticky":false,"template":"","format":"standard","meta":{"footnotes":""},"categories":[36],"tags":[],"class_list":["post-12551","post","type-post","status-publish","format-standard","has-post-thumbnail","hentry","category-wydarzenia"],"_links":{"self":[{"href":"https:\/\/sp1.kielce.eu\/index.php\/wp-json\/wp\/v2\/posts\/12551","targetHints":{"allow":["GET"]}}],"collection":[{"href":"https:\/\/sp1.kielce.eu\/index.php\/wp-json\/wp\/v2\/posts"}],"about":[{"href":"https:\/\/sp1.kielce.eu\/index.php\/wp-json\/wp\/v2\/types\/post"}],"author":[{"embeddable":true,"href":"https:\/\/sp1.kielce.eu\/index.php\/wp-json\/wp\/v2\/users\/5"}],"replies":[{"embeddable":true,"href":"https:\/\/sp1.kielce.eu\/index.php\/wp-json\/wp\/v2\/comments?post=12551"}],"version-history":[{"count":1,"href":"https:\/\/sp1.kielce.eu\/index.php\/wp-json\/wp\/v2\/posts\/12551\/revisions"}],"predecessor-version":[{"id":12560,"href":"https:\/\/sp1.kielce.eu\/index.php\/wp-json\/wp\/v2\/posts\/12551\/revisions\/12560"}],"wp:featuredmedia":[{"embeddable":true,"href":"https:\/\/sp1.kielce.eu\/index.php\/wp-json\/wp\/v2\/media\/12559"}],"wp:attachment":[{"href":"https:\/\/sp1.kielce.eu\/index.php\/wp-json\/wp\/v2\/media?parent=12551"}],"wp:term":[{"taxonomy":"category","embeddable":true,"href":"https:\/\/sp1.kielce.eu\/index.php\/wp-json\/wp\/v2\/categories?post=12551"},{"taxonomy":"post_tag","embeddable":true,"href":"https:\/\/sp1.kielce.eu\/index.php\/wp-json\/wp\/v2\/tags?post=12551"}],"curies":[{"name":"wp","href":"https:\/\/api.w.org\/{rel}","templated":true}]}}