{"id":12519,"date":"2020-06-29T22:13:35","date_gmt":"2020-06-29T20:13:35","guid":{"rendered":"http:\/\/sp1.kielce.eu\/?p=12519"},"modified":"2020-06-29T22:16:59","modified_gmt":"2020-06-29T20:16:59","slug":"sportowiec-roku","status":"publish","type":"post","link":"https:\/\/sp1.kielce.eu\/index.php\/2020\/06\/29\/sportowiec-roku\/","title":{"rendered":"SPORTOWIEC ROKU"},"content":{"rendered":"\n<p>W mijaj\u0105cym roku szkolnym 2019\/2020 Nagrod\u0119 Statutow\u0105 SPORTOWCA ROKU otrzyma\u0142a Maja Choi\u0144ska z&nbsp;kl. 6b. W&nbsp;tym roku Maja zdoby\u0142a dwa z\u0142ote medale na Mistrzostwach Kielc w&nbsp;p\u0142ywaniu: 1.&nbsp;stylem dowolnym i&nbsp;2.&nbsp;stylem grzbietowym. Zdoby\u0142a ona ju\u017c niejednokrotnie czo\u0142owe lokaty w&nbsp;zawodach sportowych, r\u00f3wnie\u017c na szczeblu wojew\u00f3dzkim. Uczennica opr\u00f3cz wysokich osi\u0105gni\u0119\u0107 sportowych cechuje si\u0119 dobrym zachowaniem, wysok\u0105 \u015bredni\u0105 oraz wzorow\u0105 postaw\u0105 sportow\u0105. Wykazuje si\u0119 systematyczn\u0105 prac\u0105 i&nbsp;aktywno\u015bci\u0105 na lekcjach wf-u, a&nbsp;tak\u017ce prac\u0105 na rzecz rozwoju sportu w&nbsp;Naszej szkole. Mocnymi stronami uczennicy jest: aktywno\u015b\u0107, systematyczno\u015b\u0107, talent i&nbsp;bardzo du\u017ce umiej\u0119tno\u015bci p\u0142ywackie, ale nie tylko, bo wyr\u00f3\u017cnia si\u0119 sprawno\u015bci\u0105 w&nbsp;r\u00f3\u017cnych dyscyplinach sportowych.<\/p>\n\n\n\n<p>Gratulujemy osi\u0105gni\u0119tego wyniku.<br>Tw\u00f3j wysi\u0142ek zaowocowa\u0142!<br>Oby nast\u0119pne lata przynios\u0142y kolejne sukcesy.<\/p>\n\n\n\n<p style=\"text-align:right\">wychowawca Dorota Broni\u015b<br> nauczyciel wychowania fizycznego Marta Wi\u0119ckowska<\/p>\n\n\n\n<ul class=\"wp-block-gallery columns-4 is-cropped wp-block-gallery-1 is-layout-flex wp-block-gallery-is-layout-flex\"><li class=\"blocks-gallery-item\"><figure><a href=\"http:\/\/sp1.kielce.eu\/wp-content\/uploads\/2020\/06\/IMG_20200629_173618-Copy-674x900.jpg\"><img loading=\"lazy\" decoding=\"async\" width=\"674\" height=\"900\" src=\"http:\/\/sp1.kielce.eu\/wp-content\/uploads\/2020\/06\/IMG_20200629_173618-Copy-674x900.jpg\" alt=\"\" data-id=\"12526\" data-link=\"http:\/\/sp1.kielce.eu\/index.php\/2020\/06\/29\/sportowiec-roku\/img_20200629_173618-copy\/\" class=\"wp-image-12526\" srcset=\"https:\/\/sp1.kielce.eu\/wp-content\/uploads\/2020\/06\/IMG_20200629_173618-Copy.jpg 674w, https:\/\/sp1.kielce.eu\/wp-content\/uploads\/2020\/06\/IMG_20200629_173618-Copy-225x300.jpg 225w\" sizes=\"auto, (max-width: 674px) 100vw, 674px\" \/><\/a><\/figure><\/li><li class=\"blocks-gallery-item\"><figure><a href=\"http:\/\/sp1.kielce.eu\/wp-content\/uploads\/2020\/06\/IMG_20200629_173625-Copy-675x900.jpg\"><img loading=\"lazy\" decoding=\"async\" width=\"675\" height=\"900\" src=\"http:\/\/sp1.kielce.eu\/wp-content\/uploads\/2020\/06\/IMG_20200629_173625-Copy-675x900.jpg\" alt=\"\" data-id=\"12527\" data-link=\"http:\/\/sp1.kielce.eu\/index.php\/2020\/06\/29\/sportowiec-roku\/img_20200629_173625-copy\/\" class=\"wp-image-12527\" srcset=\"https:\/\/sp1.kielce.eu\/wp-content\/uploads\/2020\/06\/IMG_20200629_173625-Copy.jpg 675w, https:\/\/sp1.kielce.eu\/wp-content\/uploads\/2020\/06\/IMG_20200629_173625-Copy-225x300.jpg 225w\" sizes=\"auto, (max-width: 675px) 100vw, 675px\" \/><\/a><\/figure><\/li><li class=\"blocks-gallery-item\"><figure><a href=\"http:\/\/sp1.kielce.eu\/wp-content\/uploads\/2020\/06\/IMG_20200629_214826-Copy-405x900.jpg\"><img loading=\"lazy\" decoding=\"async\" width=\"405\" height=\"900\" src=\"http:\/\/sp1.kielce.eu\/wp-content\/uploads\/2020\/06\/IMG_20200629_214826-Copy-405x900.jpg\" alt=\"\" data-id=\"12528\" data-link=\"http:\/\/sp1.kielce.eu\/index.php\/2020\/06\/29\/sportowiec-roku\/img_20200629_214826-copy\/\" class=\"wp-image-12528\" srcset=\"https:\/\/sp1.kielce.eu\/wp-content\/uploads\/2020\/06\/IMG_20200629_214826-Copy.jpg 405w, https:\/\/sp1.kielce.eu\/wp-content\/uploads\/2020\/06\/IMG_20200629_214826-Copy-135x300.jpg 135w\" sizes=\"auto, (max-width: 405px) 100vw, 405px\" \/><\/a><\/figure><\/li><li class=\"blocks-gallery-item\"><figure><a href=\"http:\/\/sp1.kielce.eu\/wp-content\/uploads\/2020\/06\/images.jpg\"><img loading=\"lazy\" decoding=\"async\" width=\"256\" height=\"197\" src=\"http:\/\/sp1.kielce.eu\/wp-content\/uploads\/2020\/06\/images.jpg\" alt=\"\" data-id=\"12523\" data-link=\"http:\/\/sp1.kielce.eu\/index.php\/2020\/06\/29\/sportowiec-roku\/images\/\" class=\"wp-image-12523\" \/><\/a><\/figure><\/li><\/ul>\n","protected":false},"excerpt":{"rendered":"<p>W mijaj\u0105cym roku szkolnym 2019\/2020 Nagrod\u0119 Statutow\u0105 SPORTOWCA ROKU otrzyma\u0142a Maja Choi\u0144ska z&nbsp;kl. 6b. W&nbsp;tym [&hellip;]<\/p>\n","protected":false},"author":13,"featured_media":12530,"comment_status":"closed","ping_status":"open","sticky":false,"template":"","format":"standard","meta":{"footnotes":""},"categories":[36,11],"tags":[],"class_list":["post-12519","post","type-post","status-publish","format-standard","has-post-thumbnail","hentry","category-wydarzenia","category-zawody-sportowe"],"_links":{"self":[{"href":"https:\/\/sp1.kielce.eu\/index.php\/wp-json\/wp\/v2\/posts\/12519","targetHints":{"allow":["GET"]}}],"collection":[{"href":"https:\/\/sp1.kielce.eu\/index.php\/wp-json\/wp\/v2\/posts"}],"about":[{"href":"https:\/\/sp1.kielce.eu\/index.php\/wp-json\/wp\/v2\/types\/post"}],"author":[{"embeddable":true,"href":"https:\/\/sp1.kielce.eu\/index.php\/wp-json\/wp\/v2\/users\/13"}],"replies":[{"embeddable":true,"href":"https:\/\/sp1.kielce.eu\/index.php\/wp-json\/wp\/v2\/comments?post=12519"}],"version-history":[{"count":5,"href":"https:\/\/sp1.kielce.eu\/index.php\/wp-json\/wp\/v2\/posts\/12519\/revisions"}],"predecessor-version":[{"id":12533,"href":"https:\/\/sp1.kielce.eu\/index.php\/wp-json\/wp\/v2\/posts\/12519\/revisions\/12533"}],"wp:featuredmedia":[{"embeddable":true,"href":"https:\/\/sp1.kielce.eu\/index.php\/wp-json\/wp\/v2\/media\/12530"}],"wp:attachment":[{"href":"https:\/\/sp1.kielce.eu\/index.php\/wp-json\/wp\/v2\/media?parent=12519"}],"wp:term":[{"taxonomy":"category","embeddable":true,"href":"https:\/\/sp1.kielce.eu\/index.php\/wp-json\/wp\/v2\/categories?post=12519"},{"taxonomy":"post_tag","embeddable":true,"href":"https:\/\/sp1.kielce.eu\/index.php\/wp-json\/wp\/v2\/tags?post=12519"}],"curies":[{"name":"wp","href":"https:\/\/api.w.org\/{rel}","templated":true}]}}