{"id":12503,"date":"2020-06-27T09:49:20","date_gmt":"2020-06-27T07:49:20","guid":{"rendered":"http:\/\/sp1.kielce.eu\/?p=12503"},"modified":"2020-07-03T22:10:25","modified_gmt":"2020-07-03T20:10:25","slug":"uczen-roku-2019-2020","status":"publish","type":"post","link":"https:\/\/sp1.kielce.eu\/index.php\/2020\/06\/27\/uczen-roku-2019-2020\/","title":{"rendered":"UCZE\u0143 ROKU 2019 \/ 2020"},"content":{"rendered":"\n<p>Nagroda statutowa: UCZE\u0143 ROKU to wyj\u0105tkowe wyr\u00f3\u017cnienie w Szkole Podstawowej nr 1. Przyznawana jest uczniom, kt\u00f3rzy maj\u0105 wybitne osi\u0105gni\u0119cia edukacyjne&nbsp; w presti\u017cowych konkursach, ich wyniki w nauce oraz zachowanie s\u0105 wzorem do na\u015bladowania oraz spe\u0142niaj\u0105 inne, zapisane w Statucie Szko\u0142y, warunki. Nie\u0142atwo wi\u0119c zosta\u0107 UCZNIEM ROKU&#8230; Jednak&nbsp; Bianka Be\u0144 i Wojciech Graba z klasy 7 c sprostali wszystkim wymaganiom i w dniu 26 czerwca, podczas uroczysto\u015bci&nbsp; rozdawania \u015bwiadectw ( nietypowej z powodu sytuacji epidemiologicznej), otrzymali z r\u0105k Pani Dyrektor &#8211; \u017banety Szczepaniak i Pani Wicedyrektor &#8211; El\u017cbiety W\u00f3jcik , pami\u0105tkowe statuetki. \u017byczenia dalszych sukces\u00f3w, b\u0119d\u0105cych wynikiem nie tylko zdolno\u015bci, ale r\u00f3wnie\u017c ci\u0119\u017ckiej, systematycznej pracy dope\u0142ni\u0142y gromkie brawa zebranych uczni\u00f3w i rodzic\u00f3w.<\/p>\n\n\n\n<p>Gratulacje!<\/p>\n\n\n\n<p>Wychowawczyni i nauczycielka j\u0119zyka polskiego &#8211; Renata Petrus<\/p>\n\n\n\n<ul class=\"wp-block-gallery columns-3 is-cropped wp-block-gallery-1 is-layout-flex wp-block-gallery-is-layout-flex\"><li class=\"blocks-gallery-item\"><figure><a href=\"http:\/\/sp1.kielce.eu\/wp-content\/uploads\/2020\/06\/Resized_20200626_153028001_3957.jpeg\"><img loading=\"lazy\" decoding=\"async\" width=\"960\" height=\"720\" src=\"http:\/\/sp1.kielce.eu\/wp-content\/uploads\/2020\/06\/Resized_20200626_153028001_3957.jpeg\" alt=\"\" data-id=\"12504\" data-link=\"http:\/\/sp1.kielce.eu\/?attachment_id=12504\" class=\"wp-image-12504\" srcset=\"https:\/\/sp1.kielce.eu\/wp-content\/uploads\/2020\/06\/Resized_20200626_153028001_3957.jpeg 960w, https:\/\/sp1.kielce.eu\/wp-content\/uploads\/2020\/06\/Resized_20200626_153028001_3957-300x225.jpeg 300w, https:\/\/sp1.kielce.eu\/wp-content\/uploads\/2020\/06\/Resized_20200626_153028001_3957-768x576.jpeg 768w, https:\/\/sp1.kielce.eu\/wp-content\/uploads\/2020\/06\/Resized_20200626_153028001_3957-820x615.jpeg 820w\" sizes=\"auto, (max-width: 960px) 100vw, 960px\" \/><\/a><figcaption>1<\/figcaption><\/figure><\/li><li class=\"blocks-gallery-item\"><figure><a href=\"http:\/\/sp1.kielce.eu\/wp-content\/uploads\/2020\/06\/Resized_20200626_153035001_1807-675x900.jpeg\"><img loading=\"lazy\" decoding=\"async\" width=\"675\" height=\"900\" src=\"http:\/\/sp1.kielce.eu\/wp-content\/uploads\/2020\/06\/Resized_20200626_153035001_1807-675x900.jpeg\" alt=\"\" data-id=\"12505\" data-link=\"http:\/\/sp1.kielce.eu\/?attachment_id=12505\" class=\"wp-image-12505\" srcset=\"https:\/\/sp1.kielce.eu\/wp-content\/uploads\/2020\/06\/Resized_20200626_153035001_1807-675x900.jpeg 675w, https:\/\/sp1.kielce.eu\/wp-content\/uploads\/2020\/06\/Resized_20200626_153035001_1807-225x300.jpeg 225w, https:\/\/sp1.kielce.eu\/wp-content\/uploads\/2020\/06\/Resized_20200626_153035001_1807.jpeg 720w\" sizes=\"auto, (max-width: 675px) 100vw, 675px\" \/><\/a><figcaption>2<\/figcaption><\/figure><\/li><li class=\"blocks-gallery-item\"><figure><a href=\"http:\/\/sp1.kielce.eu\/wp-content\/uploads\/2020\/06\/Resized_20200626_153100001_938-675x900.jpeg\"><img loading=\"lazy\" decoding=\"async\" width=\"675\" height=\"900\" src=\"http:\/\/sp1.kielce.eu\/wp-content\/uploads\/2020\/06\/Resized_20200626_153100001_938-675x900.jpeg\" alt=\"\" data-id=\"12506\" data-link=\"http:\/\/sp1.kielce.eu\/?attachment_id=12506\" class=\"wp-image-12506\" srcset=\"https:\/\/sp1.kielce.eu\/wp-content\/uploads\/2020\/06\/Resized_20200626_153100001_938-675x900.jpeg 675w, https:\/\/sp1.kielce.eu\/wp-content\/uploads\/2020\/06\/Resized_20200626_153100001_938-225x300.jpeg 225w, https:\/\/sp1.kielce.eu\/wp-content\/uploads\/2020\/06\/Resized_20200626_153100001_938.jpeg 720w\" sizes=\"auto, (max-width: 675px) 100vw, 675px\" \/><\/a><figcaption>3<\/figcaption><\/figure><\/li><li class=\"blocks-gallery-item\"><figure><a href=\"http:\/\/sp1.kielce.eu\/wp-content\/uploads\/2020\/06\/Resized_20200626_153127001_6733.jpeg\"><img loading=\"lazy\" decoding=\"async\" width=\"960\" height=\"720\" src=\"http:\/\/sp1.kielce.eu\/wp-content\/uploads\/2020\/06\/Resized_20200626_153127001_6733.jpeg\" alt=\"\" data-id=\"12507\" data-link=\"http:\/\/sp1.kielce.eu\/?attachment_id=12507\" class=\"wp-image-12507\" srcset=\"https:\/\/sp1.kielce.eu\/wp-content\/uploads\/2020\/06\/Resized_20200626_153127001_6733.jpeg 960w, https:\/\/sp1.kielce.eu\/wp-content\/uploads\/2020\/06\/Resized_20200626_153127001_6733-300x225.jpeg 300w, https:\/\/sp1.kielce.eu\/wp-content\/uploads\/2020\/06\/Resized_20200626_153127001_6733-768x576.jpeg 768w, https:\/\/sp1.kielce.eu\/wp-content\/uploads\/2020\/06\/Resized_20200626_153127001_6733-820x615.jpeg 820w\" sizes=\"auto, (max-width: 960px) 100vw, 960px\" \/><\/a><figcaption>4<\/figcaption><\/figure><\/li><\/ul>\n","protected":false},"excerpt":{"rendered":"<p>Nagroda statutowa: UCZE\u0143 ROKU to wyj\u0105tkowe wyr\u00f3\u017cnienie w Szkole Podstawowej nr 1. Przyznawana jest uczniom, [&hellip;]<\/p>\n","protected":false},"author":5,"featured_media":12507,"comment_status":"closed","ping_status":"open","sticky":false,"template":"","format":"standard","meta":{"footnotes":""},"categories":[36],"tags":[],"class_list":["post-12503","post","type-post","status-publish","format-standard","has-post-thumbnail","hentry","category-wydarzenia"],"_links":{"self":[{"href":"https:\/\/sp1.kielce.eu\/index.php\/wp-json\/wp\/v2\/posts\/12503","targetHints":{"allow":["GET"]}}],"collection":[{"href":"https:\/\/sp1.kielce.eu\/index.php\/wp-json\/wp\/v2\/posts"}],"about":[{"href":"https:\/\/sp1.kielce.eu\/index.php\/wp-json\/wp\/v2\/types\/post"}],"author":[{"embeddable":true,"href":"https:\/\/sp1.kielce.eu\/index.php\/wp-json\/wp\/v2\/users\/5"}],"replies":[{"embeddable":true,"href":"https:\/\/sp1.kielce.eu\/index.php\/wp-json\/wp\/v2\/comments?post=12503"}],"version-history":[{"count":2,"href":"https:\/\/sp1.kielce.eu\/index.php\/wp-json\/wp\/v2\/posts\/12503\/revisions"}],"predecessor-version":[{"id":12568,"href":"https:\/\/sp1.kielce.eu\/index.php\/wp-json\/wp\/v2\/posts\/12503\/revisions\/12568"}],"wp:featuredmedia":[{"embeddable":true,"href":"https:\/\/sp1.kielce.eu\/index.php\/wp-json\/wp\/v2\/media\/12507"}],"wp:attachment":[{"href":"https:\/\/sp1.kielce.eu\/index.php\/wp-json\/wp\/v2\/media?parent=12503"}],"wp:term":[{"taxonomy":"category","embeddable":true,"href":"https:\/\/sp1.kielce.eu\/index.php\/wp-json\/wp\/v2\/categories?post=12503"},{"taxonomy":"post_tag","embeddable":true,"href":"https:\/\/sp1.kielce.eu\/index.php\/wp-json\/wp\/v2\/tags?post=12503"}],"curies":[{"name":"wp","href":"https:\/\/api.w.org\/{rel}","templated":true}]}}