{"id":12494,"date":"2020-06-27T09:44:09","date_gmt":"2020-06-27T07:44:09","guid":{"rendered":"http:\/\/sp1.kielce.eu\/?p=12494"},"modified":"2020-06-27T09:44:09","modified_gmt":"2020-06-27T07:44:09","slug":"podziekowania-dla-wolontariuszy-z-naszej-szkoly-od-swietlicy-srodowiskowej-4-katy","status":"publish","type":"post","link":"https:\/\/sp1.kielce.eu\/index.php\/2020\/06\/27\/podziekowania-dla-wolontariuszy-z-naszej-szkoly-od-swietlicy-srodowiskowej-4-katy\/","title":{"rendered":"Podzi\u0119kowania dla Wolontariuszy z naszej szko\u0142y od \u015awietlicy \u015arodowiskowej &#8221; 4 K\u0105ty&#8221;"},"content":{"rendered":"\n<p>\n\nZaanga\u017cowanie wolontariuszy Szkolnego Ko\u0142a Wolontariatu &#8221; Jedynka&#8221; zosta\u0142o docenione przez \u015awietlic\u0119 \u015arodowiskow\u0105 &#8221; 4 K\u0105ty &#8222;.Mamy nadziej\u0119,\u017ce r\u00f3wnie\u017c w przysz\u0142ym roku szkolnym nasi wolotariusze b\u0119d\u0105 mogli s\u0142u\u017cy\u0107 pomoc\u0105 podopiecznym tej plac\u00f3wki,kt\u00f3ra ciep\u0142o przyj\u0119\u0142a naszych uczni\u00f3w.Anna Materny- opiekun Szkolnego Ko\u0142a Wolontariatu &#8221; Jedynka&#8221;\n\n<\/p>\n\n\n\n<ul class=\"wp-block-gallery columns-3 is-cropped wp-block-gallery-1 is-layout-flex wp-block-gallery-is-layout-flex\"><li class=\"blocks-gallery-item\"><figure><a href=\"http:\/\/sp1.kielce.eu\/wp-content\/uploads\/2020\/06\/20200226_150034-Medium.jpg\"><img loading=\"lazy\" decoding=\"async\" width=\"1024\" height=\"768\" src=\"http:\/\/sp1.kielce.eu\/wp-content\/uploads\/2020\/06\/20200226_150034-Medium.jpg\" alt=\"\" data-id=\"12495\" data-link=\"http:\/\/sp1.kielce.eu\/?attachment_id=12495\" class=\"wp-image-12495\" srcset=\"https:\/\/sp1.kielce.eu\/wp-content\/uploads\/2020\/06\/20200226_150034-Medium.jpg 1024w, https:\/\/sp1.kielce.eu\/wp-content\/uploads\/2020\/06\/20200226_150034-Medium-300x225.jpg 300w, https:\/\/sp1.kielce.eu\/wp-content\/uploads\/2020\/06\/20200226_150034-Medium-768x576.jpg 768w, https:\/\/sp1.kielce.eu\/wp-content\/uploads\/2020\/06\/20200226_150034-Medium-820x615.jpg 820w\" sizes=\"auto, (max-width: 1024px) 100vw, 1024px\" \/><\/a><figcaption>1<\/figcaption><\/figure><\/li><li class=\"blocks-gallery-item\"><figure><a href=\"http:\/\/sp1.kielce.eu\/wp-content\/uploads\/2020\/06\/86393112_542028189746606_893404415053004800_n-Medium.jpg\"><img loading=\"lazy\" decoding=\"async\" width=\"1366\" height=\"646\" src=\"http:\/\/sp1.kielce.eu\/wp-content\/uploads\/2020\/06\/86393112_542028189746606_893404415053004800_n-Medium.jpg\" alt=\"\" data-id=\"12496\" data-link=\"http:\/\/sp1.kielce.eu\/?attachment_id=12496\" class=\"wp-image-12496\" srcset=\"https:\/\/sp1.kielce.eu\/wp-content\/uploads\/2020\/06\/86393112_542028189746606_893404415053004800_n-Medium.jpg 1366w, https:\/\/sp1.kielce.eu\/wp-content\/uploads\/2020\/06\/86393112_542028189746606_893404415053004800_n-Medium-300x142.jpg 300w, https:\/\/sp1.kielce.eu\/wp-content\/uploads\/2020\/06\/86393112_542028189746606_893404415053004800_n-Medium-768x363.jpg 768w, https:\/\/sp1.kielce.eu\/wp-content\/uploads\/2020\/06\/86393112_542028189746606_893404415053004800_n-Medium-820x388.jpg 820w\" sizes=\"auto, (max-width: 1366px) 100vw, 1366px\" \/><\/a><figcaption>2<\/figcaption><\/figure><\/li><li class=\"blocks-gallery-item\"><figure><a href=\"http:\/\/sp1.kielce.eu\/wp-content\/uploads\/2020\/06\/Resized_20200625_103430-675x900.jpeg\"><img loading=\"lazy\" decoding=\"async\" width=\"675\" height=\"900\" src=\"http:\/\/sp1.kielce.eu\/wp-content\/uploads\/2020\/06\/Resized_20200625_103430-675x900.jpeg\" alt=\"\" data-id=\"12497\" data-link=\"http:\/\/sp1.kielce.eu\/?attachment_id=12497\" class=\"wp-image-12497\" srcset=\"https:\/\/sp1.kielce.eu\/wp-content\/uploads\/2020\/06\/Resized_20200625_103430-675x900.jpeg 675w, https:\/\/sp1.kielce.eu\/wp-content\/uploads\/2020\/06\/Resized_20200625_103430-225x300.jpeg 225w, https:\/\/sp1.kielce.eu\/wp-content\/uploads\/2020\/06\/Resized_20200625_103430.jpeg 720w\" sizes=\"auto, (max-width: 675px) 100vw, 675px\" \/><\/a><figcaption>3<\/figcaption><\/figure><\/li><\/ul>\n","protected":false},"excerpt":{"rendered":"<p>Zaanga\u017cowanie wolontariuszy Szkolnego Ko\u0142a Wolontariatu &#8221; Jedynka&#8221; zosta\u0142o docenione przez \u015awietlic\u0119 \u015arodowiskow\u0105 &#8221; 4 K\u0105ty [&hellip;]<\/p>\n","protected":false},"author":5,"featured_media":12497,"comment_status":"closed","ping_status":"open","sticky":false,"template":"","format":"standard","meta":{"footnotes":""},"categories":[163],"tags":[],"class_list":["post-12494","post","type-post","status-publish","format-standard","has-post-thumbnail","hentry","category-skw"],"_links":{"self":[{"href":"https:\/\/sp1.kielce.eu\/index.php\/wp-json\/wp\/v2\/posts\/12494","targetHints":{"allow":["GET"]}}],"collection":[{"href":"https:\/\/sp1.kielce.eu\/index.php\/wp-json\/wp\/v2\/posts"}],"about":[{"href":"https:\/\/sp1.kielce.eu\/index.php\/wp-json\/wp\/v2\/types\/post"}],"author":[{"embeddable":true,"href":"https:\/\/sp1.kielce.eu\/index.php\/wp-json\/wp\/v2\/users\/5"}],"replies":[{"embeddable":true,"href":"https:\/\/sp1.kielce.eu\/index.php\/wp-json\/wp\/v2\/comments?post=12494"}],"version-history":[{"count":1,"href":"https:\/\/sp1.kielce.eu\/index.php\/wp-json\/wp\/v2\/posts\/12494\/revisions"}],"predecessor-version":[{"id":12498,"href":"https:\/\/sp1.kielce.eu\/index.php\/wp-json\/wp\/v2\/posts\/12494\/revisions\/12498"}],"wp:featuredmedia":[{"embeddable":true,"href":"https:\/\/sp1.kielce.eu\/index.php\/wp-json\/wp\/v2\/media\/12497"}],"wp:attachment":[{"href":"https:\/\/sp1.kielce.eu\/index.php\/wp-json\/wp\/v2\/media?parent=12494"}],"wp:term":[{"taxonomy":"category","embeddable":true,"href":"https:\/\/sp1.kielce.eu\/index.php\/wp-json\/wp\/v2\/categories?post=12494"},{"taxonomy":"post_tag","embeddable":true,"href":"https:\/\/sp1.kielce.eu\/index.php\/wp-json\/wp\/v2\/tags?post=12494"}],"curies":[{"name":"wp","href":"https:\/\/api.w.org\/{rel}","templated":true}]}}