{"id":12489,"date":"2020-06-27T09:39:45","date_gmt":"2020-06-27T07:39:45","guid":{"rendered":"http:\/\/sp1.kielce.eu\/?p=12489"},"modified":"2020-06-27T09:39:45","modified_gmt":"2020-06-27T07:39:45","slug":"podziekowanie-od-muzeum-narodowego-w-kielcach-dla-wolontariuszy-z-naszej-szkoly","status":"publish","type":"post","link":"https:\/\/sp1.kielce.eu\/index.php\/2020\/06\/27\/podziekowanie-od-muzeum-narodowego-w-kielcach-dla-wolontariuszy-z-naszej-szkoly\/","title":{"rendered":"Podzi\u0119kowanie od Muzeum Narodowego w Kielcach dla wolontariuszy z naszej szko\u0142y"},"content":{"rendered":"\n<p>\n\nWolontariusze ze Szkolnego Ko\u0142a Wolontariatu &#8221; Jedynka&#8221; uzyskali podzi\u0119kowania za pomoc i wsparcie dzia\u0142a\u0144 wolontariackich realizowanych przez Kulturalny Wolontariat Muzeum Narodowego. Mo\u017cemy by\u0107 dumni z reprezentant\u00f3w naszej szko\u0142y,kt\u00f3rzy pomagali w organizacji warsztat\u00f3w na terenie muzeum i Galerii &#8221; Echo&#8221;.Mam nadziej\u0119,\u017ce w przysz\u0142ym roku szkolnym wolontariusze zechc\u0105 ponownie wesprze\u0107 Kulturalny Wolontariat i kontynuowa\u0107 tradycj\u0119 wsp\u00f3\u0142pracy SP nr 1 z Muzeum Narodowym w Kielcach.<br>Anna Materny- opiekun Szkolnego Ko\u0142a Wolontariatu &#8222;Jedynka\n\n<\/p>\n\n\n\n<ul class=\"wp-block-gallery columns-3 is-cropped wp-block-gallery-1 is-layout-flex wp-block-gallery-is-layout-flex\"><li class=\"blocks-gallery-item\"><figure><a href=\"http:\/\/sp1.kielce.eu\/wp-content\/uploads\/2020\/06\/20200624_112818-631x900.jpg\"><img loading=\"lazy\" decoding=\"async\" width=\"631\" height=\"900\" src=\"http:\/\/sp1.kielce.eu\/wp-content\/uploads\/2020\/06\/20200624_112818-631x900.jpg\" alt=\"\" data-id=\"12490\" data-link=\"http:\/\/sp1.kielce.eu\/?attachment_id=12490\" class=\"wp-image-12490\" srcset=\"https:\/\/sp1.kielce.eu\/wp-content\/uploads\/2020\/06\/20200624_112818-631x900.jpg 631w, https:\/\/sp1.kielce.eu\/wp-content\/uploads\/2020\/06\/20200624_112818-210x300.jpg 210w, https:\/\/sp1.kielce.eu\/wp-content\/uploads\/2020\/06\/20200624_112818-768x1095.jpg 768w, https:\/\/sp1.kielce.eu\/wp-content\/uploads\/2020\/06\/20200624_112818-820x1169.jpg 820w\" sizes=\"auto, (max-width: 631px) 100vw, 631px\" \/><\/a><figcaption>1<\/figcaption><\/figure><\/li><li class=\"blocks-gallery-item\"><figure><a href=\"http:\/\/sp1.kielce.eu\/wp-content\/uploads\/2020\/06\/20200624_114553-626x900.jpg\"><img loading=\"lazy\" decoding=\"async\" width=\"626\" height=\"900\" src=\"http:\/\/sp1.kielce.eu\/wp-content\/uploads\/2020\/06\/20200624_114553-626x900.jpg\" alt=\"\" data-id=\"12491\" data-link=\"http:\/\/sp1.kielce.eu\/?attachment_id=12491\" class=\"wp-image-12491\" srcset=\"https:\/\/sp1.kielce.eu\/wp-content\/uploads\/2020\/06\/20200624_114553-626x900.jpg 626w, https:\/\/sp1.kielce.eu\/wp-content\/uploads\/2020\/06\/20200624_114553-209x300.jpg 209w, https:\/\/sp1.kielce.eu\/wp-content\/uploads\/2020\/06\/20200624_114553-768x1103.jpg 768w, https:\/\/sp1.kielce.eu\/wp-content\/uploads\/2020\/06\/20200624_114553-820x1178.jpg 820w, https:\/\/sp1.kielce.eu\/wp-content\/uploads\/2020\/06\/20200624_114553.jpg 838w\" sizes=\"auto, (max-width: 626px) 100vw, 626px\" \/><\/a><figcaption>2<\/figcaption><\/figure><\/li><li class=\"blocks-gallery-item\"><figure><a href=\"http:\/\/sp1.kielce.eu\/wp-content\/uploads\/2020\/06\/20200624_114710.jpg\"><img loading=\"lazy\" decoding=\"async\" width=\"937\" height=\"674\" src=\"http:\/\/sp1.kielce.eu\/wp-content\/uploads\/2020\/06\/20200624_114710.jpg\" alt=\"\" data-id=\"12492\" data-link=\"http:\/\/sp1.kielce.eu\/?attachment_id=12492\" class=\"wp-image-12492\" srcset=\"https:\/\/sp1.kielce.eu\/wp-content\/uploads\/2020\/06\/20200624_114710.jpg 937w, https:\/\/sp1.kielce.eu\/wp-content\/uploads\/2020\/06\/20200624_114710-300x216.jpg 300w, https:\/\/sp1.kielce.eu\/wp-content\/uploads\/2020\/06\/20200624_114710-768x552.jpg 768w, https:\/\/sp1.kielce.eu\/wp-content\/uploads\/2020\/06\/20200624_114710-820x590.jpg 820w\" sizes=\"auto, (max-width: 937px) 100vw, 937px\" \/><\/a><figcaption>3<\/figcaption><\/figure><\/li><\/ul>\n","protected":false},"excerpt":{"rendered":"<p>Wolontariusze ze Szkolnego Ko\u0142a Wolontariatu &#8221; Jedynka&#8221; uzyskali podzi\u0119kowania za pomoc i wsparcie dzia\u0142a\u0144 wolontariackich [&hellip;]<\/p>\n","protected":false},"author":5,"featured_media":12490,"comment_status":"closed","ping_status":"open","sticky":false,"template":"","format":"standard","meta":{"footnotes":""},"categories":[163],"tags":[],"class_list":["post-12489","post","type-post","status-publish","format-standard","has-post-thumbnail","hentry","category-skw"],"_links":{"self":[{"href":"https:\/\/sp1.kielce.eu\/index.php\/wp-json\/wp\/v2\/posts\/12489","targetHints":{"allow":["GET"]}}],"collection":[{"href":"https:\/\/sp1.kielce.eu\/index.php\/wp-json\/wp\/v2\/posts"}],"about":[{"href":"https:\/\/sp1.kielce.eu\/index.php\/wp-json\/wp\/v2\/types\/post"}],"author":[{"embeddable":true,"href":"https:\/\/sp1.kielce.eu\/index.php\/wp-json\/wp\/v2\/users\/5"}],"replies":[{"embeddable":true,"href":"https:\/\/sp1.kielce.eu\/index.php\/wp-json\/wp\/v2\/comments?post=12489"}],"version-history":[{"count":1,"href":"https:\/\/sp1.kielce.eu\/index.php\/wp-json\/wp\/v2\/posts\/12489\/revisions"}],"predecessor-version":[{"id":12493,"href":"https:\/\/sp1.kielce.eu\/index.php\/wp-json\/wp\/v2\/posts\/12489\/revisions\/12493"}],"wp:featuredmedia":[{"embeddable":true,"href":"https:\/\/sp1.kielce.eu\/index.php\/wp-json\/wp\/v2\/media\/12490"}],"wp:attachment":[{"href":"https:\/\/sp1.kielce.eu\/index.php\/wp-json\/wp\/v2\/media?parent=12489"}],"wp:term":[{"taxonomy":"category","embeddable":true,"href":"https:\/\/sp1.kielce.eu\/index.php\/wp-json\/wp\/v2\/categories?post=12489"},{"taxonomy":"post_tag","embeddable":true,"href":"https:\/\/sp1.kielce.eu\/index.php\/wp-json\/wp\/v2\/tags?post=12489"}],"curies":[{"name":"wp","href":"https:\/\/api.w.org\/{rel}","templated":true}]}}