{"id":12337,"date":"2020-06-15T16:58:05","date_gmt":"2020-06-15T14:58:05","guid":{"rendered":"http:\/\/sp1.kielce.eu\/?p=12337"},"modified":"2020-06-15T16:58:41","modified_gmt":"2020-06-15T14:58:41","slug":"dodatkowe-dni-wolne","status":"publish","type":"post","link":"https:\/\/sp1.kielce.eu\/index.php\/2020\/06\/15\/dodatkowe-dni-wolne\/","title":{"rendered":"Dodatkowe dni wolne"},"content":{"rendered":"\n<p><\/p>\n\n\n\n<p>Dyrektor Szko\u0142y Podstawowej nr 1 im. Stanis\u0142awa Staszica w Kielcach, powo\u0142uj\u0105c si\u0119 na:<\/p>\n\n\n\n<p><em>Rozporz\u0105dzenie Ministra Edukacji \nNarodowej z dnia 29 kwietnia 2020 r. zmieniaj\u0105ce rozporz\u0105dzenie w \nsprawie szczeg\u00f3lnych rozwi\u0105za\u0144 w okresie czasowego ograniczenia \nfunkcjonowania jednostek systemu o\u015bwiaty w zwi\u0105zku z zapobieganiem, \nprzeciwdzia\u0142aniem i zwalczaniem COVID-19,<\/em><\/p>\n\n\n\n<p>zmienia dodatkowe dni wolne od zaj\u0119\u0107 dydaktycznych, przeznaczone na dni, w kt\u00f3rych w szkole odbywa si\u0119 Egzamin \u00d3smoklasisty.<\/p>\n\n\n\n<p>W zwi\u0105zku z tym, dni: <strong><code>16-18.06.2020r.<\/code><\/strong> s\u0105 dniami <strong><code>wolnymi od zaj\u0119\u0107 dydaktycznych<\/code> <\/strong>w szkole.<\/p>\n\n\n\n<p>W tych dniach szko\u0142a zapewnia zadeklarowanym uczniom zaj\u0119cia opieku\u0144czo-wychowawcze w \u015bwietlicy szkolnej.<\/p>\n\n\n\n<p style=\"text-align:right\">Dyrektor szko\u0142y<br> \u017baneta Szczepaniak <\/p>\n\n\n\n<p><\/p>\n","protected":false},"excerpt":{"rendered":"<p>Dyrektor Szko\u0142y Podstawowej nr 1 im. Stanis\u0142awa Staszica w Kielcach, powo\u0142uj\u0105c si\u0119 na: Rozporz\u0105dzenie Ministra [&hellip;]<\/p>\n","protected":false},"author":4,"featured_media":1790,"comment_status":"closed","ping_status":"open","sticky":false,"template":"","format":"standard","meta":{"footnotes":""},"categories":[1],"tags":[],"class_list":["post-12337","post","type-post","status-publish","format-standard","has-post-thumbnail","hentry","category-bez-kategorii"],"_links":{"self":[{"href":"https:\/\/sp1.kielce.eu\/index.php\/wp-json\/wp\/v2\/posts\/12337","targetHints":{"allow":["GET"]}}],"collection":[{"href":"https:\/\/sp1.kielce.eu\/index.php\/wp-json\/wp\/v2\/posts"}],"about":[{"href":"https:\/\/sp1.kielce.eu\/index.php\/wp-json\/wp\/v2\/types\/post"}],"author":[{"embeddable":true,"href":"https:\/\/sp1.kielce.eu\/index.php\/wp-json\/wp\/v2\/users\/4"}],"replies":[{"embeddable":true,"href":"https:\/\/sp1.kielce.eu\/index.php\/wp-json\/wp\/v2\/comments?post=12337"}],"version-history":[{"count":2,"href":"https:\/\/sp1.kielce.eu\/index.php\/wp-json\/wp\/v2\/posts\/12337\/revisions"}],"predecessor-version":[{"id":12339,"href":"https:\/\/sp1.kielce.eu\/index.php\/wp-json\/wp\/v2\/posts\/12337\/revisions\/12339"}],"wp:featuredmedia":[{"embeddable":true,"href":"https:\/\/sp1.kielce.eu\/index.php\/wp-json\/wp\/v2\/media\/1790"}],"wp:attachment":[{"href":"https:\/\/sp1.kielce.eu\/index.php\/wp-json\/wp\/v2\/media?parent=12337"}],"wp:term":[{"taxonomy":"category","embeddable":true,"href":"https:\/\/sp1.kielce.eu\/index.php\/wp-json\/wp\/v2\/categories?post=12337"},{"taxonomy":"post_tag","embeddable":true,"href":"https:\/\/sp1.kielce.eu\/index.php\/wp-json\/wp\/v2\/tags?post=12337"}],"curies":[{"name":"wp","href":"https:\/\/api.w.org\/{rel}","templated":true}]}}