{"id":12241,"date":"2020-06-01T16:51:47","date_gmt":"2020-06-01T14:51:47","guid":{"rendered":"http:\/\/sp1.kielce.eu\/?p=12241"},"modified":"2020-06-01T16:51:47","modified_gmt":"2020-06-01T14:51:47","slug":"konkurs-ekologiczny-zostal-rozstrzygniety","status":"publish","type":"post","link":"https:\/\/sp1.kielce.eu\/index.php\/2020\/06\/01\/konkurs-ekologiczny-zostal-rozstrzygniety\/","title":{"rendered":"Konkurs ekologiczny zosta\u0142 rozstrzygni\u0119ty!"},"content":{"rendered":"\n<p>Organizatorem Konkursu Ekologicznego ,,B\u0105d\u017a EKO \u2013\nnadaj przedmiotom drugie \u017cycie\u201d by\u0142o Energetyczne Centrum Nauki Kieleckiego\nParku Technologicznego.<br>\nBy\u0142 on wsp\u00f3\u0142finansowany ze \u015brodk\u00f3w Wojew\u00f3dzkiego Funduszu Ochrony \u015arodowiska i&nbsp;Gospodarki\nWodnej w&nbsp;Kielcach. <\/p>\n\n\n\n<p>Mi\u0142o nam poinformowa\u0107, \u017ce uczniowie naszej szko\u0142y zdobyli w nim czo\u0142owe lokaty:<br>W Konkursie literackim &#8211; w kategorii wiekowej 0-III:<br>I miejsce zdoby\u0142 Antoni Konicki \u2013 ucz. kl. 3 b<br>III miejsce zdoby\u0142a Patrycja \u017bak \u2013 ucz. kl.3 b<br>Wyr\u00f3\u017cnienie zdoby\u0142a Patrycja Otwinowska \u2013 ucz. kl. 3 b<br> \u2013 wychowawc\u0105 wszystkich uczni\u00f3w jest pani Ma\u0142gorzata Kasza.<\/p>\n\n\n\n<p>W Konkursie plastycznym \u2013 w kategorii wiekowej 0-III:<br>III miejsce zdoby\u0142 zesp\u00f3\u0142 w sk\u0142adzie: <br>Ewa Grodziska, Diana Gawlik, Piotr Podraza z kl. 2 b<br> \u00a0\u2013 wychowawc\u0105 tych uczni\u00f3w jest pani Marta Okopie\u0144.<\/p>\n\n\n\n<p>Gratulujemy wygranych, dyplomy i&nbsp;nagrody odbior\u0105\nwychowawcy od Organizatora i&nbsp;przeka\u017c\u0105 Laureatom. Jeste\u015bmy dumne, \u017ce tak liczne\ngrono zosta\u0142o dostrze\u017cone, bowiem w&nbsp;konkursie uczestniczy\u0142o mn\u00f3stwo dzieci\nz&nbsp;ca\u0142ego wojew\u00f3dztwa, w&nbsp;tym kilka os\u00f3b i&nbsp;kilka zespo\u0142\u00f3w z&nbsp;naszej\nszko\u0142y.<\/p>\n\n\n\n<p style=\"text-align:right\">Nauczyciele edukacji wczesnoszkolnej: Ma\u0142gorzata Kasza<br>Marta Okopie\u0144 <\/p>\n","protected":false},"excerpt":{"rendered":"<p>Organizatorem Konkursu Ekologicznego ,,B\u0105d\u017a EKO \u2013 nadaj przedmiotom drugie \u017cycie\u201d by\u0142o Energetyczne Centrum Nauki Kieleckiego [&hellip;]<\/p>\n","protected":false},"author":13,"featured_media":12242,"comment_status":"closed","ping_status":"open","sticky":false,"template":"","format":"standard","meta":{"footnotes":""},"categories":[36],"tags":[],"class_list":["post-12241","post","type-post","status-publish","format-standard","has-post-thumbnail","hentry","category-wydarzenia"],"_links":{"self":[{"href":"https:\/\/sp1.kielce.eu\/index.php\/wp-json\/wp\/v2\/posts\/12241","targetHints":{"allow":["GET"]}}],"collection":[{"href":"https:\/\/sp1.kielce.eu\/index.php\/wp-json\/wp\/v2\/posts"}],"about":[{"href":"https:\/\/sp1.kielce.eu\/index.php\/wp-json\/wp\/v2\/types\/post"}],"author":[{"embeddable":true,"href":"https:\/\/sp1.kielce.eu\/index.php\/wp-json\/wp\/v2\/users\/13"}],"replies":[{"embeddable":true,"href":"https:\/\/sp1.kielce.eu\/index.php\/wp-json\/wp\/v2\/comments?post=12241"}],"version-history":[{"count":2,"href":"https:\/\/sp1.kielce.eu\/index.php\/wp-json\/wp\/v2\/posts\/12241\/revisions"}],"predecessor-version":[{"id":12244,"href":"https:\/\/sp1.kielce.eu\/index.php\/wp-json\/wp\/v2\/posts\/12241\/revisions\/12244"}],"wp:featuredmedia":[{"embeddable":true,"href":"https:\/\/sp1.kielce.eu\/index.php\/wp-json\/wp\/v2\/media\/12242"}],"wp:attachment":[{"href":"https:\/\/sp1.kielce.eu\/index.php\/wp-json\/wp\/v2\/media?parent=12241"}],"wp:term":[{"taxonomy":"category","embeddable":true,"href":"https:\/\/sp1.kielce.eu\/index.php\/wp-json\/wp\/v2\/categories?post=12241"},{"taxonomy":"post_tag","embeddable":true,"href":"https:\/\/sp1.kielce.eu\/index.php\/wp-json\/wp\/v2\/tags?post=12241"}],"curies":[{"name":"wp","href":"https:\/\/api.w.org\/{rel}","templated":true}]}}