{"id":12237,"date":"2020-06-01T09:40:17","date_gmt":"2020-06-01T07:40:17","guid":{"rendered":"http:\/\/sp1.kielce.eu\/?p=12237"},"modified":"2020-06-01T09:40:17","modified_gmt":"2020-06-01T07:40:17","slug":"wszystkiego-najlepszego-wszystkim-dzieciom","status":"publish","type":"post","link":"https:\/\/sp1.kielce.eu\/index.php\/2020\/06\/01\/wszystkiego-najlepszego-wszystkim-dzieciom\/","title":{"rendered":"WSZYSTKIEGO NAJLEPSZEGO \u2013 WSZYSTKIM DZIECIOM!"},"content":{"rendered":"\n<p>W czasach Pana Jezusa dzieci nie\nby\u0142y traktowane przez doros\u0142ych jako osoby, kt\u00f3rym warto po\u015bwi\u0119ca\u0107 uwag\u0119. Nie\nposiada\u0142y \u017cyciowego do\u015bwiadczenia i \u017cyciwej m\u0105dro\u015bci dlatego ich zdanie nie\nmia\u0142o \u017cadnego znaczenia. Nic dziwnego, \u017ce nawet uczniowie Pana Jezusa\nzabraniali rodzicom przynosi\u0107 do Niego dzieci, \u017ceby nie zajmowa\u0142y Jego uwagi i\nJego czasu. Pan Jezus tymczasem surowo skarci\u0142 Aposto\u0142\u00f3w m\u00f3wi\u0105c do nich:\n&lt;&lt;<strong><em>Pozw\u00f3lcie dzieciom przychodzi\u0107 do Mnie, nie przeszkadzajcie im;\ndo takich bowiem nale\u017cy kr\u00f3lestwo Bo\u017ce. Zaprawd\u0119 powiadam wam: &#8222;kto nie\nprzyjmie kr\u00f3lestwa Bo\u017cego jak dziecko, ten nie wejdzie do niego&#8221;. I bior\u0105c\nje w obj\u0119cia, k\u0142ad\u0142 na nie r\u0119ce i b\u0142ogos\u0142\u0105wi\u0142 je.&gt;&gt; Mk 10, 13-16<\/em><\/strong><\/p>\n\n\n\n<p>&nbsp;&nbsp;&nbsp;&nbsp;&nbsp;&nbsp;&nbsp;&nbsp;&nbsp;&nbsp;&nbsp; Zbawiciel\npragnie, aby\u015bmy zawsze byli szcz\u0119\u015bliwi i potrafili jak dzieci cieszy\u0107 si\u0119\nmi\u0142o\u015bci\u0105 Boga Ojca. Chce, aby\u015bmy s\u0142yszeli Go w \u015bpiewie ptak\u00f3w, w szumie wiatru,\nw szmerach strumieni wody, aby\u015bmy dostrzegali Jego u\u015bmiech w promieniach\ns\u0142o\u0144ca, w kolorach kwiat\u00f3w&#8230; To s\u0105 w\u0142a\u015bnie wspania\u0142e dary Najlepszego Ojca.\nDobro, pi\u0119kno, rado\u015b\u0107 \u2013 to Jego \u015blady, kt\u00f3re nam pozostawi\u0142.<\/p>\n\n\n\n<p><strong>Jeste\u015b ukochanym dzieckiem\nBoga!<\/strong> On ciebie od wiek\u00f3w pragn\u0105\u0142, od wiek\u00f3w kocha a dzi\u015b zaprasza \u2013\n&lt;&lt;<em>p\u00f3jd\u017a za Mn\u0105!&gt;&gt;<\/em> Takiej mi\u0142o\u015bci warto zaufa\u0107! Niech ta\nmi\u0142o\u015b\u0107 prowadzi nas ka\u017cdego dnia, niech b\u0119dzie \u017ar\u00f3d\u0142em rado\u015bci i pokoju!\nWszystkiego najlepszego \u2013 wszystkim dzieciom!<\/p>\n\n\n\n<p><em>s. Faustyna Monika\nCzajkowska<\/em><\/p>\n\n\n\n<div class=\"wp-block-file\"><a href=\"http:\/\/sp1.kielce.eu\/wp-content\/uploads\/2020\/06\/\u017byczenia-dla-dzieci.mp4\">\u017byczenia dla dzieci<\/a><a href=\"http:\/\/sp1.kielce.eu\/wp-content\/uploads\/2020\/06\/\u017byczenia-dla-dzieci.mp4\" class=\"wp-block-file__button\" download>Pobierz<\/a><\/div>\n","protected":false},"excerpt":{"rendered":"<p>W czasach Pana Jezusa dzieci nie by\u0142y traktowane przez doros\u0142ych jako osoby, kt\u00f3rym warto po\u015bwi\u0119ca\u0107 [&hellip;]<\/p>\n","protected":false},"author":5,"featured_media":12239,"comment_status":"closed","ping_status":"open","sticky":false,"template":"","format":"standard","meta":{"footnotes":""},"categories":[36],"tags":[],"class_list":["post-12237","post","type-post","status-publish","format-standard","has-post-thumbnail","hentry","category-wydarzenia"],"_links":{"self":[{"href":"https:\/\/sp1.kielce.eu\/index.php\/wp-json\/wp\/v2\/posts\/12237","targetHints":{"allow":["GET"]}}],"collection":[{"href":"https:\/\/sp1.kielce.eu\/index.php\/wp-json\/wp\/v2\/posts"}],"about":[{"href":"https:\/\/sp1.kielce.eu\/index.php\/wp-json\/wp\/v2\/types\/post"}],"author":[{"embeddable":true,"href":"https:\/\/sp1.kielce.eu\/index.php\/wp-json\/wp\/v2\/users\/5"}],"replies":[{"embeddable":true,"href":"https:\/\/sp1.kielce.eu\/index.php\/wp-json\/wp\/v2\/comments?post=12237"}],"version-history":[{"count":1,"href":"https:\/\/sp1.kielce.eu\/index.php\/wp-json\/wp\/v2\/posts\/12237\/revisions"}],"predecessor-version":[{"id":12240,"href":"https:\/\/sp1.kielce.eu\/index.php\/wp-json\/wp\/v2\/posts\/12237\/revisions\/12240"}],"wp:featuredmedia":[{"embeddable":true,"href":"https:\/\/sp1.kielce.eu\/index.php\/wp-json\/wp\/v2\/media\/12239"}],"wp:attachment":[{"href":"https:\/\/sp1.kielce.eu\/index.php\/wp-json\/wp\/v2\/media?parent=12237"}],"wp:term":[{"taxonomy":"category","embeddable":true,"href":"https:\/\/sp1.kielce.eu\/index.php\/wp-json\/wp\/v2\/categories?post=12237"},{"taxonomy":"post_tag","embeddable":true,"href":"https:\/\/sp1.kielce.eu\/index.php\/wp-json\/wp\/v2\/tags?post=12237"}],"curies":[{"name":"wp","href":"https:\/\/api.w.org\/{rel}","templated":true}]}}