{"id":12190,"date":"2020-05-26T23:51:32","date_gmt":"2020-05-26T21:51:32","guid":{"rendered":"http:\/\/sp1.kielce.eu\/?p=12190"},"modified":"2020-05-26T23:51:32","modified_gmt":"2020-05-26T21:51:32","slug":"uwaga-czytelnicy-biblioteka-szkolna-wznawia-swoja-dzialalnosc-prosimy-o-zapoznanie-sie-z-nowymi-zasadami-korzystania-z-naszego-ksiegozbioru","status":"publish","type":"post","link":"https:\/\/sp1.kielce.eu\/index.php\/2020\/05\/26\/uwaga-czytelnicy-biblioteka-szkolna-wznawia-swoja-dzialalnosc-prosimy-o-zapoznanie-sie-z-nowymi-zasadami-korzystania-z-naszego-ksiegozbioru\/","title":{"rendered":"Uwaga czytelnicy! Biblioteka szkolna wznawia swoj\u0105 dzia\u0142alno\u015b\u0107. Prosimy o zapoznanie si\u0119 z nowymi zasadami korzystania z naszego ksi\u0119gozbioru."},"content":{"rendered":"\n<p style=\"text-align:center\"><strong>Biblioteka szkolna<\/strong><br><strong>Nowe zasady korzystania<\/strong><\/p>\n\n\n\n<p><strong>Na podstawie: Procedur zapewnienia bezpiecze\u0144stwa w Szkole Podstawowej nr 1<\/strong> <strong>im. Stanis\u0142awa Staszica <\/strong><br><strong>w Kielcach w zwi\u0105zku z wyst\u0105pieniem COVID-19<\/strong><\/p>\n\n\n\n<p><strong>Cz\u0119\u015b\u0107 I<\/strong><strong><\/strong><\/p>\n\n\n\n<p>1. Czytelnicy nie mog\u0105 wchodzi\u0107 do budynku szko\u0142y, a jedynie\noddawa\u0107 i odbiera\u0107 ksi\u0105\u017cki w jej drzwiach.<\/p>\n\n\n\n<p>2. Czytelnicy, kt\u00f3rzy chc\u0105 wypo\u017cyczy\u0107 lub zwr\u00f3ci\u0107 ksi\u0105\u017cki do biblioteki szkolnej powinni na dzie\u0144\u00a0 wcze\u015bniej poinformowa\u0107 o tym fakcie bibliotekarzy poprzez <strong>Librusa<\/strong> <strong>&#8211; bibliotekarki Renata Kozie\u0142 i Kamila Kami\u0144ska.<\/strong><\/p>\n\n\n\n<p>3. Nast\u0119pnego dnia mo\u017cna odebra\u0107 lub zwr\u00f3ci\u0107 ksi\u0105\u017cki w\ngodzinach 7.00 &#8211; 16.00 od poniedzia\u0142ku do pi\u0105tku.<\/p>\n\n\n\n<p>4. Po wypo\u017cyczeniu ksi\u0105\u017cki czytelnik nie powinien z niej korzysta\u0107 od razu, ksi\u0105\u017cka powinna pole\u017ce\u0107, najlepiej 3 dni. Ksi\u0105\u017cek nie wolno dezynfekowa\u0107 \u017cadnymi p\u0142ynami (zalecenia Biblioteki Narodowej).<\/p>\n\n\n\n<p>5. Ksi\u0105\u017cki i inne materia\u0142y oddane przez czytelnika mog\u0105\nby\u0107 ponownie wypo\u017cyczone po okresie kwarantanny wynosz\u0105cym 3 dni.<\/p>\n\n\n\n<p><strong>Cz\u0119\u015b\u0107 II<\/strong><strong><\/strong><\/p>\n\n\n\n<p>1. Uczniowie przebywaj\u0105cy na terenie szko\u0142y (po\ndostarczeniu do szko\u0142y stosownych, podpisanych przez rodzica o\u015bwiadcze\u0144), mog\u0105\nosobi\u015bcie przyj\u015b\u0107 do biblioteki szkolnej.<\/p>\n\n\n\n<p>2. Biblioteka szkolna udost\u0119pnia ksi\u0119gozbi\u00f3r tylko w\nwypo\u017cyczalni.<\/p>\n\n\n\n<p>3. Czytelnia jest nieczynna.<\/p>\n\n\n\n<p>4. W bibliotece mo\u017ce jednocze\u015bnie przebywa\u0107 maksymalnie 1\nwypo\u017cyczaj\u0105cy.<\/p>\n\n\n\n<p>5. Odleg\u0142o\u015bci mi\u0119dzy bibliotekarzem a czytelnikiem powinna\nwynosi\u0107 co najmniej 2 m i jest wyznaczona przy drzwiach wypo\u017cyczalni.<\/p>\n\n\n\n<p>6. Inni czytelnicy oczekuj\u0105cy na wizyt\u0119 w bibliotece powinni znajdowa\u0107 si\u0119 na korytarzu i zachowywa\u0107 odst\u0119py 2 m mi\u0119dzy sob\u0105.<\/p>\n\n\n\n<p>7. Podczas oczekiwania na wizyt\u0119 w bibliotece <strong>nie wolno<\/strong>:\nbra\u0107 ksi\u0105\u017cek od innych dzieci, podawa\u0107 swojej ksi\u0105\u017cki innym, np. do ogl\u0105dania.<\/p>\n\n\n\n<p>8.&nbsp; Czytelnik po\nwej\u015bciu do wypo\u017cyczalni powinien:<\/p>\n\n\n\n<p>&#8211; podej\u015b\u0107 do wyznaczonego miejsca,<\/p>\n\n\n\n<p>&#8211; poda\u0107 swoje dane: nazwisko, imi\u0119,\nklasa,<\/p>\n\n\n\n<p>&#8211; odczyta\u0107 numer ksi\u0105\u017cki, kt\u00f3r\u0105 zwraca,<\/p>\n\n\n\n<p>&#8211; od\u0142o\u017cy\u0107 ksi\u0105\u017ck\u0119 na przygotowany obok\nstolik,<\/p>\n\n\n\n<p>&#8211; poprosi\u0107 o kolejn\u0105 ksi\u0105\u017ck\u0119 do wypo\u017cyczenia\n(tylko do 10 czerwca 2020 roku),<\/p>\n\n\n\n<p><strong>CZYTELNICY NIE MOG\u0104 SAMI\nWYSZUKIWA\u0106 KSI\u0104\u017bEK !!!!!<\/strong><\/p>\n\n\n\n<p>&#8211; po wypo\u017cyczeniu ksi\u0105\u017cki czytelnik nie powinien z niej korzysta\u0107 od razu, ksi\u0105\u017cka powinna\u00a0 pole\u017ce\u0107, najlepiej 3 dni; ksi\u0105\u017cek nie wolno dezynfekowa\u0107 \u017cadnymi p\u0142ynami (zalecenia Biblioteki Narodowej); <\/p>\n\n\n\n<p>&#8211; kolejny czytelnik mo\u017ce wej\u015b\u0107 do biblioteki dopiero po opuszczeniu jej przez poprzedniego ucznia;<\/p>\n\n\n\n<p>9. Ksi\u0105\u017cki i inne materia\u0142y oddane przez czytelnika mog\u0105\nby\u0107 ponownie wypo\u017cyczone po okresie kwarantanny wynosz\u0105cym 3 dni.<\/p>\n\n\n\n<p>10. Po 10 czerwca 2020 roku biblioteka szkolna b\u0119dzie\ntylko przyjmowa\u0107 zwroty ksi\u0105\u017cek.<\/p>\n\n\n\n<p>11. Zasady oddawania podr\u0119cznik\u00f3w b\u0119d\u0105 podane w\np\u00f3\u017aniejszym terminie.<\/p>\n","protected":false},"excerpt":{"rendered":"<p>Biblioteka szkolnaNowe zasady korzystania Na podstawie: Procedur zapewnienia bezpiecze\u0144stwa w Szkole Podstawowej nr 1 im. [&hellip;]<\/p>\n","protected":false},"author":13,"featured_media":12204,"comment_status":"closed","ping_status":"open","sticky":false,"template":"","format":"standard","meta":{"footnotes":""},"categories":[1,72],"tags":[],"class_list":["post-12190","post","type-post","status-publish","format-standard","has-post-thumbnail","hentry","category-bez-kategorii","category-biblioteka"],"_links":{"self":[{"href":"https:\/\/sp1.kielce.eu\/index.php\/wp-json\/wp\/v2\/posts\/12190","targetHints":{"allow":["GET"]}}],"collection":[{"href":"https:\/\/sp1.kielce.eu\/index.php\/wp-json\/wp\/v2\/posts"}],"about":[{"href":"https:\/\/sp1.kielce.eu\/index.php\/wp-json\/wp\/v2\/types\/post"}],"author":[{"embeddable":true,"href":"https:\/\/sp1.kielce.eu\/index.php\/wp-json\/wp\/v2\/users\/13"}],"replies":[{"embeddable":true,"href":"https:\/\/sp1.kielce.eu\/index.php\/wp-json\/wp\/v2\/comments?post=12190"}],"version-history":[{"count":14,"href":"https:\/\/sp1.kielce.eu\/index.php\/wp-json\/wp\/v2\/posts\/12190\/revisions"}],"predecessor-version":[{"id":12205,"href":"https:\/\/sp1.kielce.eu\/index.php\/wp-json\/wp\/v2\/posts\/12190\/revisions\/12205"}],"wp:featuredmedia":[{"embeddable":true,"href":"https:\/\/sp1.kielce.eu\/index.php\/wp-json\/wp\/v2\/media\/12204"}],"wp:attachment":[{"href":"https:\/\/sp1.kielce.eu\/index.php\/wp-json\/wp\/v2\/media?parent=12190"}],"wp:term":[{"taxonomy":"category","embeddable":true,"href":"https:\/\/sp1.kielce.eu\/index.php\/wp-json\/wp\/v2\/categories?post=12190"},{"taxonomy":"post_tag","embeddable":true,"href":"https:\/\/sp1.kielce.eu\/index.php\/wp-json\/wp\/v2\/tags?post=12190"}],"curies":[{"name":"wp","href":"https:\/\/api.w.org\/{rel}","templated":true}]}}