{"id":12135,"date":"2020-05-15T22:05:17","date_gmt":"2020-05-15T20:05:17","guid":{"rendered":"http:\/\/sp1.kielce.eu\/?p=12135"},"modified":"2020-05-15T22:06:07","modified_gmt":"2020-05-15T20:06:07","slug":"biblioteka-szkolna-poleca-3","status":"publish","type":"post","link":"https:\/\/sp1.kielce.eu\/index.php\/2020\/05\/15\/biblioteka-szkolna-poleca-3\/","title":{"rendered":"Biblioteka szkolna poleca!"},"content":{"rendered":"\n<p>Tym razem polecamy Wam odrobin\u0119 sensacji i&nbsp;historii. Ksi\u0105\u017cka pt. <strong>\u201eAda i&nbsp;tajemnica Galla<\/strong> <strong>Anonima\u201d<\/strong>, autorstwa Gra\u017cyny B\u0105kiewicz, opowiada o&nbsp;przygodach dziewczynki, kt\u00f3ra potrafi przenosi\u0107 si\u0119 w&nbsp;czasie. Ada trafia do skryptorium, w&nbsp;kt\u00f3rym kronikarz Gall Anonim w\u0142a\u015bnie spisuje dzieje Polski. Jak si\u0119 okazuje, nie jest to \u0142atwa sprawa. Niekt\u00f3rym osobom zale\u017cy na \u201einnym\u201d przedstawieniu naszej historii. Ada musi sta\u0107 si\u0119 przebieg\u0142ym detektywem, aby powstrzyma\u0107 fatalny bieg zdarze\u0144. Czy jej si\u0119 to uda i&nbsp;czy Gall Anonim pisa\u0142 prawd\u0119? Si\u0119gnijcie do ksi\u0105\u017cki i&nbsp;przekonajcie si\u0119 sami. W&nbsp;serii \u201eA to historia!\u201d znajdziecie te\u017c inne ciekawe ksi\u0105\u017cki, np. \u201eSze\u015b\u0107 palc\u00f3w Warne\u0144czyka\u201d, \u201eAda stra\u017cniczka skarbu\u201d.<br>Kto nie zd\u0105\u017cy dotrze\u0107 do tej ksi\u0105\u017cki przed wakacjami, b\u0119dzie m\u00f3g\u0142 znale\u017a\u0107 j\u0105 w&nbsp;szkolnej bibliotece po wakacjach. Zostanie ona zakupiona w&nbsp;ramach Narodowego Programu Rozwoju Czytelnictwa.<\/p>\n\n\n\n<p style=\"text-align:right\">Wasze bibliotekarki.<\/p>\n","protected":false},"excerpt":{"rendered":"<p>Tym razem polecamy Wam odrobin\u0119 sensacji i&nbsp;historii. Ksi\u0105\u017cka pt. \u201eAda i&nbsp;tajemnica Galla Anonima\u201d, autorstwa Gra\u017cyny [&hellip;]<\/p>\n","protected":false},"author":13,"featured_media":12136,"comment_status":"closed","ping_status":"open","sticky":false,"template":"","format":"standard","meta":{"footnotes":""},"categories":[72],"tags":[],"class_list":["post-12135","post","type-post","status-publish","format-standard","has-post-thumbnail","hentry","category-biblioteka"],"_links":{"self":[{"href":"https:\/\/sp1.kielce.eu\/index.php\/wp-json\/wp\/v2\/posts\/12135","targetHints":{"allow":["GET"]}}],"collection":[{"href":"https:\/\/sp1.kielce.eu\/index.php\/wp-json\/wp\/v2\/posts"}],"about":[{"href":"https:\/\/sp1.kielce.eu\/index.php\/wp-json\/wp\/v2\/types\/post"}],"author":[{"embeddable":true,"href":"https:\/\/sp1.kielce.eu\/index.php\/wp-json\/wp\/v2\/users\/13"}],"replies":[{"embeddable":true,"href":"https:\/\/sp1.kielce.eu\/index.php\/wp-json\/wp\/v2\/comments?post=12135"}],"version-history":[{"count":2,"href":"https:\/\/sp1.kielce.eu\/index.php\/wp-json\/wp\/v2\/posts\/12135\/revisions"}],"predecessor-version":[{"id":12138,"href":"https:\/\/sp1.kielce.eu\/index.php\/wp-json\/wp\/v2\/posts\/12135\/revisions\/12138"}],"wp:featuredmedia":[{"embeddable":true,"href":"https:\/\/sp1.kielce.eu\/index.php\/wp-json\/wp\/v2\/media\/12136"}],"wp:attachment":[{"href":"https:\/\/sp1.kielce.eu\/index.php\/wp-json\/wp\/v2\/media?parent=12135"}],"wp:term":[{"taxonomy":"category","embeddable":true,"href":"https:\/\/sp1.kielce.eu\/index.php\/wp-json\/wp\/v2\/categories?post=12135"},{"taxonomy":"post_tag","embeddable":true,"href":"https:\/\/sp1.kielce.eu\/index.php\/wp-json\/wp\/v2\/tags?post=12135"}],"curies":[{"name":"wp","href":"https:\/\/api.w.org\/{rel}","templated":true}]}}