{"id":12129,"date":"2020-05-14T10:47:33","date_gmt":"2020-05-14T08:47:33","guid":{"rendered":"http:\/\/sp1.kielce.eu\/?p=12129"},"modified":"2020-05-14T10:50:49","modified_gmt":"2020-05-14T08:50:49","slug":"zapisy-dzieci-do-swietlicy","status":"publish","type":"post","link":"https:\/\/sp1.kielce.eu\/index.php\/2020\/05\/14\/zapisy-dzieci-do-swietlicy\/","title":{"rendered":"Zapisy dzieci do \u015bwietlicy"},"content":{"rendered":"\n<p>Rodzice zainteresowani zapisem dzieci do \u015bwietlicy na rok szkolny  2020\/2021 proszeni s\u0105 o wype\u0142nienie karty zg\u0142oszenia i dostarczenie do sekretariatu SP 1 do 15 czerwca  2020r.(osobi\u015bcie b\u0105d\u017a drog\u0105 elektroniczn\u0105). <br>Druk karty zg\u0142oszenia do pobrania znajduje si\u0119 w zak\u0142adce informacje &#8211;  \u015bwietlica. <br>Karta zg\u0142oszenia dost\u0119pna r\u00f3wnie\u017c w sekretariacie szko\u0142y. <\/p>\n\n\n\n<p><a href=\"http:\/\/sp1.kielce.eu\/wp-content\/uploads\/2020\/05\/swietlica-karta.docx\">Karta zg\u0142oszenia (docx)<\/a><br><a href=\"http:\/\/sp1.kielce.eu\/wp-content\/uploads\/2020\/05\/swietlica-karta.pdf\">Karta zg\u0142oszenia (pdf)<\/a><\/p>\n\n\n\n<p style=\"text-align:right\">Kierownik \u015bwietlicy<br>El\u017cbieta Szymczyk<\/p>\n","protected":false},"excerpt":{"rendered":"<p>Rodzice zainteresowani zapisem dzieci do \u015bwietlicy na rok szkolny 2020\/2021 proszeni s\u0105 o wype\u0142nienie karty [&hellip;]<\/p>\n","protected":false},"author":4,"featured_media":1790,"comment_status":"closed","ping_status":"open","sticky":false,"template":"","format":"standard","meta":{"footnotes":""},"categories":[1],"tags":[],"class_list":["post-12129","post","type-post","status-publish","format-standard","has-post-thumbnail","hentry","category-bez-kategorii"],"_links":{"self":[{"href":"https:\/\/sp1.kielce.eu\/index.php\/wp-json\/wp\/v2\/posts\/12129","targetHints":{"allow":["GET"]}}],"collection":[{"href":"https:\/\/sp1.kielce.eu\/index.php\/wp-json\/wp\/v2\/posts"}],"about":[{"href":"https:\/\/sp1.kielce.eu\/index.php\/wp-json\/wp\/v2\/types\/post"}],"author":[{"embeddable":true,"href":"https:\/\/sp1.kielce.eu\/index.php\/wp-json\/wp\/v2\/users\/4"}],"replies":[{"embeddable":true,"href":"https:\/\/sp1.kielce.eu\/index.php\/wp-json\/wp\/v2\/comments?post=12129"}],"version-history":[{"count":2,"href":"https:\/\/sp1.kielce.eu\/index.php\/wp-json\/wp\/v2\/posts\/12129\/revisions"}],"predecessor-version":[{"id":12132,"href":"https:\/\/sp1.kielce.eu\/index.php\/wp-json\/wp\/v2\/posts\/12129\/revisions\/12132"}],"wp:featuredmedia":[{"embeddable":true,"href":"https:\/\/sp1.kielce.eu\/index.php\/wp-json\/wp\/v2\/media\/1790"}],"wp:attachment":[{"href":"https:\/\/sp1.kielce.eu\/index.php\/wp-json\/wp\/v2\/media?parent=12129"}],"wp:term":[{"taxonomy":"category","embeddable":true,"href":"https:\/\/sp1.kielce.eu\/index.php\/wp-json\/wp\/v2\/categories?post=12129"},{"taxonomy":"post_tag","embeddable":true,"href":"https:\/\/sp1.kielce.eu\/index.php\/wp-json\/wp\/v2\/tags?post=12129"}],"curies":[{"name":"wp","href":"https:\/\/api.w.org\/{rel}","templated":true}]}}