{"id":12065,"date":"2020-05-05T13:09:10","date_gmt":"2020-05-05T11:09:10","guid":{"rendered":"http:\/\/sp1.kielce.eu\/?p=12065"},"modified":"2020-05-05T13:09:10","modified_gmt":"2020-05-05T11:09:10","slug":"narodowy-program-rozwoju-czytelnictwa","status":"publish","type":"post","link":"https:\/\/sp1.kielce.eu\/index.php\/2020\/05\/05\/narodowy-program-rozwoju-czytelnictwa\/","title":{"rendered":"Narodowy Program Rozwoju Czytelnictwa"},"content":{"rendered":"\n<p>Mi\u0142o nam poinformowa\u0107, \u017ce biblioteka Szko\u0142y Podstawowej nr 1 im. Stanis\u0142awa Staszica w Kielcach otrzyma\u0142a wsparcie finansowe w ramach<\/p>\n\n\n\n<p style=\"text-align:center\"><strong>&#8222;Narodowego Programu Rozwoju Czytelnictwa&#8221;<\/strong><br><strong>\u00a0edycja 2019\/2020!<\/strong><\/p>\n\n\n\n<p>Celem og\u00f3lnym Programu jest:<br><strong>Wzmocnienie aktywno\u015bci czytelniczej spo\u0142ecze\u0144stwa oraz rozw\u00f3j bibliotek w Polsce.<\/strong><br>Nasza szko\u0142a skorzysta z <strong>Priorytetu 3 Rozwijanie zainteresowa\u0144 uczni\u00f3w przez promowanie<\/strong> <strong>i wspieranie rozwoju czytelnictwa w\u015br\u00f3d dzieci i m\u0142odzie\u017cy, w tym zakup nowo\u015bci wydawniczych.<\/strong><\/p>\n\n\n\n<p>Realizacja w\/w Priorytetu b\u0119dzie mia\u0142a wp\u0142yw na:<\/p>\n\n\n\n<p>1. Uatrakcyjnienie ksi\u0119gozbior\u00f3w bibliotek szkolnych oraz\nwzmocnienie potencja\u0142u i roli bibliotek szkolnych.<\/p>\n\n\n\n<p>2. Zwi\u0119kszenie dost\u0119pu uczni\u00f3w do atrakcyjnych ksi\u0105\u017cek o tematyce bliskiej ich wsp\u00f3\u0142czesnym do\u015bwiadczeniom w poznawaniu i\u00a0rozumieniu otaczaj\u0105cego \u015bwiata.<\/p>\n\n\n\n<p>3. Zwi\u0119kszenie atrakcyjno\u015bci oferty bibliotek szkolnych przez\nzwi\u0119kszenie udzia\u0142u nowo\u015bci wydawniczych (ksi\u0105\u017cek nieb\u0119d\u0105cych podr\u0119cznikami) w\nzbiorach tych bibliotek.<\/p>\n\n\n\n<p>4. Rozw\u00f3j wsp\u00f3\u0142pracy pomi\u0119dzy szko\u0142ami, bibliotekami\npedagogicznymi i bibliotekami publicznymi.<\/p>\n\n\n\n<p style=\"text-align:right\">Bibliotekarki:<br>Renata Kozie\u0142<br>Kamila Kami\u0144ska<\/p>\n","protected":false},"excerpt":{"rendered":"<p>Mi\u0142o nam poinformowa\u0107, \u017ce biblioteka Szko\u0142y Podstawowej nr 1 im. Stanis\u0142awa Staszica w Kielcach otrzyma\u0142a [&hellip;]<\/p>\n","protected":false},"author":13,"featured_media":12068,"comment_status":"closed","ping_status":"open","sticky":false,"template":"","format":"standard","meta":{"footnotes":""},"categories":[1,36,72],"tags":[],"class_list":["post-12065","post","type-post","status-publish","format-standard","has-post-thumbnail","hentry","category-bez-kategorii","category-wydarzenia","category-biblioteka"],"_links":{"self":[{"href":"https:\/\/sp1.kielce.eu\/index.php\/wp-json\/wp\/v2\/posts\/12065","targetHints":{"allow":["GET"]}}],"collection":[{"href":"https:\/\/sp1.kielce.eu\/index.php\/wp-json\/wp\/v2\/posts"}],"about":[{"href":"https:\/\/sp1.kielce.eu\/index.php\/wp-json\/wp\/v2\/types\/post"}],"author":[{"embeddable":true,"href":"https:\/\/sp1.kielce.eu\/index.php\/wp-json\/wp\/v2\/users\/13"}],"replies":[{"embeddable":true,"href":"https:\/\/sp1.kielce.eu\/index.php\/wp-json\/wp\/v2\/comments?post=12065"}],"version-history":[{"count":2,"href":"https:\/\/sp1.kielce.eu\/index.php\/wp-json\/wp\/v2\/posts\/12065\/revisions"}],"predecessor-version":[{"id":12067,"href":"https:\/\/sp1.kielce.eu\/index.php\/wp-json\/wp\/v2\/posts\/12065\/revisions\/12067"}],"wp:featuredmedia":[{"embeddable":true,"href":"https:\/\/sp1.kielce.eu\/index.php\/wp-json\/wp\/v2\/media\/12068"}],"wp:attachment":[{"href":"https:\/\/sp1.kielce.eu\/index.php\/wp-json\/wp\/v2\/media?parent=12065"}],"wp:term":[{"taxonomy":"category","embeddable":true,"href":"https:\/\/sp1.kielce.eu\/index.php\/wp-json\/wp\/v2\/categories?post=12065"},{"taxonomy":"post_tag","embeddable":true,"href":"https:\/\/sp1.kielce.eu\/index.php\/wp-json\/wp\/v2\/tags?post=12065"}],"curies":[{"name":"wp","href":"https:\/\/api.w.org\/{rel}","templated":true}]}}