{"id":12032,"date":"2020-04-29T09:43:56","date_gmt":"2020-04-29T07:43:56","guid":{"rendered":"http:\/\/sp1.kielce.eu\/?p=12032"},"modified":"2020-07-05T13:01:29","modified_gmt":"2020-07-05T11:01:29","slug":"wyniki-w-ogolnopolskim-konkursie-galileo-z-chemii-i-fizyki","status":"publish","type":"post","link":"https:\/\/sp1.kielce.eu\/index.php\/2020\/04\/29\/wyniki-w-ogolnopolskim-konkursie-galileo-z-chemii-i-fizyki\/","title":{"rendered":"Wyniki w Og\u00f3lnopolskim Konkursie GALILEO  z chemii i fizyki"},"content":{"rendered":"\n<p>Uczniowie klas\nsi\u00f3dmych i \u00f3smych naszej szko\u0142y w marcu bie\u017c\u0105cego roku wzi\u0119li udzia\u0142 <br>\nw Og\u00f3lnopolskim Konkursie Chemicznym oraz w Og\u00f3lnopolskim Konkursie Fizycznym. Konkurs\npisa\u0142o \u0142\u0105cznie 23 osoby (15 uczestnik\u00f3w z chemii oraz 8 z fizyki). Mi\u0142o nam\npoinformowa\u0107, \u017ce uzyskali oni bardzo wysokie noty. Pojawi\u0142 si\u0119 tak\u017ce tytu\u0142\nlaureata oraz wyr\u00f3\u017cnienie. <\/p>\n\n\n\n<p>Dyplom\nlaureata &nbsp;z chemii i fizyki uzyska\u0142 <strong>Wojciech Graba<\/strong>, ucze\u0144 klasy 7c, kt\u00f3ry <br>\nw og\u00f3lnopolskim rankingu uplasowa\u0142 si\u0119 na 9 miejscu z\nchemii oraz na 6 miejscu z fizyki. <br>\n&nbsp;&nbsp;&nbsp;&nbsp;&nbsp;&nbsp;&nbsp;&nbsp;&nbsp;&nbsp;&nbsp;&nbsp;&nbsp; Wyr\u00f3\u017cnienie z chemii\notrzyma\u0142 <strong>Szymon \u017bo\u0144ca<\/strong>&nbsp; z klasy 7a i zaj\u0105\u0142 miejsce 12 w kraju.<\/p>\n\n\n\n<p>W pierwszej\ndwudziestce w wynikach og\u00f3lnopolskich z chemii uplasowa\u0142a si\u0119 tak\u017ce <strong>Bianka Be\u0144<\/strong>(kl. 7c), <strong>Marcelina K\u0119pa<\/strong>(kl. 7a) oraz <strong>Malwina Plech<\/strong> (7c) \u2013 dziewczyny\notrzyma\u0142y dyplomy uznania.<\/p>\n\n\n\n<p>Z fizyki wpierwszej\ndwudziestce znalaz\u0142a si\u0119 Dorota Piwko. <\/p>\n\n\n\n<p>Wszystkim\nbardzo serdecznie gratulujemy i \u017cyczymy dalszych sukces\u00f3w!<\/p>\n\n\n\n<p>&nbsp;&nbsp;&nbsp;&nbsp;&nbsp;&nbsp;&nbsp;&nbsp;&nbsp;&nbsp;&nbsp;&nbsp;&nbsp;&nbsp;&nbsp;&nbsp;&nbsp;&nbsp;&nbsp;&nbsp;&nbsp;&nbsp;&nbsp;&nbsp;&nbsp;&nbsp;&nbsp;&nbsp;&nbsp;&nbsp;&nbsp;&nbsp;&nbsp;&nbsp;&nbsp;&nbsp;&nbsp;&nbsp;&nbsp;&nbsp;&nbsp;&nbsp;&nbsp;&nbsp;&nbsp;&nbsp;&nbsp;&nbsp;&nbsp;&nbsp;&nbsp;&nbsp;&nbsp;&nbsp;&nbsp;&nbsp;&nbsp;&nbsp;&nbsp;&nbsp;&nbsp; Anna Stradomska \u2013 nauczyciel chemii<\/p>\n\n\n\n<p>&nbsp;&nbsp;&nbsp;&nbsp;&nbsp;&nbsp;&nbsp;&nbsp;&nbsp;&nbsp;&nbsp;&nbsp;&nbsp;&nbsp;&nbsp;&nbsp;&nbsp;&nbsp;&nbsp;&nbsp;&nbsp;&nbsp;&nbsp;&nbsp;&nbsp;&nbsp;&nbsp;&nbsp;&nbsp;&nbsp;&nbsp;&nbsp;&nbsp;&nbsp;&nbsp;&nbsp;&nbsp;&nbsp;&nbsp;&nbsp;&nbsp;&nbsp;&nbsp;&nbsp;&nbsp;&nbsp;&nbsp;&nbsp;&nbsp;&nbsp;&nbsp;&nbsp;&nbsp;&nbsp;&nbsp;&nbsp;&nbsp;&nbsp;&nbsp;&nbsp;&nbsp;&nbsp;&nbsp; El\u017cbieta Biesiada \u2013 nauczyciel fizyki<\/p>\n","protected":false},"excerpt":{"rendered":"<p>Uczniowie klas si\u00f3dmych i \u00f3smych naszej szko\u0142y w marcu bie\u017c\u0105cego roku wzi\u0119li udzia\u0142 w Og\u00f3lnopolskim [&hellip;]<\/p>\n","protected":false},"author":5,"featured_media":12033,"comment_status":"closed","ping_status":"open","sticky":false,"template":"","format":"standard","meta":{"footnotes":""},"categories":[10,21],"tags":[],"class_list":["post-12032","post","type-post","status-publish","format-standard","has-post-thumbnail","hentry","category-konkursy-przedmiotowe","category-konkursy"],"_links":{"self":[{"href":"https:\/\/sp1.kielce.eu\/index.php\/wp-json\/wp\/v2\/posts\/12032","targetHints":{"allow":["GET"]}}],"collection":[{"href":"https:\/\/sp1.kielce.eu\/index.php\/wp-json\/wp\/v2\/posts"}],"about":[{"href":"https:\/\/sp1.kielce.eu\/index.php\/wp-json\/wp\/v2\/types\/post"}],"author":[{"embeddable":true,"href":"https:\/\/sp1.kielce.eu\/index.php\/wp-json\/wp\/v2\/users\/5"}],"replies":[{"embeddable":true,"href":"https:\/\/sp1.kielce.eu\/index.php\/wp-json\/wp\/v2\/comments?post=12032"}],"version-history":[{"count":2,"href":"https:\/\/sp1.kielce.eu\/index.php\/wp-json\/wp\/v2\/posts\/12032\/revisions"}],"predecessor-version":[{"id":12589,"href":"https:\/\/sp1.kielce.eu\/index.php\/wp-json\/wp\/v2\/posts\/12032\/revisions\/12589"}],"wp:featuredmedia":[{"embeddable":true,"href":"https:\/\/sp1.kielce.eu\/index.php\/wp-json\/wp\/v2\/media\/12033"}],"wp:attachment":[{"href":"https:\/\/sp1.kielce.eu\/index.php\/wp-json\/wp\/v2\/media?parent=12032"}],"wp:term":[{"taxonomy":"category","embeddable":true,"href":"https:\/\/sp1.kielce.eu\/index.php\/wp-json\/wp\/v2\/categories?post=12032"},{"taxonomy":"post_tag","embeddable":true,"href":"https:\/\/sp1.kielce.eu\/index.php\/wp-json\/wp\/v2\/tags?post=12032"}],"curies":[{"name":"wp","href":"https:\/\/api.w.org\/{rel}","templated":true}]}}