{"id":12022,"date":"2020-04-29T09:36:17","date_gmt":"2020-04-29T07:36:17","guid":{"rendered":"http:\/\/sp1.kielce.eu\/?p=12022"},"modified":"2020-04-29T09:40:58","modified_gmt":"2020-04-29T07:40:58","slug":"europejski-dzien-sniadania-2","status":"publish","type":"post","link":"https:\/\/sp1.kielce.eu\/index.php\/2020\/04\/29\/europejski-dzien-sniadania-2\/","title":{"rendered":"Europejski Dzie\u0144 \u015aniadania"},"content":{"rendered":"\n<p>Dzi\u0119kujemy uczniom, kt\u00f3rzy w\u0142\u0105czyli si\u0119 do akcji i uczcili to\n\u201enietypowe \u015bwi\u0119to\u201d \u2013 jedz\u0105c \u015bniadanie. Mamy nadziej\u0119, \u017ce ten najwa\u017cniejszy\nposi\u0142ek dnia nie tylko od \u015bwi\u0119ta spo\u017cywaj\u0105 wszyscy uczniowie, bior\u0105c pod uwag\u0119\njego znaczenie: dzia\u0142a na zdrowie, daje energi\u0119, powoduje rozruszanie\norganizmu, korzystnie wp\u0142ywa na prac\u0119 umys\u0142ow\u0105 \u2013 a nauka przecie\u017c do niej si\u0119\nzalicza.<\/p>\n\n\n\n<p>&nbsp;&nbsp;&nbsp;&nbsp;&nbsp;&nbsp;&nbsp;&nbsp;&nbsp;&nbsp;&nbsp; Kilka os\u00f3b\nprzes\u0142a\u0142o zdj\u0119cia ze swojego \u015bniadania, a my dodatkowo si\u0119gn\u0119\u0142y\u015bmy do archiwum\nnaszej strony internetowej, by przypomnie\u0107, \u017ce zdrowe i w\u0142a\u015bciwe od\u017cywianie to\ndla naszych uczni\u00f3w nie nowo\u015b\u0107, ale warto przypomina\u0107 o jego znaczeniu.<\/p>\n\n\n\n<p>&nbsp;&nbsp;&nbsp;&nbsp;&nbsp;&nbsp;&nbsp;&nbsp;&nbsp;&nbsp;&nbsp;&nbsp;&nbsp;&nbsp;&nbsp;&nbsp;&nbsp;&nbsp;&nbsp;&nbsp;&nbsp;&nbsp;&nbsp;&nbsp;&nbsp;&nbsp;&nbsp;&nbsp;&nbsp;&nbsp;&nbsp;&nbsp;&nbsp;&nbsp;&nbsp;&nbsp;&nbsp;&nbsp;&nbsp;&nbsp;&nbsp;&nbsp;&nbsp;&nbsp;&nbsp;&nbsp;&nbsp;&nbsp;&nbsp;&nbsp;&nbsp;&nbsp;&nbsp;&nbsp;&nbsp;&nbsp;&nbsp;&nbsp;&nbsp;&nbsp;&nbsp; &nbsp;&nbsp;&nbsp;&nbsp;&nbsp;&nbsp;&nbsp;&nbsp;&nbsp;&nbsp;&nbsp;&nbsp;&nbsp;&nbsp;&nbsp;&nbsp;&nbsp;&nbsp;&nbsp;&nbsp;&nbsp;&nbsp;&nbsp;&nbsp;&nbsp; &nbsp;Renata Kozie\u0142 &#8211; opiekun SU<\/p>\n\n\n\n<p>&nbsp;&nbsp;&nbsp;&nbsp;&nbsp;&nbsp;&nbsp;&nbsp;&nbsp; &nbsp;&nbsp;&nbsp;&nbsp;&nbsp;&nbsp;&nbsp;&nbsp;&nbsp;&nbsp;&nbsp;&nbsp;&nbsp;&nbsp;&nbsp;&nbsp;&nbsp;&nbsp;&nbsp;&nbsp;&nbsp;&nbsp;&nbsp;&nbsp;&nbsp;&nbsp;&nbsp;&nbsp;&nbsp;&nbsp;&nbsp;&nbsp;&nbsp;&nbsp;&nbsp;&nbsp;&nbsp;&nbsp;&nbsp;&nbsp;&nbsp;        &nbsp;&nbsp;&nbsp;&nbsp;&nbsp;&nbsp;&nbsp;&nbsp;&nbsp;&nbsp;&nbsp;&nbsp;&nbsp;&nbsp;&nbsp;&nbsp;&nbsp;&nbsp;&nbsp;&nbsp;&nbsp;&nbsp;&nbsp;&nbsp;&nbsp;&nbsp;&nbsp;&nbsp;&nbsp;&nbsp;&nbsp; &nbsp;Beata Smag\u00f3r \u2013 pedagog<\/p>\n\n\n\n<ul class=\"wp-block-gallery columns-3 is-cropped wp-block-gallery-1 is-layout-flex wp-block-gallery-is-layout-flex\"><li class=\"blocks-gallery-item\"><figure><a href=\"http:\/\/sp1.kielce.eu\/wp-content\/uploads\/2020\/04\/Bez-tytu\u0142u-1-1200x900.jpg\"><img loading=\"lazy\" decoding=\"async\" width=\"1200\" height=\"900\" src=\"http:\/\/sp1.kielce.eu\/wp-content\/uploads\/2020\/04\/Bez-tytu\u0142u-1-1200x900.jpg\" alt=\"\" data-id=\"12023\" data-link=\"http:\/\/sp1.kielce.eu\/?attachment_id=12023\" class=\"wp-image-12023\" srcset=\"https:\/\/sp1.kielce.eu\/wp-content\/uploads\/2020\/04\/Bez-tytu\u0142u-1-1200x900.jpg 1200w, https:\/\/sp1.kielce.eu\/wp-content\/uploads\/2020\/04\/Bez-tytu\u0142u-1-300x225.jpg 300w, https:\/\/sp1.kielce.eu\/wp-content\/uploads\/2020\/04\/Bez-tytu\u0142u-1-768x576.jpg 768w, https:\/\/sp1.kielce.eu\/wp-content\/uploads\/2020\/04\/Bez-tytu\u0142u-1-820x615.jpg 820w\" sizes=\"auto, (max-width: 1200px) 100vw, 1200px\" \/><\/a><figcaption>1<\/figcaption><\/figure><\/li><li class=\"blocks-gallery-item\"><figure><a href=\"http:\/\/sp1.kielce.eu\/wp-content\/uploads\/2020\/04\/Bez-tytu\u0142u1-1200x900.jpg\"><img loading=\"lazy\" decoding=\"async\" width=\"1200\" height=\"900\" src=\"http:\/\/sp1.kielce.eu\/wp-content\/uploads\/2020\/04\/Bez-tytu\u0142u1-1200x900.jpg\" alt=\"\" data-id=\"12024\" data-link=\"http:\/\/sp1.kielce.eu\/?attachment_id=12024\" class=\"wp-image-12024\" srcset=\"https:\/\/sp1.kielce.eu\/wp-content\/uploads\/2020\/04\/Bez-tytu\u0142u1-1200x900.jpg 1200w, https:\/\/sp1.kielce.eu\/wp-content\/uploads\/2020\/04\/Bez-tytu\u0142u1-300x225.jpg 300w, https:\/\/sp1.kielce.eu\/wp-content\/uploads\/2020\/04\/Bez-tytu\u0142u1-768x576.jpg 768w, https:\/\/sp1.kielce.eu\/wp-content\/uploads\/2020\/04\/Bez-tytu\u0142u1-820x615.jpg 820w\" sizes=\"auto, (max-width: 1200px) 100vw, 1200px\" \/><\/a><figcaption>2<\/figcaption><\/figure><\/li><li class=\"blocks-gallery-item\"><figure><a href=\"http:\/\/sp1.kielce.eu\/wp-content\/uploads\/2020\/04\/Bez-tytu\u0142u2-1200x900.jpg\"><img loading=\"lazy\" decoding=\"async\" width=\"1200\" height=\"900\" src=\"http:\/\/sp1.kielce.eu\/wp-content\/uploads\/2020\/04\/Bez-tytu\u0142u2-1200x900.jpg\" alt=\"\" data-id=\"12025\" data-link=\"http:\/\/sp1.kielce.eu\/?attachment_id=12025\" class=\"wp-image-12025\" srcset=\"https:\/\/sp1.kielce.eu\/wp-content\/uploads\/2020\/04\/Bez-tytu\u0142u2-1200x900.jpg 1200w, https:\/\/sp1.kielce.eu\/wp-content\/uploads\/2020\/04\/Bez-tytu\u0142u2-300x225.jpg 300w, https:\/\/sp1.kielce.eu\/wp-content\/uploads\/2020\/04\/Bez-tytu\u0142u2-768x576.jpg 768w, https:\/\/sp1.kielce.eu\/wp-content\/uploads\/2020\/04\/Bez-tytu\u0142u2-820x615.jpg 820w\" sizes=\"auto, (max-width: 1200px) 100vw, 1200px\" \/><\/a><figcaption>3<\/figcaption><\/figure><\/li><li class=\"blocks-gallery-item\"><figure><a href=\"http:\/\/sp1.kielce.eu\/wp-content\/uploads\/2020\/04\/Bez-tytu\u0142u3.jpg\"><img loading=\"lazy\" decoding=\"async\" width=\"1200\" height=\"726\" src=\"http:\/\/sp1.kielce.eu\/wp-content\/uploads\/2020\/04\/Bez-tytu\u0142u3.jpg\" alt=\"\" data-id=\"12026\" data-link=\"http:\/\/sp1.kielce.eu\/?attachment_id=12026\" class=\"wp-image-12026\" srcset=\"https:\/\/sp1.kielce.eu\/wp-content\/uploads\/2020\/04\/Bez-tytu\u0142u3.jpg 1200w, https:\/\/sp1.kielce.eu\/wp-content\/uploads\/2020\/04\/Bez-tytu\u0142u3-300x182.jpg 300w, https:\/\/sp1.kielce.eu\/wp-content\/uploads\/2020\/04\/Bez-tytu\u0142u3-768x465.jpg 768w, https:\/\/sp1.kielce.eu\/wp-content\/uploads\/2020\/04\/Bez-tytu\u0142u3-820x496.jpg 820w\" sizes=\"auto, (max-width: 1200px) 100vw, 1200px\" \/><\/a><figcaption>4<\/figcaption><\/figure><\/li><li class=\"blocks-gallery-item\"><figure><a href=\"http:\/\/sp1.kielce.eu\/wp-content\/uploads\/2020\/04\/Bez-tytu\u0142u-2-1285x900.jpg\"><img loading=\"lazy\" decoding=\"async\" width=\"1285\" height=\"900\" src=\"http:\/\/sp1.kielce.eu\/wp-content\/uploads\/2020\/04\/Bez-tytu\u0142u-2-1285x900.jpg\" alt=\"\" data-id=\"12030\" data-link=\"http:\/\/sp1.kielce.eu\/index.php\/2020\/04\/29\/europejski-dzien-sniadania-2\/bez-tytulu-2-2\/\" class=\"wp-image-12030\" srcset=\"https:\/\/sp1.kielce.eu\/wp-content\/uploads\/2020\/04\/Bez-tytu\u0142u-2-1285x900.jpg 1285w, https:\/\/sp1.kielce.eu\/wp-content\/uploads\/2020\/04\/Bez-tytu\u0142u-2-300x210.jpg 300w, https:\/\/sp1.kielce.eu\/wp-content\/uploads\/2020\/04\/Bez-tytu\u0142u-2-768x538.jpg 768w, https:\/\/sp1.kielce.eu\/wp-content\/uploads\/2020\/04\/Bez-tytu\u0142u-2-820x574.jpg 820w\" sizes=\"auto, (max-width: 1285px) 100vw, 1285px\" \/><\/a><figcaption>5<\/figcaption><\/figure><\/li><\/ul>\n","protected":false},"excerpt":{"rendered":"<p>Dzi\u0119kujemy uczniom, kt\u00f3rzy w\u0142\u0105czyli si\u0119 do akcji i uczcili to \u201enietypowe \u015bwi\u0119to\u201d \u2013 jedz\u0105c \u015bniadanie. [&hellip;]<\/p>\n","protected":false},"author":5,"featured_media":12023,"comment_status":"closed","ping_status":"open","sticky":false,"template":"","format":"standard","meta":{"footnotes":""},"categories":[36],"tags":[],"class_list":["post-12022","post","type-post","status-publish","format-standard","has-post-thumbnail","hentry","category-wydarzenia"],"_links":{"self":[{"href":"https:\/\/sp1.kielce.eu\/index.php\/wp-json\/wp\/v2\/posts\/12022","targetHints":{"allow":["GET"]}}],"collection":[{"href":"https:\/\/sp1.kielce.eu\/index.php\/wp-json\/wp\/v2\/posts"}],"about":[{"href":"https:\/\/sp1.kielce.eu\/index.php\/wp-json\/wp\/v2\/types\/post"}],"author":[{"embeddable":true,"href":"https:\/\/sp1.kielce.eu\/index.php\/wp-json\/wp\/v2\/users\/5"}],"replies":[{"embeddable":true,"href":"https:\/\/sp1.kielce.eu\/index.php\/wp-json\/wp\/v2\/comments?post=12022"}],"version-history":[{"count":3,"href":"https:\/\/sp1.kielce.eu\/index.php\/wp-json\/wp\/v2\/posts\/12022\/revisions"}],"predecessor-version":[{"id":12031,"href":"https:\/\/sp1.kielce.eu\/index.php\/wp-json\/wp\/v2\/posts\/12022\/revisions\/12031"}],"wp:featuredmedia":[{"embeddable":true,"href":"https:\/\/sp1.kielce.eu\/index.php\/wp-json\/wp\/v2\/media\/12023"}],"wp:attachment":[{"href":"https:\/\/sp1.kielce.eu\/index.php\/wp-json\/wp\/v2\/media?parent=12022"}],"wp:term":[{"taxonomy":"category","embeddable":true,"href":"https:\/\/sp1.kielce.eu\/index.php\/wp-json\/wp\/v2\/categories?post=12022"},{"taxonomy":"post_tag","embeddable":true,"href":"https:\/\/sp1.kielce.eu\/index.php\/wp-json\/wp\/v2\/tags?post=12022"}],"curies":[{"name":"wp","href":"https:\/\/api.w.org\/{rel}","templated":true}]}}