{"id":11975,"date":"2020-04-22T13:57:59","date_gmt":"2020-04-22T11:57:59","guid":{"rendered":"http:\/\/sp1.kielce.eu\/?p=11975"},"modified":"2020-04-22T13:57:59","modified_gmt":"2020-04-22T11:57:59","slug":"znak-jakosci-europejskiego-korpusu-solidarnosci","status":"publish","type":"post","link":"https:\/\/sp1.kielce.eu\/index.php\/2020\/04\/22\/znak-jakosci-europejskiego-korpusu-solidarnosci\/","title":{"rendered":"ZNAK JAKO\u015aCI EUROPEJSKIEGO KORPUSU SOLIDARNO\u015aCI!!!"},"content":{"rendered":"\n<p>W dniu 21 kwietnia 2020 r. przeszli\u015bmy ostatni etap procedury ubiegania si\u0119 o Certyfikat Znaku Jako\u015bci Europejskiego Korpusu Solidarno\u015bci. Polega\u0142 on na ocenie merytorycznej wniosku. Spotkanie on \u2013 line odby\u0142o si\u0119 w obecno\u015bci Ekspertki Zewn\u0119trznej<br>Europejskiego Korpusu Solidarno\u015bci &#8211; Pani Mai Selan, Prezesa Zarz\u0105du Regionalnego Centrum Wolontariatu w Kielcach &#8211; Pana Macieja Ziernika, Dyrektora Szko\u0142y Podstawowej nr 1 im. Stanis\u0142awa Staszica w Kielcach &#8211; Pani \u017banety Szczepaniak, nauczyciela j\u0119zyka polskiego w SP1- Pani Doroty Broni\u015b oraz z nauczyciela j\u0119zyka angielskiego w SP1 &#8211; Pana Piotra Surmy. Pani Maja Selan mia\u0142a ju\u017c okazj\u0119 w pa\u017adzierniku go\u015bci\u0107 w naszej szkole i przygl\u0105da\u0107 si\u0119 jej funkcjonowaniu oraz podj\u0119tym dzia\u0142aniom. Po ostatniej rozmowie weryfikacyjnej z entuzjazmem popar\u0142a nasz wniosek i poinformowa\u0142a nas, \u017ce oficjalny dokument w postaci certyfikatu wp\u0142ynie do palc\u00f3wki pod koniec maja. <br><br>Jeste\u015bmy dumni, \u017ce uda\u0142o nam si\u0119 osi\u0105gn\u0105\u0107 zamierzony cel. I jak tylko unormuje si\u0119 sytuacja w kraju w zwi\u0105zku z kornawirusem, to b\u0119dziemy mogli go\u015bci\u0107 u siebie w plac\u00f3wce zagranicznych Wolontariuszy. <\/p>\n\n\n\n<p>Serdecznie dzi\u0119kujemy Prezesowi Panu Maciejowi Ziernik oraz Panu Micha\u0142owi Braun za pomoc i wsparcie przy pisaniu projektu. Dzi\u0119kujemy Pani Mai Selan za dostrze\u017cenie atut\u00f3w naszej plac\u00f3wki i jej wszechstronnych dzia\u0142a\u0144.<br><br>Wolontariat zagraniczny zapewne b\u0119dzie niesamowitym do\u015bwiadczeniem dla uczni\u00f3w i nauczycieli SP nr 1. <br><br>Przypomnijmy jeszcze raz, co my jako szko\u0142a w tym zakresie musieli\u015bmy zrobi\u0107, aby otrzyma\u0107 ZNAK JAKO\u015aCI.<br><br>Procedur\u0119 rozpocz\u0119li\u015bmy od z\u0142o\u017cenia wniosku sk\u0142adaj\u0105cego si\u0119 z 19 stron w j\u0119zyku angielskim, w kt\u00f3rym odpowiedzieli\u015bmy na wiele pyta\u0144 dotycz\u0105cych funkcjonowania naszej plac\u00f3wki. Przedstawili\u015bmy r\u00f3wnie\u017c motywacj\u0119 do podj\u0119cia wsp\u00f3\u0142pracy z Europejskim Korpusem Solidarno\u015bci oraz zaprezentowali\u015bmy propozycj\u0119 dzia\u0142a\u0144 dla wolontariuszy. Nast\u0119pnie wniosek przeszed\u0142 weryfikacj\u0119 formaln\u0105. W sobot\u0119 tj. 18 kwietnia 2020 r. przed przyst\u0105pieniem do akredytacji mieli\u015bmy szkolenie on \u2013 line z Prezesem Zarz\u0105du Regionalnego Centrum Wolontariatu w Kielcach &#8211; Panem Maciejem Ziernikiem oraz ekspertem Wsp\u00f3\u0142pracy Mi\u0119dzynarodowej &#8211; Panem Micha\u0142em Braunem. <br><br>\u201eZnak jako\u015bci to certyfikat przyznawany przez Narodow\u0105 Agencj\u0119 Europejskiego Korpusu Solidarno\u015bci, kt\u00f3ry potwierdza, \u017ce organizacja spe\u0142nia wszelkie standardy zwi\u0105zane z zapewnieniem jak najwy\u017cszej jako\u015bci realizowanych projekt\u00f3w. Dzi\u0119ki wsp\u00f3\u0142pracy z wolontariuszami plac\u00f3wka mo\u017ce rozszerza\u0107 swoj\u0105 dzia\u0142alno\u015b\u0107, podejmuj\u0105c nowe inicjatywy oraz wspiera\u0107 m\u0142odych ludzi w ich indywidualnym rozwoju, daj\u0105c im szans\u0119 na zdobycie do\u015bwiadczenia w pracy z dzie\u0107mi. Jednocze\u015bnie sam pobyt w naszej spo\u0142eczno\u015bci b\u0119dzie sprzyja\u0142 ich otwarciu na \u015bwiat oraz zapoznaniu z inn\u0105 kultur\u0105\u201d. <br><a href=\"https:\/\/eks.org.pl\/znak-jakosci\/\"> https:\/\/eks.org.pl\/znak-jakosci\/ <\/a><\/p>\n\n\n\n<p style=\"text-align:right\"><br> \u017baneta Szczepaniak<br> Dyrektor Szko\u0142y Podstawowej nr 1<\/p>\n","protected":false},"excerpt":{"rendered":"<p>W dniu 21 kwietnia 2020 r. przeszli\u015bmy ostatni etap procedury ubiegania si\u0119 o Certyfikat Znaku [&hellip;]<\/p>\n","protected":false},"author":4,"featured_media":11974,"comment_status":"closed","ping_status":"open","sticky":false,"template":"","format":"standard","meta":{"footnotes":""},"categories":[1],"tags":[],"class_list":["post-11975","post","type-post","status-publish","format-standard","has-post-thumbnail","hentry","category-bez-kategorii"],"_links":{"self":[{"href":"https:\/\/sp1.kielce.eu\/index.php\/wp-json\/wp\/v2\/posts\/11975","targetHints":{"allow":["GET"]}}],"collection":[{"href":"https:\/\/sp1.kielce.eu\/index.php\/wp-json\/wp\/v2\/posts"}],"about":[{"href":"https:\/\/sp1.kielce.eu\/index.php\/wp-json\/wp\/v2\/types\/post"}],"author":[{"embeddable":true,"href":"https:\/\/sp1.kielce.eu\/index.php\/wp-json\/wp\/v2\/users\/4"}],"replies":[{"embeddable":true,"href":"https:\/\/sp1.kielce.eu\/index.php\/wp-json\/wp\/v2\/comments?post=11975"}],"version-history":[{"count":1,"href":"https:\/\/sp1.kielce.eu\/index.php\/wp-json\/wp\/v2\/posts\/11975\/revisions"}],"predecessor-version":[{"id":11976,"href":"https:\/\/sp1.kielce.eu\/index.php\/wp-json\/wp\/v2\/posts\/11975\/revisions\/11976"}],"wp:featuredmedia":[{"embeddable":true,"href":"https:\/\/sp1.kielce.eu\/index.php\/wp-json\/wp\/v2\/media\/11974"}],"wp:attachment":[{"href":"https:\/\/sp1.kielce.eu\/index.php\/wp-json\/wp\/v2\/media?parent=11975"}],"wp:term":[{"taxonomy":"category","embeddable":true,"href":"https:\/\/sp1.kielce.eu\/index.php\/wp-json\/wp\/v2\/categories?post=11975"},{"taxonomy":"post_tag","embeddable":true,"href":"https:\/\/sp1.kielce.eu\/index.php\/wp-json\/wp\/v2\/tags?post=11975"}],"curies":[{"name":"wp","href":"https:\/\/api.w.org\/{rel}","templated":true}]}}