{"id":11966,"date":"2020-04-21T14:59:51","date_gmt":"2020-04-21T12:59:51","guid":{"rendered":"http:\/\/sp1.kielce.eu\/?p=11966"},"modified":"2020-04-21T14:59:51","modified_gmt":"2020-04-21T12:59:51","slug":"koszyczek-dla-afryki","status":"publish","type":"post","link":"https:\/\/sp1.kielce.eu\/index.php\/2020\/04\/21\/koszyczek-dla-afryki\/","title":{"rendered":"&#8222;KOSZYCZEK DLA AFRYKI&#8221;"},"content":{"rendered":"\n<p>Wraz z zako\u0144czeniem Wielkiego\nPostu zako\u0144czy\u0142a si\u0119 w naszej szkole akcja charytatywna \u2013 <em>&#8222;Koszyczek\ndla Afryki&#8221;<\/em>. Akcja trwa\u0142a od \u015arody Popielcowej a w\u0142\u0105czy\u0142y si\u0119 w ni\u0105\nca\u0142e rodziny i uczniowie Szko\u0142y Podstawowej nr 1. To dzi\u0119ki hojno\u015bci serc\nrodzic\u00f3w oraz dzi\u0119ki wra\u017cliwo\u015bci dzieci\u0119cych serc zbierali\u015bmy budy\u0144, kisiel,\nzupy w proszku i cukierki dla potrzeb misji w Kamerunie. Niestety, zawieszenie\nzaj\u0119\u0107 w szkole przerwa\u0142o nasz\u0105 akcj\u0119 ale i tak uwa\u017camy j\u0105 za wyj\u0105tkowo udan\u0105!\nObostrzenia Poczty Polskiej dotycz\u0105ce zawieszenia przyjmowania przesy\u0142ek\npocztowych do innych kraj\u00f3w nie pozwalaj\u0105 na przes\u0142anie zebranych produkt\u00f3w.\nWierzymy, \u017ce ta sytuacja szybko si\u0119 zmieni. Produkty maj\u0105 d\u0142ugi termin\nprzydatno\u015bci do spo\u017cycia wi\u0119c to przesuni\u0119cie w czasie im nie zaszkodzi. Szkoda\ntylko, \u017ce dzieci w Kamerunie nie otrzyma\u0142y tego wszystkiego na \u015awi\u0119ta\nWielkanocne. Jeszcze tylko pocieszaj\u0105ca wiadomo\u015b\u0107 dla tych, kt\u00f3rzy nie zd\u0105\u017cyli\nnic w\u0142o\u017cy\u0107 do&nbsp; <em>&#8222;Koszyczka dla\nAfryki&#8221;<\/em>. Akcja b\u0119dzie kontynuowana w przysz\u0142ym roku szkolnym! Za trud,\nofiarno\u015b\u0107 i ludzk\u0105 dobro\u0107 sk\u0142adam serdeczne podzi\u0119kowania Kochanym Rodzicom,\nca\u0142ym Rodzinom i Uczniom \u2013 <em>B\u00f3g zap\u0142a\u0107!<\/em> Niech Pan B\u00f3g wynagrodzi swoim\nobfitym b\u0142ogos\u0142awie\u0144stwem ka\u017cdy dar serca! Raz jeszcze \u2013 wielkie <em>B\u00f3g zap\u0142a\u0107!<\/em><\/p>\n\n\n\n<p style=\"text-align:right\"><em>s. Faustyna\nCzajkowska<\/em><\/p>\n\n\n\n<ul class=\"wp-block-gallery columns-3 is-cropped wp-block-gallery-1 is-layout-flex wp-block-gallery-is-layout-flex\"><li class=\"blocks-gallery-item\"><figure><a href=\"http:\/\/sp1.kielce.eu\/wp-content\/uploads\/2020\/04\/IMG_20200406_111953-Medium.jpg\"><img loading=\"lazy\" decoding=\"async\" width=\"1024\" height=\"768\" src=\"http:\/\/sp1.kielce.eu\/wp-content\/uploads\/2020\/04\/IMG_20200406_111953-Medium.jpg\" alt=\"\" data-id=\"11967\" data-link=\"http:\/\/sp1.kielce.eu\/?attachment_id=11967\" class=\"wp-image-11967\" srcset=\"https:\/\/sp1.kielce.eu\/wp-content\/uploads\/2020\/04\/IMG_20200406_111953-Medium.jpg 1024w, https:\/\/sp1.kielce.eu\/wp-content\/uploads\/2020\/04\/IMG_20200406_111953-Medium-300x225.jpg 300w, https:\/\/sp1.kielce.eu\/wp-content\/uploads\/2020\/04\/IMG_20200406_111953-Medium-768x576.jpg 768w, https:\/\/sp1.kielce.eu\/wp-content\/uploads\/2020\/04\/IMG_20200406_111953-Medium-820x615.jpg 820w\" sizes=\"auto, (max-width: 1024px) 100vw, 1024px\" \/><\/a><figcaption>1<\/figcaption><\/figure><\/li><li class=\"blocks-gallery-item\"><figure><a href=\"http:\/\/sp1.kielce.eu\/wp-content\/uploads\/2020\/04\/IMG_20200406_112250-Medium.jpg\"><img loading=\"lazy\" decoding=\"async\" width=\"1024\" height=\"768\" src=\"http:\/\/sp1.kielce.eu\/wp-content\/uploads\/2020\/04\/IMG_20200406_112250-Medium.jpg\" alt=\"\" data-id=\"11968\" data-link=\"http:\/\/sp1.kielce.eu\/?attachment_id=11968\" class=\"wp-image-11968\" srcset=\"https:\/\/sp1.kielce.eu\/wp-content\/uploads\/2020\/04\/IMG_20200406_112250-Medium.jpg 1024w, https:\/\/sp1.kielce.eu\/wp-content\/uploads\/2020\/04\/IMG_20200406_112250-Medium-300x225.jpg 300w, https:\/\/sp1.kielce.eu\/wp-content\/uploads\/2020\/04\/IMG_20200406_112250-Medium-768x576.jpg 768w, https:\/\/sp1.kielce.eu\/wp-content\/uploads\/2020\/04\/IMG_20200406_112250-Medium-820x615.jpg 820w\" sizes=\"auto, (max-width: 1024px) 100vw, 1024px\" \/><\/a><figcaption>2<\/figcaption><\/figure><\/li><li class=\"blocks-gallery-item\"><figure><a href=\"http:\/\/sp1.kielce.eu\/wp-content\/uploads\/2020\/04\/IMG_20200406_123330-Medium-675x900.jpg\"><img loading=\"lazy\" decoding=\"async\" width=\"675\" height=\"900\" src=\"http:\/\/sp1.kielce.eu\/wp-content\/uploads\/2020\/04\/IMG_20200406_123330-Medium-675x900.jpg\" alt=\"\" data-id=\"11969\" data-link=\"http:\/\/sp1.kielce.eu\/?attachment_id=11969\" class=\"wp-image-11969\" srcset=\"https:\/\/sp1.kielce.eu\/wp-content\/uploads\/2020\/04\/IMG_20200406_123330-Medium-675x900.jpg 675w, https:\/\/sp1.kielce.eu\/wp-content\/uploads\/2020\/04\/IMG_20200406_123330-Medium-225x300.jpg 225w, https:\/\/sp1.kielce.eu\/wp-content\/uploads\/2020\/04\/IMG_20200406_123330-Medium.jpg 768w\" sizes=\"auto, (max-width: 675px) 100vw, 675px\" \/><\/a><figcaption>3<\/figcaption><\/figure><\/li><\/ul>\n","protected":false},"excerpt":{"rendered":"<p>Wraz z zako\u0144czeniem Wielkiego Postu zako\u0144czy\u0142a si\u0119 w naszej szkole akcja charytatywna \u2013 &#8222;Koszyczek dla [&hellip;]<\/p>\n","protected":false},"author":5,"featured_media":11967,"comment_status":"closed","ping_status":"open","sticky":false,"template":"","format":"standard","meta":{"footnotes":""},"categories":[36],"tags":[],"class_list":["post-11966","post","type-post","status-publish","format-standard","has-post-thumbnail","hentry","category-wydarzenia"],"_links":{"self":[{"href":"https:\/\/sp1.kielce.eu\/index.php\/wp-json\/wp\/v2\/posts\/11966","targetHints":{"allow":["GET"]}}],"collection":[{"href":"https:\/\/sp1.kielce.eu\/index.php\/wp-json\/wp\/v2\/posts"}],"about":[{"href":"https:\/\/sp1.kielce.eu\/index.php\/wp-json\/wp\/v2\/types\/post"}],"author":[{"embeddable":true,"href":"https:\/\/sp1.kielce.eu\/index.php\/wp-json\/wp\/v2\/users\/5"}],"replies":[{"embeddable":true,"href":"https:\/\/sp1.kielce.eu\/index.php\/wp-json\/wp\/v2\/comments?post=11966"}],"version-history":[{"count":1,"href":"https:\/\/sp1.kielce.eu\/index.php\/wp-json\/wp\/v2\/posts\/11966\/revisions"}],"predecessor-version":[{"id":11970,"href":"https:\/\/sp1.kielce.eu\/index.php\/wp-json\/wp\/v2\/posts\/11966\/revisions\/11970"}],"wp:featuredmedia":[{"embeddable":true,"href":"https:\/\/sp1.kielce.eu\/index.php\/wp-json\/wp\/v2\/media\/11967"}],"wp:attachment":[{"href":"https:\/\/sp1.kielce.eu\/index.php\/wp-json\/wp\/v2\/media?parent=11966"}],"wp:term":[{"taxonomy":"category","embeddable":true,"href":"https:\/\/sp1.kielce.eu\/index.php\/wp-json\/wp\/v2\/categories?post=11966"},{"taxonomy":"post_tag","embeddable":true,"href":"https:\/\/sp1.kielce.eu\/index.php\/wp-json\/wp\/v2\/tags?post=11966"}],"curies":[{"name":"wp","href":"https:\/\/api.w.org\/{rel}","templated":true}]}}