{"id":11881,"date":"2020-04-06T15:23:39","date_gmt":"2020-04-06T13:23:39","guid":{"rendered":"http:\/\/sp1.kielce.eu\/?p=11881"},"modified":"2020-04-06T15:23:39","modified_gmt":"2020-04-06T13:23:39","slug":"7-kwietnia-swiatowy-dzien-zdrowia-i-dzien-pracownika-sluzby-zdrowia","status":"publish","type":"post","link":"https:\/\/sp1.kielce.eu\/index.php\/2020\/04\/06\/7-kwietnia-swiatowy-dzien-zdrowia-i-dzien-pracownika-sluzby-zdrowia\/","title":{"rendered":"7 KWIETNIA \u2013 \u015aWIATOWY DZIE\u0143 ZDROWIA i DZIE\u0143 PRACOWNIKA S\u0141U\u017bBY ZDROWIA"},"content":{"rendered":"\n<p style=\"text-align:center\"><strong>\u201e\u017byczenia dla pracownik\u00f3w s\u0142u\u017cby zdrowia\u201d<\/strong><\/p>\n\n\n\n<p><strong>Wszyscy\nwiemy jak wa\u017cn\u0105 rol\u0119 pe\u0142ni\u0105 pracownicy s\u0142u\u017cby zdrowia. W&nbsp;obecnym czasie\nich dzia\u0142ania \u2013 wysi\u0142ek wk\u0142adany w&nbsp;walk\u0119 z&nbsp;epidemi\u0105 jest nieoceniony.\nW&nbsp;zwi\u0105zku z&nbsp;tym chcemy doceni\u0107 ich prac\u0119.<\/strong><\/p>\n\n\n\n<p>7 kwietnia (we wtorek) przypada Dzie\u0144 Pracownika S\u0142u\u017cby\nZdrowia. Z&nbsp;tej okazji Samorz\u0105d Uczniowski i&nbsp;pedagog szkolny proponuj\u0105\nakcj\u0119 \u201e\u017byczenia dla pracownik\u00f3w s\u0142u\u017cby zdrowia\u201d. <\/p>\n\n\n\n<p>Zach\u0119camy do napisania \u017cycze\u0144 lub podzi\u0119kowa\u0144 dla lekarzy, piel\u0119gniarek, ratownik\u00f3w medycznych i\u00a0innych przedstawicieli personelu medycznego oraz przes\u0142anie ich przez e-dziennik Librus do pedagoga szkolnego (Beata Smag\u00f3r) lub opiekuna SU (Renata Kozie\u0142) albo na poczt\u0119: <a href=\"mailto:pedagog@sp1.kielce.eu\">pedagog@sp1.kielce.eu<\/a> , <a href=\"mailto:renata.koziel@sp1.kielce.eu\">renata.koziel@sp1.kielce.eu<\/a> <\/p>\n\n\n\n<p>Wszystkie \u017cyczenia zamie\u015bcimy na naszej stronie internetowej\noraz facebooku, a&nbsp;je\u015bli nam si\u0119 uda to prze\u015blemy je dzi\u0119ki mediom samym\nadresatom.<\/p>\n\n\n\n<p>Wesprzyjmy Pracownik\u00f3w S\u0142u\u017cby Zdrowia<\/p>\n\n\n\n<p style=\"text-align:right\">Renata Kozie\u0142 \u2013 opiekun SU<br>Beata Smag\u00f3r \u2013 pedagog szkolny<\/p>\n","protected":false},"excerpt":{"rendered":"<p>\u201e\u017byczenia dla pracownik\u00f3w s\u0142u\u017cby zdrowia\u201d Wszyscy wiemy jak wa\u017cn\u0105 rol\u0119 pe\u0142ni\u0105 pracownicy s\u0142u\u017cby zdrowia. W&nbsp;obecnym [&hellip;]<\/p>\n","protected":false},"author":13,"featured_media":11882,"comment_status":"closed","ping_status":"open","sticky":false,"template":"","format":"standard","meta":{"footnotes":""},"categories":[1,170,18],"tags":[],"class_list":["post-11881","post","type-post","status-publish","format-standard","has-post-thumbnail","hentry","category-bez-kategorii","category-msu","category-samorzad-uczniowoski"],"_links":{"self":[{"href":"https:\/\/sp1.kielce.eu\/index.php\/wp-json\/wp\/v2\/posts\/11881","targetHints":{"allow":["GET"]}}],"collection":[{"href":"https:\/\/sp1.kielce.eu\/index.php\/wp-json\/wp\/v2\/posts"}],"about":[{"href":"https:\/\/sp1.kielce.eu\/index.php\/wp-json\/wp\/v2\/types\/post"}],"author":[{"embeddable":true,"href":"https:\/\/sp1.kielce.eu\/index.php\/wp-json\/wp\/v2\/users\/13"}],"replies":[{"embeddable":true,"href":"https:\/\/sp1.kielce.eu\/index.php\/wp-json\/wp\/v2\/comments?post=11881"}],"version-history":[{"count":1,"href":"https:\/\/sp1.kielce.eu\/index.php\/wp-json\/wp\/v2\/posts\/11881\/revisions"}],"predecessor-version":[{"id":11883,"href":"https:\/\/sp1.kielce.eu\/index.php\/wp-json\/wp\/v2\/posts\/11881\/revisions\/11883"}],"wp:featuredmedia":[{"embeddable":true,"href":"https:\/\/sp1.kielce.eu\/index.php\/wp-json\/wp\/v2\/media\/11882"}],"wp:attachment":[{"href":"https:\/\/sp1.kielce.eu\/index.php\/wp-json\/wp\/v2\/media?parent=11881"}],"wp:term":[{"taxonomy":"category","embeddable":true,"href":"https:\/\/sp1.kielce.eu\/index.php\/wp-json\/wp\/v2\/categories?post=11881"},{"taxonomy":"post_tag","embeddable":true,"href":"https:\/\/sp1.kielce.eu\/index.php\/wp-json\/wp\/v2\/tags?post=11881"}],"curies":[{"name":"wp","href":"https:\/\/api.w.org\/{rel}","templated":true}]}}